{"id":113597,"date":"2017-09-29T19:01:15","date_gmt":"2017-09-29T17:01:15","guid":{"rendered":"https:\/\/www.ifun.de\/?p=113597"},"modified":"2017-09-29T19:01:30","modified_gmt":"2017-09-29T17:01:30","slug":"brancheninsider-apple-will-eigene-macbook-prozessoren-fertigen","status":"publish","type":"post","link":"https:\/\/www.ifun.de\/brancheninsider-apple-will-eigene-macbook-prozessoren-fertigen-113597\/","title":{"rendered":"Brancheninsider: Apple will eigene MacBook-Prozessoren fertigen"},"content":{"rendered":"<p>Spekulationen dahingehend, dass Apple eigene Prozessoren f\u00fcr Mac-Computer entwickeln will, begleiten uns schon lange Zeit. <a href=\"https:\/\/asia.nikkei.com\/Business\/Companies\/Apple-A-semiconductor-superpower-in-the-making?page=2\">Berichten<\/a> von asiatischen Brancheninsidern zufolge unternimmt das Unternehmen derzeit allerdings verst\u00e4rkt Anstrengungen in dieser Richtung.<\/p>\n<p><a href=\"https:\/\/images.ifun.de\/wp-content\/uploads\/2017\/09\/apple-a11-bionic-prozessor.jpg\"><img loading=\"lazy\" decoding=\"async\" src=\"https:\/\/images.ifun.de\/wp-content\/uploads\/2017\/09\/apple-a11-bionic-prozessor.jpg\" alt=\"Apple A11 Bionic Prozessor\" width=\"500\" height=\"449\" class=\"alignnone size-full wp-image-113601\" srcset=\"https:\/\/images.ifun.de\/wp-content\/uploads\/2017\/09\/apple-a11-bionic-prozessor.jpg 500w, https:\/\/images.ifun.de\/wp-content\/uploads\/2017\/09\/apple-a11-bionic-prozessor-300x269.jpg 300w\" sizes=\"auto, (max-width: 500px) 100vw, 500px\" \/><\/a><\/p>\n<p>Apple sei konkret daran interessiert, eigene MacBook-Prozessoren zu entwickeln. Eine Eigenentwicklung in diesem Bereich w\u00fcrde nicht nur eine bessere Abstimmung zwischen Hard- und Software erm\u00f6glichen, sondern Apple k\u00f6nnte sich damit auch von der Abh\u00e4ngigkeit zu Intel l\u00f6sen. Dies w\u00fcrde nicht zuletzt auch f\u00fcr mehr Planungssicherheit sorgen und uns Meldungen wie <a href=\"https:\/\/www.ifun.de\/macbook-pro-mit-32-gb-ram-kommt-womoeglich-nicht-vor-ende-2018-113200\/\" title=\"MacBook Pro mit 32 GB RAM kommt wom\u00f6glich nicht vor Ende 2018\">diese<\/a> vielleicht k\u00fcnftig ersparen.<\/p>\n<p>Apple hat mit der Produktion von eigenen Prozessoren f\u00fcr iOS-Ger\u00e4te hervorragende Erfahrungen gemacht. Nat\u00fcrlich w\u00fcrde es sich anbieten, die effizienten ARM-Prozessoren auch in Notebooks zu verbauen, allerdings ist dies eine durchaus anspruchsvolle Aufgabe und es w\u00fcrde doch \u00fcberraschen, wenn Apple hier zeitnah mit einer L\u00f6sung zur Stelle w\u00e4re. Neben CPUs soll Apple auch \u00fcber die Fertigung eigener Modem-Chips nachdenken, auch hier geht es um die Unabh\u00e4ngigkeit von Lieferanten wie etwa Qualcomm, mit dem Apple derzeit zudem in Lizenzstreitigkeiten verstrickt ist.<\/p>\n<p>F\u00fcr Unruhe in Branchenkreisen sorgen derartige Berichte allemal. Apple ist einer der gr\u00f6\u00dften Abnehmer f\u00fcr entsprechende Bauteile und der Verlust eines Kunden in dieser Preisklasse w\u00fcrde gro\u00dfe L\u00f6cher in die Auftragsb\u00fccher der Lieferanten rei\u00dfen.<\/p>\n","protected":false},"excerpt":{"rendered":"<a href=\"https:\/\/www.ifun.de\/brancheninsider-apple-will-eigene-macbook-prozessoren-fertigen-113597\/\"><img width=\"150\" height=\"150\" src=\"https:\/\/images.ifun.de\/wp-content\/uploads\/2017\/09\/cpu-150x150.jpg\" class=\"alignright tfe wp-post-image\" alt=\"Cpu\" decoding=\"async\" loading=\"lazy\" \/><\/a><p>Spekulationen dahingehend, dass Apple eigene Prozessoren f\u00fcr Mac-Computer entwickeln will, begleiten uns schon lange Zeit. Berichten von asiatischen Brancheninsidern zufolge unternimmt das Unternehmen derzeit allerdings verst\u00e4rkt Anstrengungen in dieser Richtung. Apple sei konkret daran interessiert, eigene MacBook-Prozessoren zu entwickeln. Eine Eigenentwicklung in diesem Bereich w\u00fcrde nicht nur eine bessere Abstimmung zwischen Hard- und Software erm\u00f6glichen, [&hellip;]<\/p>\n","protected":false},"author":2,"featured_media":113600,"comment_status":"open","ping_status":"closed","sticky":false,"template":"","format":"standard","meta":{"_acf_changed":false,"footnotes":""},"categories":[1],"tags":[4736,1538,144,413],"class_list":["post-113597","post","type-post","status-publish","format-standard","has-post-thumbnail","hentry","category-news","tag-apple","tag-arm","tag-macbook","tag-prozessor"],"acf":[],"aioseo_notices":[],"subheadline":["Unabh\u00e4ngigkeit von Intel & Co."],"featured_image":["https:\/\/images.ifun.de\/wp-content\/uploads\/2017\/09\/cpu.jpg"],"rest_api_enabler":{"subheadline":"Unabh\u00e4ngigkeit von Intel & Co.","featured_image":"https:\/\/images.ifun.de\/wp-content\/uploads\/2017\/09\/cpu.jpg"},"_links":{"self":[{"href":"https:\/\/www.ifun.de\/apiv2\/wp\/v2\/posts\/113597","targetHints":{"allow":["GET"]}}],"collection":[{"href":"https:\/\/www.ifun.de\/apiv2\/wp\/v2\/posts"}],"about":[{"href":"https:\/\/www.ifun.de\/apiv2\/wp\/v2\/types\/post"}],"author":[{"embeddable":true,"href":"https:\/\/www.ifun.de\/apiv2\/wp\/v2\/users\/2"}],"replies":[{"embeddable":true,"href":"https:\/\/www.ifun.de\/apiv2\/wp\/v2\/comments?post=113597"}],"version-history":[{"count":4,"href":"https:\/\/www.ifun.de\/apiv2\/wp\/v2\/posts\/113597\/revisions"}],"predecessor-version":[{"id":113603,"href":"https:\/\/www.ifun.de\/apiv2\/wp\/v2\/posts\/113597\/revisions\/113603"}],"wp:featuredmedia":[{"embeddable":true,"href":"https:\/\/www.ifun.de\/apiv2\/wp\/v2\/media\/113600"}],"wp:attachment":[{"href":"https:\/\/www.ifun.de\/apiv2\/wp\/v2\/media?parent=113597"}],"wp:term":[{"taxonomy":"category","embeddable":true,"href":"https:\/\/www.ifun.de\/apiv2\/wp\/v2\/categories?post=113597"},{"taxonomy":"post_tag","embeddable":true,"href":"https:\/\/www.ifun.de\/apiv2\/wp\/v2\/tags?post=113597"}],"curies":[{"name":"wp","href":"https:\/\/api.w.org\/{rel}","templated":true}]}}