{"id":113388,"date":"2017-09-26T10:40:12","date_gmt":"2017-09-26T08:40:12","guid":{"rendered":"https:\/\/www.ifun.de\/?p=113388"},"modified":"2017-09-26T10:40:19","modified_gmt":"2017-09-26T08:40:19","slug":"prime-video-apple-tv-app-soll-am-28-september-starten","status":"publish","type":"post","link":"https:\/\/www.ifun.de\/prime-video-apple-tv-app-soll-am-28-september-starten-113388\/","title":{"rendered":"Prime Video: Apple TV-App soll am 28. September starten"},"content":{"rendered":"<p>Wir warten ja gef\u00fchlt schon seit Jahren auf eine Amazon-Video-App f\u00fcr Apple TV &#8211; seit der vergangenen Entwickler-Konferenz Apples steht zumindest fest, dass diese noch im laufenden Jahr ver\u00f6ffentlicht werden soll.<\/p>\n<p><a href=\"https:\/\/images.ifun.de\/wp-content\/uploads\/2017\/05\/amazon-video-apple-tv-tim-cook.jpg\"><img loading=\"lazy\" decoding=\"async\" class=\"alignnone size-full wp-image-107383\" src=\"https:\/\/images.ifun.de\/wp-content\/uploads\/2017\/05\/amazon-video-apple-tv-tim-cook.jpg\" alt=\"Amazon Video Apple Tv Tim Cook\" width=\"500\" height=\"311\" srcset=\"https:\/\/images.ifun.de\/wp-content\/uploads\/2017\/05\/amazon-video-apple-tv-tim-cook.jpg 500w, https:\/\/images.ifun.de\/wp-content\/uploads\/2017\/05\/amazon-video-apple-tv-tim-cook-300x187.jpg 300w\" sizes=\"auto, (max-width: 500px) 100vw, 500px\" \/><\/a><\/p>\n<p>Apple TV und das zugrundeliegende Betriebssystem tvOS fanden im Rahmen der Er\u00f6ffnungsveranstaltung zur WWDC 2017 nur kurz Erw\u00e4hnung. Highlight des 80-Sekunden-Auftritts war die Ank\u00fcndigung der Amazon Prime Video f\u00fcr Apple TV.<\/p>\n<p>Die Ansage damals: Die Amazon-App soll \u201esp\u00e4ter in diesem Jahr\u201c offenbar nicht nur f\u00fcr Apple TV 4, sondern auch f\u00fcr die zweite und dritte Generation der Set-Top-Box erscheinen. Amazon best\u00e4tigte dies explizit und teilte zudem mit, dass die App von Beginn an weltweit verf\u00fcgbar sein wird. Die Bezeichnung \u201ePrime Video\u201c legt allerdings nahe, dass \u00fcber die App ausschlie\u00dflich auf Prime-Inhalte zugegriffen werden kann, nicht auf die Kaufinhalte von Amazon Video.<\/p>\n<p><a href=\"https:\/\/images.ifun.de\/wp-content\/uploads\/2017\/09\/nfl-amazon.png\"><img loading=\"lazy\" decoding=\"async\" src=\"https:\/\/images.ifun.de\/wp-content\/uploads\/2017\/09\/nfl-amazon.png\" alt=\"Nfl Amazon\" width=\"1024\" height=\"522\" class=\"aligncenter size-full wp-image-113390\" srcset=\"https:\/\/images.ifun.de\/wp-content\/uploads\/2017\/09\/nfl-amazon.png 1024w, https:\/\/images.ifun.de\/wp-content\/uploads\/2017\/09\/nfl-amazon-300x153.png 300w, https:\/\/images.ifun.de\/wp-content\/uploads\/2017\/09\/nfl-amazon-768x392.png 768w\" sizes=\"auto, (max-width: 1024px) 100vw, 1024px\" \/><\/a><\/p>\n<h2>Apple TV-App soll am 28. September starten<\/h2>\n<p>Nun hat sich der Blogger Brad Gibson auf seiner Webseite &#8222;BESTAppleTV&#8220; zu Wort <a href=\"https:\/\/www.bestappletv.com\/news\/sources-amazon-video-app-debut-near-maybe-on-heels-of-nfl-thur-game\/\">gemeldet<\/a> und wirft einen ersten Termin in den Ring. Unter Verweis auf &#8222;Quellen, die mit dem aktuellen Entwicklungsstand vertraut sind&#8220; schreibt Gibson, dass Amazon den Start der NFL-\u00dcbertragungen am 28. September zum Anlass nehmen wird, die Apple TV-Anwendung bereitzustellen. <\/p>\n<p>Die Entwicklungsarbeiten an der App seien bereits abgeschlossen, Apples Zulassungsteam h\u00e4tte die App Store-Freigabe zudem schon erteilt. <\/p>\n<blockquote><p>Sources with knowledge of development and testing report the app is \u201ccomplete\u201d and Apple\u2019s quality control team has signed off on its release. \u201cThe app is \u2018good as gold\u2019,\u201d one source said who asked not to be named for confidentiality reasons. \u201cThe app is going through various final testing.\u201d\n<\/p><\/blockquote>\n","protected":false},"excerpt":{"rendered":"<a href=\"https:\/\/www.ifun.de\/prime-video-apple-tv-app-soll-am-28-september-starten-113388\/\"><img width=\"150\" height=\"150\" src=\"https:\/\/images.ifun.de\/wp-content\/uploads\/2017\/09\/nfl-amazon-150x150.png\" class=\"alignright tfe wp-post-image\" alt=\"Nfl Amazon\" decoding=\"async\" loading=\"lazy\" \/><\/a><p>Wir warten ja gef\u00fchlt schon seit Jahren auf eine Amazon-Video-App f\u00fcr Apple TV &#8211; seit der vergangenen Entwickler-Konferenz Apples steht zumindest fest, dass diese noch im laufenden Jahr ver\u00f6ffentlicht werden soll. Apple TV und das zugrundeliegende Betriebssystem tvOS fanden im Rahmen der Er\u00f6ffnungsveranstaltung zur WWDC 2017 nur kurz Erw\u00e4hnung. Highlight des 80-Sekunden-Auftritts war die Ank\u00fcndigung [&hellip;]<\/p>\n","protected":false},"author":1,"featured_media":113390,"comment_status":"open","ping_status":"closed","sticky":false,"template":"","format":"standard","meta":{"_acf_changed":false,"footnotes":""},"categories":[20],"tags":[53,2689,26],"class_list":["post-113388","post","type-post","status-publish","format-standard","has-post-thumbnail","hentry","category-videos","tag-amazon","tag-amazon-prime","tag-apple-tv"],"acf":[],"aioseo_notices":[],"featured_image":["https:\/\/images.ifun.de\/wp-content\/uploads\/2017\/05\/amazon-video-apple-tv.jpg"],"subheadline":["Noch unbest\u00e4tigt"],"rest_api_enabler":{"featured_image":"https:\/\/images.ifun.de\/wp-content\/uploads\/2017\/05\/amazon-video-apple-tv.jpg","subheadline":"Noch unbest\u00e4tigt"},"_links":{"self":[{"href":"https:\/\/www.ifun.de\/apiv2\/wp\/v2\/posts\/113388","targetHints":{"allow":["GET"]}}],"collection":[{"href":"https:\/\/www.ifun.de\/apiv2\/wp\/v2\/posts"}],"about":[{"href":"https:\/\/www.ifun.de\/apiv2\/wp\/v2\/types\/post"}],"author":[{"embeddable":true,"href":"https:\/\/www.ifun.de\/apiv2\/wp\/v2\/users\/1"}],"replies":[{"embeddable":true,"href":"https:\/\/www.ifun.de\/apiv2\/wp\/v2\/comments?post=113388"}],"version-history":[{"count":2,"href":"https:\/\/www.ifun.de\/apiv2\/wp\/v2\/posts\/113388\/revisions"}],"predecessor-version":[{"id":113391,"href":"https:\/\/www.ifun.de\/apiv2\/wp\/v2\/posts\/113388\/revisions\/113391"}],"wp:featuredmedia":[{"embeddable":true,"href":"https:\/\/www.ifun.de\/apiv2\/wp\/v2\/media\/113390"}],"wp:attachment":[{"href":"https:\/\/www.ifun.de\/apiv2\/wp\/v2\/media?parent=113388"}],"wp:term":[{"taxonomy":"category","embeddable":true,"href":"https:\/\/www.ifun.de\/apiv2\/wp\/v2\/categories?post=113388"},{"taxonomy":"post_tag","embeddable":true,"href":"https:\/\/www.ifun.de\/apiv2\/wp\/v2\/tags?post=113388"}],"curies":[{"name":"wp","href":"https:\/\/api.w.org\/{rel}","templated":true}]}}