{"id":113280,"date":"2017-09-22T17:31:03","date_gmt":"2017-09-22T15:31:03","guid":{"rendered":"https:\/\/www.ifun.de\/?p=113280"},"modified":"2017-09-22T17:32:02","modified_gmt":"2017-09-22T15:32:02","slug":"calendar-366-neue-kalenderfamilie-fuer-mac-iphone-ipad-und-watch","status":"publish","type":"post","link":"https:\/\/www.ifun.de\/calendar-366-neue-kalenderfamilie-fuer-mac-iphone-ipad-und-watch-113280\/","title":{"rendered":"Calendar 366: Neue Kalenderfamilie f\u00fcr Mac, iPhone, iPad und Watch"},"content":{"rendered":"<p>Der Berliner Entwickler Vincent Miethe hat seine, zuletzt im M\u00e4rz 2016 von uns ber\u00fccksichtigte Kalender-Applikation f\u00fcr die Mac-Men\u00fcleiste, den <a href=\"https:\/\/nspektor.com\/de\/calendar366\/mac\">Calendar 366<\/a>, komplett \u00fcberarbeitet und bietet seinen Terminplaner jetzt in Version 2.0 f\u00fcr fast alle Apple-Plattformen an.<\/p>\n<p><a href=\"https:\/\/images.ifun.de\/wp-content\/uploads\/2017\/09\/family.jpg\"><img decoding=\"async\" src=\"https:\/\/images.ifun.de\/wp-content\/uploads\/2017\/09\/family.jpg\" alt=\"Family\" width=\"500\" class=\"aligncenter size-full wp-image-113282\" srcset=\"https:\/\/images.ifun.de\/wp-content\/uploads\/2017\/09\/family.jpg 1000w, https:\/\/images.ifun.de\/wp-content\/uploads\/2017\/09\/family-300x208.jpg 300w, https:\/\/images.ifun.de\/wp-content\/uploads\/2017\/09\/family-768x531.jpg 768w\" sizes=\"(max-width: 1000px) 100vw, 1000px\" \/><\/a><\/p>\n<p>Flankiert wird der Fantastical-Konkurrent von einer iOS-Applikation f\u00fcr iPhone, Apple Watch und iPad. Wir haben uns die beiden Neuver\u00f6ffenlichungen gerade installiert und sind ganz angetan. Sofort ersetzen werden wir unser momentan favorisiertes Doppel aus <a href=\"https:\/\/www.ifun.de\/itsycal-freier-menueleisten-kalender-fuehrt-dunkle-oberflaeche-ein-109403\/\">Itsycal<\/a> (f\u00fcr den Mac) und <a rel=\"noindex, nofollow\" href=\"http:\/\/www.ifun.de\/app\/697927927\">Calendars 5<\/a> (f\u00fcr iOS) allerdings nicht. <\/p>\n<p>Auf dem Mac startet Calendar 366 als Men\u00fcleisten-App, die standardm\u00e4\u00dfig durch ein farbiges Icon auff\u00e4llt, dieses l\u00e4sst sich gl\u00fccklicherweise jedoch auch schwarz-wei\u00df anzeigen und nach belieben so konfigurieren, dass neben dem Icon etwa auch die aktuelle Zeit, der Wochentag oder das komplett ausgeschriebene Datum stehen. <\/p>\n<p>Und eben jene Konfigurationsfreiheit zieht sich durch die ganze App. Nach dem Start k\u00f6nnt ihr zwischen sieben unterscheidlichen farbig gestalteten Themes w\u00e4hlen, festlegen ob der Kalender in eine Jahres-, Monats-, Wochen- oder Tagesansicht startet, ob die bevorstehenden Termine als Liste oder im Kalenderblatt angezeigt werden sollen. <\/p>\n<p><a href=\"https:\/\/images.ifun.de\/wp-content\/uploads\/2017\/09\/light.jpg\"><img loading=\"lazy\" decoding=\"async\" src=\"https:\/\/images.ifun.de\/wp-content\/uploads\/2017\/09\/light.jpg\" alt=\"Light\" width=\"1400\" height=\"875\" class=\"aligncenter size-full wp-image-113284\" srcset=\"https:\/\/images.ifun.de\/wp-content\/uploads\/2017\/09\/light.jpg 1400w, https:\/\/images.ifun.de\/wp-content\/uploads\/2017\/09\/light-300x188.jpg 300w, https:\/\/images.ifun.de\/wp-content\/uploads\/2017\/09\/light-768x480.jpg 768w, https:\/\/images.ifun.de\/wp-content\/uploads\/2017\/09\/light-1024x640.jpg 1024w\" sizes=\"auto, (max-width: 1400px) 100vw, 1400px\" \/><\/a><\/p>\n<p>Calendar 366 versteht sich auf Einladungen, verwaltet Anh\u00e4nge (die sich via iCloud synchronisieren lassen), gestattet das Setzen von komplexen Wiederholungsregeln und kann mit Zeitzonen umgehen. <\/p>\n<p>Die App liest und beschreibt dabei die Systemkalender und bietet keine eigene Account-Verwaltung an. <\/p>\n<blockquote><p>Die iOS-Applikation erinnert uns, vor allem in der Monatsanssicht, sehr an Calendars 5 und bewirbt ebenfalls ihr Verst\u00e4ndnis f\u00fcr nat\u00fcrliche Sprache: Erstelle Deine Termine durch nat\u00fcrliche Texteingabe, z.B.: &#8222;Meeting morgen 10:30-12:00, Alexanderplatz \/Arbeit&#8220;, oder &#8222;Saunatag! n\u00e4chsten Sonntag 3:00 -360&#8220;, oder einfach &#8222;Zeit zum Zeitunglesen&#8220; \u2013 Hauptsache Du machst es so, wie\u2019s Dir gef\u00e4llt. Termine und Erinnerungen k\u00f6nnen leicht gefunden, ver\u00e4ndert, wiederholt oder beendet werden. Anh\u00e4nge angeh\u00e4ngt, Links und Notizen hinzugef\u00fcgt werden. <\/p><\/blockquote>\n<p>Auch auf Mobilger\u00e4ten bietet Calendar 366 sieben unterschiedliche Ansichten an, l\u00e4uft auf der Apple Watch und kommt mit der Drand-and-Drop-Funktion aus iOS 11 klar. <\/p>\n<p><a href=\"https:\/\/images.ifun.de\/wp-content\/uploads\/2017\/09\/ipad-iphone-1.jpg\"><img loading=\"lazy\" decoding=\"async\" src=\"https:\/\/images.ifun.de\/wp-content\/uploads\/2017\/09\/ipad-iphone-1.jpg\" alt=\"Ipad Iphone\" width=\"1400\" height=\"722\" class=\"aligncenter size-full wp-image-113285\" srcset=\"https:\/\/images.ifun.de\/wp-content\/uploads\/2017\/09\/ipad-iphone-1.jpg 1400w, https:\/\/images.ifun.de\/wp-content\/uploads\/2017\/09\/ipad-iphone-1-300x155.jpg 300w, https:\/\/images.ifun.de\/wp-content\/uploads\/2017\/09\/ipad-iphone-1-768x396.jpg 768w, https:\/\/images.ifun.de\/wp-content\/uploads\/2017\/09\/ipad-iphone-1-1024x528.jpg 1024w\" sizes=\"auto, (max-width: 1400px) 100vw, 1400px\" \/><\/a><\/p>\n<h2>30-Tage-Testversion steht zum Download bereit<\/h2>\n<p>Kurz: Das App-Doppel ist ambitioniert, fair bepreist und bereits in der jetzt vorliegenden Erstausgabe sehr brauchbar. Die Einstellungen k\u00f6nnten jedoch etwas aufger\u00e4umter und ein wenig ansprechender pr\u00e4sentiert werden. In der Mac-Men\u00fcleiste ist uns die \u00dcbersicht im Gegensatz zu Itsycal auch etwas zu wuchtig. Ansonsten Top. <\/p>\n<p>Auf dem Mac k\u00f6nnt ihr alle Funktionen und Ansichten der App ohne Risiko 30 Tage ausprobieren. Eine Demo steht dazu <a href=\"https:\/\/nspektor.com\/de\/calendar366\/mac\">auf der Entwickler-Webseite<\/a> bereit. Gef\u00e4llt das Angebot, kostet Calendar 366 einmalig 11 Euro bzw. 5,50 Euro f\u00fcr Mobilger\u00e4te. <\/p>\n<!-- WP-Appbox (Version: 4.5.12 \/\/ Store: appstore \/\/ ID: 1265895169) -->\t<!-- app-link -->\n\t<div id=\"article-single-app-preview\">\n\t\t<div id=\"article-single-app-preview-header\">\n\t\t\t<span class=\"title\">Laden im App Store<\/span>\n\t\t<\/div>\n\t\t<div id=\"article-single-app-preview-content\">\n\t\t\t<div id=\"article-single-app-preview-img\"><img loading=\"lazy\" decoding=\"async\" src=\"\/\/is1-ssl.mzstatic.com\/image\/thumb\/Purple211\/v4\/37\/58\/56\/3758564b-9edb-71a6-7756-f46d7a0d8860\/AppIcon-0-0-85-220-0-5-0-2x.png\/200x200ib-75.png\" alt=\"Calendar 366 II\"  height=\"72\" width=\"72\" class=\"asl-icon-img\" \/><\/div>\n\t\t\t<div id=\"article-single-app-preview-desc\">\n\t\t\t\t<span class=\"name\">Calendar 366 II<\/span><br \/>\n\t\t\t\t<span class=\"seller\">Entwickler: <a target=\"_blank\" rel=\"nofollow\" href=\"https:\/\/apps.apple.com\/de\/developer\/vincent-miethe\/id928053823\">Vincent Miethe<\/a><\/span>\n\t\t\t<\/div>\n\t\t\t<a target=\"_blank\" rel=\"nofollow\" href=\"https:\/\/apps.apple.com\/de\/app\/calendar-366-ii\/id1265895169?mt=12\"><div id=\"article-single-app-preview-download\">Preis: 14,99\u00a0\u20ac<br \/>\n\t\t\t<span class=\"size\">Laden<\/span><\/div><\/a>\n\t\t<\/div>\n\t\t<!-- <div id=\"article-single-app-preview-footer\"><\/div>\t-->\n\t<\/div>\n\t<!-- app-link\/ende --><!-- \/WP-Appbox -->\n<!-- WP-Appbox (Version: 4.5.12 \/\/ Store: appstore \/\/ ID: 1265892516) -->\t<!-- app-link -->\n\t<div id=\"article-single-app-preview\">\n\t\t<div id=\"article-single-app-preview-header\">\n\t\t\t<span class=\"title\">Laden im App Store<\/span>\n\t\t<\/div>\n\t\t<div id=\"article-single-app-preview-content\">\n\t\t\t<div id=\"article-single-app-preview-img\"><img loading=\"lazy\" decoding=\"async\" src=\"\/\/is1-ssl.mzstatic.com\/image\/thumb\/Purple211\/v4\/ef\/95\/19\/ef9519bf-3955-eee8-66be-4113c06caae2\/AppIcon-0-0-1x_U007epad-0-1-85-220.png\/200x200ia-75.png\" alt=\"Calendar 366: Termine & To-Dos\"  height=\"72\" width=\"72\" class=\"asl-icon-img\" \/><\/div>\n\t\t\t<div id=\"article-single-app-preview-desc\">\n\t\t\t\t<span class=\"name\">Calendar 366: Termine & To-Dos<\/span><br \/>\n\t\t\t\t<span class=\"seller\">Entwickler: <a target=\"_blank\" rel=\"nofollow\" href=\"https:\/\/apps.apple.com\/de\/developer\/vincent-miethe\/id928053823\">Vincent Miethe<\/a><\/span>\n\t\t\t<\/div>\n\t\t\t<a target=\"_blank\" rel=\"nofollow\" href=\"https:\/\/apps.apple.com\/de\/app\/calendar-366-termine-to-dos\/id1265892516\"><div id=\"article-single-app-preview-download\">Preis: 9,99\u00a0\u20ac<br \/>\n\t\t\t<span class=\"size\">Laden<\/span><\/div><\/a>\n\t\t<\/div>\n\t\t<!-- <div id=\"article-single-app-preview-footer\"><\/div>\t-->\n\t<\/div>\n\t<!-- app-link\/ende --><!-- \/WP-Appbox -->\n","protected":false},"excerpt":{"rendered":"<a href=\"https:\/\/www.ifun.de\/calendar-366-neue-kalenderfamilie-fuer-mac-iphone-ipad-und-watch-113280\/\"><img width=\"150\" height=\"150\" src=\"https:\/\/images.ifun.de\/wp-content\/uploads\/2017\/09\/ipad-iphone-1-150x150.jpg\" class=\"alignright tfe wp-post-image\" alt=\"Ipad Iphone\" decoding=\"async\" loading=\"lazy\" \/><\/a><p>Der Berliner Entwickler Vincent Miethe hat seine, zuletzt im M\u00e4rz 2016 von uns ber\u00fccksichtigte Kalender-Applikation f\u00fcr die Mac-Men\u00fcleiste, den Calendar 366, komplett \u00fcberarbeitet und bietet seinen Terminplaner jetzt in Version 2.0 f\u00fcr fast alle Apple-Plattformen an. Flankiert wird der Fantastical-Konkurrent von einer iOS-Applikation f\u00fcr iPhone, Apple Watch und iPad. Wir haben uns die beiden Neuver\u00f6ffenlichungen [&hellip;]<\/p>\n","protected":false},"author":1,"featured_media":113285,"comment_status":"open","ping_status":"closed","sticky":false,"template":"","format":"standard","meta":{"_acf_changed":false,"footnotes":""},"categories":[5],"tags":[4737,4740,4741,151,6321,2051],"class_list":["post-113280","post","type-post","status-publish","format-standard","has-post-thumbnail","hentry","category-apps","tag-apps","tag-ipad","tag-iphone","tag-kalender","tag-mac","tag-menueleiste"],"acf":[],"aioseo_notices":[],"subheadline":["Komplett konfigurierbar"],"featured_image":["https:\/\/images.ifun.de\/wp-content\/uploads\/2017\/09\/calendars-366.jpg"],"rest_api_enabler":{"subheadline":"Komplett konfigurierbar","featured_image":"https:\/\/images.ifun.de\/wp-content\/uploads\/2017\/09\/calendars-366.jpg"},"_links":{"self":[{"href":"https:\/\/www.ifun.de\/apiv2\/wp\/v2\/posts\/113280","targetHints":{"allow":["GET"]}}],"collection":[{"href":"https:\/\/www.ifun.de\/apiv2\/wp\/v2\/posts"}],"about":[{"href":"https:\/\/www.ifun.de\/apiv2\/wp\/v2\/types\/post"}],"author":[{"embeddable":true,"href":"https:\/\/www.ifun.de\/apiv2\/wp\/v2\/users\/1"}],"replies":[{"embeddable":true,"href":"https:\/\/www.ifun.de\/apiv2\/wp\/v2\/comments?post=113280"}],"version-history":[{"count":3,"href":"https:\/\/www.ifun.de\/apiv2\/wp\/v2\/posts\/113280\/revisions"}],"predecessor-version":[{"id":113288,"href":"https:\/\/www.ifun.de\/apiv2\/wp\/v2\/posts\/113280\/revisions\/113288"}],"wp:featuredmedia":[{"embeddable":true,"href":"https:\/\/www.ifun.de\/apiv2\/wp\/v2\/media\/113285"}],"wp:attachment":[{"href":"https:\/\/www.ifun.de\/apiv2\/wp\/v2\/media?parent=113280"}],"wp:term":[{"taxonomy":"category","embeddable":true,"href":"https:\/\/www.ifun.de\/apiv2\/wp\/v2\/categories?post=113280"},{"taxonomy":"post_tag","embeddable":true,"href":"https:\/\/www.ifun.de\/apiv2\/wp\/v2\/tags?post=113280"}],"curies":[{"name":"wp","href":"https:\/\/api.w.org\/{rel}","templated":true}]}}