{"id":112523,"date":"2017-09-05T06:45:36","date_gmt":"2017-09-05T04:45:36","guid":{"rendered":"https:\/\/www.ifun.de\/?p=112523"},"modified":"2017-09-05T13:07:03","modified_gmt":"2017-09-05T11:07:03","slug":"apple-streicht-das-itunes-festival","status":"publish","type":"post","link":"https:\/\/www.ifun.de\/apple-streicht-das-itunes-festival-112523\/","title":{"rendered":"Apple streicht das &#8222;iTunes Festival&#8220;"},"content":{"rendered":"<p>In diesem Jahr wird es kein <a href=\"https:\/\/www.applemusicfestival.com\/de-de\">Apple Music Festival<\/a> geben. Dies hat Apple gegen\u00fcber dem Branchenmagazin <a href=\"https:\/\/www.musicbusinessworldwide.com\/apple-axes-annual-apple-music-festival-london-10-years\/\">MusicBusiness<\/a> best\u00e4tigt, die ausbleibende Ank\u00fcndigung der normalerweise im September laufenden Veranstaltung lie\u00df dergleichen allerdings schon vermuten.<\/p>\n<p><a href=\"https:\/\/images.ifun.de\/wp-content\/uploads\/2017\/09\/itunes-festival-berlin-1.jpg\"><img loading=\"lazy\" decoding=\"async\" src=\"https:\/\/images.ifun.de\/wp-content\/uploads\/2017\/09\/itunes-festival-berlin-1.jpg\" alt=\"Itunes Festival Berlin\" width=\"500\" height=\"300\" class=\"alignnone size-full wp-image-112537\" srcset=\"https:\/\/images.ifun.de\/wp-content\/uploads\/2017\/09\/itunes-festival-berlin-1.jpg 500w, https:\/\/images.ifun.de\/wp-content\/uploads\/2017\/09\/itunes-festival-berlin-1-300x180.jpg 300w\" sizes=\"auto, (max-width: 500px) 100vw, 500px\" \/><\/a><\/p>\n<p>Unter dem Titel \u201e<a href=\"http:\/\/www.ifun.de\/tag\/itunes-festival\/\" title=\"iTunes Festival\">iTunes Festival<\/a>\u201c hat Apple die Veranstaltungsreihe im Jahr 2007 in London ins Leben gerufen. Namhafte K\u00fcnstler und Bands gaben f\u00fcr Apple exklusive Konzerte im kleinen Rahmen, die Tickets f\u00fcr diese Shows konnten nicht gekauft, sondern nur bei Verlosungsaktionen gewonnen werden.<\/p>\n<p><h5>iTunes Festival 2008 auch in Berlin<\/h5>\n<p>Im Jahr 2008 fand das iTunes Festival vom 26. April an auch in Deutschland statt. Im Berliner Club Radialsystem traten damals unter anderem Ich + Ich, Hot Chip, Katie Melua, Revolverheld, Janine Jansen und Clueso auf. Beim Auftakt des iTunes Festival im Jahr davor hatte Apple auch auch eine deutsche Band eingeladen. Wir sind Helden traten damals in famili\u00e4rem Rahmen im Londoner Institute of Contemporary Arts auf.<\/p>\n<p><a href=\"https:\/\/images.ifun.de\/wp-content\/uploads\/2017\/09\/itunes-festival-2011-moby.jpg\"><img loading=\"lazy\" decoding=\"async\" src=\"https:\/\/images.ifun.de\/wp-content\/uploads\/2017\/09\/itunes-festival-2011-moby.jpg\" alt=\"Itunes Festival 2011 Moby\" width=\"700\" height=\"390\" class=\"alignnone size-full wp-image-112530\" srcset=\"https:\/\/images.ifun.de\/wp-content\/uploads\/2017\/09\/itunes-festival-2011-moby.jpg 700w, https:\/\/images.ifun.de\/wp-content\/uploads\/2017\/09\/itunes-festival-2011-moby-300x167.jpg 300w\" sizes=\"auto, (max-width: 700px) 100vw, 700px\" \/><\/a><\/p>\n<p>Im Jahr 2015 wurde aus dem iTunes Festival das \u201eApple Music Festival\u201c. Im vergangenen Jahr feierte die Veranstaltung dann mit Starbesetzung ihren zehnten Geburtstag, unter anderem waren Elton John, The 1975, Chance The Rapper and Alicia Keys mit von der Partie.<\/p>\n","protected":false},"excerpt":{"rendered":"<a href=\"https:\/\/www.ifun.de\/apple-streicht-das-itunes-festival-112523\/\"><img width=\"150\" height=\"150\" src=\"https:\/\/images.ifun.de\/wp-content\/uploads\/2017\/09\/itunes-festival-london-150x150.jpg\" class=\"alignright tfe wp-post-image\" alt=\"Itunes Festival London\" decoding=\"async\" loading=\"lazy\" \/><\/a><p>In diesem Jahr wird es kein Apple Music Festival geben. Dies hat Apple gegen\u00fcber dem Branchenmagazin MusicBusiness best\u00e4tigt, die ausbleibende Ank\u00fcndigung der normalerweise im September laufenden Veranstaltung lie\u00df dergleichen allerdings schon vermuten. Unter dem Titel \u201eiTunes Festival\u201c hat Apple die Veranstaltungsreihe im Jahr 2007 in London ins Leben gerufen. Namhafte K\u00fcnstler und Bands gaben f\u00fcr [&hellip;]<\/p>\n","protected":false},"author":2,"featured_media":112532,"comment_status":"open","ping_status":"closed","sticky":false,"template":"","format":"standard","meta":{"_acf_changed":false,"footnotes":""},"categories":[13,1783],"tags":[2729,560],"class_list":["post-112523","post","type-post","status-publish","format-standard","has-post-thumbnail","hentry","category-itunes","category-feature","tag-apple-music","tag-itunes-festival"],"acf":[],"aioseo_notices":[],"subheadline":["Nach 10 Jahren ist Schluss"],"featured_image":["https:\/\/images.ifun.de\/wp-content\/uploads\/2017\/09\/itunes-festival-london.jpg"],"rest_api_enabler":{"subheadline":"Nach 10 Jahren ist Schluss","featured_image":"https:\/\/images.ifun.de\/wp-content\/uploads\/2017\/09\/itunes-festival-london.jpg"},"_links":{"self":[{"href":"https:\/\/www.ifun.de\/apiv2\/wp\/v2\/posts\/112523","targetHints":{"allow":["GET"]}}],"collection":[{"href":"https:\/\/www.ifun.de\/apiv2\/wp\/v2\/posts"}],"about":[{"href":"https:\/\/www.ifun.de\/apiv2\/wp\/v2\/types\/post"}],"author":[{"embeddable":true,"href":"https:\/\/www.ifun.de\/apiv2\/wp\/v2\/users\/2"}],"replies":[{"embeddable":true,"href":"https:\/\/www.ifun.de\/apiv2\/wp\/v2\/comments?post=112523"}],"version-history":[{"count":9,"href":"https:\/\/www.ifun.de\/apiv2\/wp\/v2\/posts\/112523\/revisions"}],"predecessor-version":[{"id":112538,"href":"https:\/\/www.ifun.de\/apiv2\/wp\/v2\/posts\/112523\/revisions\/112538"}],"wp:featuredmedia":[{"embeddable":true,"href":"https:\/\/www.ifun.de\/apiv2\/wp\/v2\/media\/112532"}],"wp:attachment":[{"href":"https:\/\/www.ifun.de\/apiv2\/wp\/v2\/media?parent=112523"}],"wp:term":[{"taxonomy":"category","embeddable":true,"href":"https:\/\/www.ifun.de\/apiv2\/wp\/v2\/categories?post=112523"},{"taxonomy":"post_tag","embeddable":true,"href":"https:\/\/www.ifun.de\/apiv2\/wp\/v2\/tags?post=112523"}],"curies":[{"name":"wp","href":"https:\/\/api.w.org\/{rel}","templated":true}]}}