{"id":112356,"date":"2017-08-31T16:38:32","date_gmt":"2017-08-31T14:38:32","guid":{"rendered":"https:\/\/www.ifun.de\/?p=112356"},"modified":"2017-08-31T16:39:50","modified_gmt":"2017-08-31T14:39:50","slug":"apple-store-wien-mit-einer-eroeffnung-noch-in-diesem-jahr-wirds-eng","status":"publish","type":"post","link":"https:\/\/www.ifun.de\/apple-store-wien-mit-einer-eroeffnung-noch-in-diesem-jahr-wirds-eng-112356\/","title":{"rendered":"Apple Store Wien: Mit einer Er\u00f6ffnung noch in diesem Jahr wird&#8217;s eng"},"content":{"rendered":"<p>Eigentlich h\u00e4tte Apple den ersten \u00f6sterreichische Apple Store in Wien gerne rechtzeitig zum Verkaufsstart der 2017er iPhone-Modelle er\u00f6ffnet. Diese urspr\u00fcngliche Zielvorgabe kursiert zumindest unter mit dem Projekt befassten Personen, ein Blick hinter die Baustellenabsperrung zeigt allerdings, dass es in der K\u00e4rntner Stra\u00dfe noch viel zu tun gibt.<\/p>\n<p><a href=\"https:\/\/images.ifun.de\/wp-content\/uploads\/2017\/08\/apple-store-wien-baustelle.jpg\"><img loading=\"lazy\" decoding=\"async\" src=\"https:\/\/images.ifun.de\/wp-content\/uploads\/2017\/08\/apple-store-wien-baustelle.jpg\" alt=\"Apple Store Wien Baustelle\" width=\"500\" height=\"667\" class=\"alignnone size-full wp-image-112400\" srcset=\"https:\/\/images.ifun.de\/wp-content\/uploads\/2017\/08\/apple-store-wien-baustelle.jpg 500w, https:\/\/images.ifun.de\/wp-content\/uploads\/2017\/08\/apple-store-wien-baustelle-225x300.jpg 225w\" sizes=\"auto, (max-width: 500px) 100vw, 500px\" \/><\/a><\/p>\n<p>Apple hat sich mit dieser Adresse ein prominent platziertes Ladenlokal gesichert, und wird in dem Gesch\u00e4ftshaus voraussichtlich f\u00fcnf Etagen nutzen. Oberhalb der doppelgeschossigen Ladenfl\u00e4che sollen unter anderem R\u00e4umlichkeiten f\u00fcr die Gesch\u00e4ftskundenbetreuung, Schulungen und Verwaltung Platz finden. Als besonderes Extra soll geplant sein, dass direkt vor dem Haus einer oder gar mehrere B\u00e4ume gepflanzt werden.<\/p>\n<p>Mit einer Er\u00f6ffnung rechtzeitig zum iPhone-Verkaufsstart wird es in diesem Jahr aber eher nicht klappen. Es sei denn, \u00d6sterreich muss deutlich l\u00e4nger auf die Ger\u00e4te warten, als etwa Deutschland oder die USA. Dazu schein noch zu viel zu tun. Die Innenr\u00e4ume wurden im Rahmen der Umbauma\u00dfnahme offenbar komplett entkernt und mit Blick auf das allgemeine Erscheinungsbild scheint selbst ein Verkaufsstart im Weihnachtsgesch\u00e4ft eher optimistisch. Aber warten wir&#8217;s ab, immerhin laufen die Arbeiten in Wien derzeit mit Vollgas.<\/p>\n<p><h8>Besten Dank an Ren\u00e9 und <a href=\"https:\/\/storeteller.de\">Storeteller<\/a><\/h8><\/p>\n","protected":false},"excerpt":{"rendered":"<a href=\"https:\/\/www.ifun.de\/apple-store-wien-mit-einer-eroeffnung-noch-in-diesem-jahr-wirds-eng-112356\/\"><img width=\"150\" height=\"150\" src=\"https:\/\/images.ifun.de\/wp-content\/uploads\/2017\/08\/apple-store-wien-150x150.jpg\" class=\"alignright tfe wp-post-image\" alt=\"Apple Store Wien\" decoding=\"async\" loading=\"lazy\" \/><\/a><p>Eigentlich h\u00e4tte Apple den ersten \u00f6sterreichische Apple Store in Wien gerne rechtzeitig zum Verkaufsstart der 2017er iPhone-Modelle er\u00f6ffnet. Diese urspr\u00fcngliche Zielvorgabe kursiert zumindest unter mit dem Projekt befassten Personen, ein Blick hinter die Baustellenabsperrung zeigt allerdings, dass es in der K\u00e4rntner Stra\u00dfe noch viel zu tun gibt. Apple hat sich mit dieser Adresse ein prominent [&hellip;]<\/p>\n","protected":false},"author":2,"featured_media":112401,"comment_status":"open","ping_status":"closed","sticky":false,"template":"","format":"standard","meta":{"_acf_changed":false,"footnotes":""},"categories":[3],"tags":[49,3597],"class_list":["post-112356","post","type-post","status-publish","format-standard","has-post-thumbnail","hentry","category-apple","tag-apple-store","tag-wien"],"acf":[],"aioseo_notices":[],"subheadline":["Noch viel zu tun"],"featured_image":["https:\/\/images.ifun.de\/wp-content\/uploads\/2017\/08\/apple-store-wien.jpg"],"rest_api_enabler":{"subheadline":"Noch viel zu tun","featured_image":"https:\/\/images.ifun.de\/wp-content\/uploads\/2017\/08\/apple-store-wien.jpg"},"_links":{"self":[{"href":"https:\/\/www.ifun.de\/apiv2\/wp\/v2\/posts\/112356","targetHints":{"allow":["GET"]}}],"collection":[{"href":"https:\/\/www.ifun.de\/apiv2\/wp\/v2\/posts"}],"about":[{"href":"https:\/\/www.ifun.de\/apiv2\/wp\/v2\/types\/post"}],"author":[{"embeddable":true,"href":"https:\/\/www.ifun.de\/apiv2\/wp\/v2\/users\/2"}],"replies":[{"embeddable":true,"href":"https:\/\/www.ifun.de\/apiv2\/wp\/v2\/comments?post=112356"}],"version-history":[{"count":6,"href":"https:\/\/www.ifun.de\/apiv2\/wp\/v2\/posts\/112356\/revisions"}],"predecessor-version":[{"id":112403,"href":"https:\/\/www.ifun.de\/apiv2\/wp\/v2\/posts\/112356\/revisions\/112403"}],"wp:featuredmedia":[{"embeddable":true,"href":"https:\/\/www.ifun.de\/apiv2\/wp\/v2\/media\/112401"}],"wp:attachment":[{"href":"https:\/\/www.ifun.de\/apiv2\/wp\/v2\/media?parent=112356"}],"wp:term":[{"taxonomy":"category","embeddable":true,"href":"https:\/\/www.ifun.de\/apiv2\/wp\/v2\/categories?post=112356"},{"taxonomy":"post_tag","embeddable":true,"href":"https:\/\/www.ifun.de\/apiv2\/wp\/v2\/tags?post=112356"}],"curies":[{"name":"wp","href":"https:\/\/api.w.org\/{rel}","templated":true}]}}