{"id":112327,"date":"2017-08-30T07:29:03","date_gmt":"2017-08-30T05:29:03","guid":{"rendered":"https:\/\/www.ifun.de\/?p=112327"},"modified":"2017-08-30T07:29:03","modified_gmt":"2017-08-30T05:29:03","slug":"amazon-prime-video-fuer-apple-tv-soll-sich-verzoegern","status":"publish","type":"post","link":"https:\/\/www.ifun.de\/amazon-prime-video-fuer-apple-tv-soll-sich-verzoegern-112327\/","title":{"rendered":"Amazon Prime Video f\u00fcr Apple TV soll sich verz\u00f6gern"},"content":{"rendered":"<p>Wir warten ja gef\u00fchlt schon seit Jahren auf eine Amazon-Video-App f\u00fcr Apple TV und konnten zuletzt davon ausgehen, dass die Anwendung im Rahmen der Vorstellung der n\u00e4chsten Apple-TV-Generation ver\u00f6ffentlicht wird. Einem Bericht des gew\u00f6hnlich mit zuverl\u00e4ssigen Quellen ausgestatteten US-Magazins <a href=\"https:\/\/www.recode.net\/2017\/8\/29\/16221848\/apples-tv-television-plans-4k-movies-amazon\">Recode<\/a> zufolge steht dies aber in Frage, Amazon sei m\u00f6glicherweise auch im September noch nicht bereit.<\/p>\n<p><a href=\"https:\/\/images.ifun.de\/wp-content\/uploads\/2017\/05\/amazon-video-apple-tv-tim-cook.jpg\"><img loading=\"lazy\" decoding=\"async\" src=\"https:\/\/images.ifun.de\/wp-content\/uploads\/2017\/05\/amazon-video-apple-tv-tim-cook.jpg\" alt=\"Amazon Video Apple Tv Tim Cook\" width=\"500\" height=\"311\" class=\"alignnone size-full wp-image-107383\" srcset=\"https:\/\/images.ifun.de\/wp-content\/uploads\/2017\/05\/amazon-video-apple-tv-tim-cook.jpg 500w, https:\/\/images.ifun.de\/wp-content\/uploads\/2017\/05\/amazon-video-apple-tv-tim-cook-300x187.jpg 300w\" sizes=\"auto, (max-width: 500px) 100vw, 500px\" \/><\/a><\/p>\n<p>Apple-Chef Tim Cook pers\u00f6nlich hatte die App im Juni f\u00fcr \u201esp\u00e4ter im Jahr\u201c angek\u00fcndigt und allgemein ging man davon aus, dass der Startschuss sp\u00e4testens gemeinsam mit der Pr\u00e4sentation der n\u00e4chsten Apple-TV-Generation f\u00e4llt. Diese wiederum wird gemeinsam mit den neuen iPhone-Modellen am 12. September erwartet.<\/p>\n<p>Eine Best\u00e4tigung f\u00fcr den 12. September als Termin f\u00fcr das iPhone-Event 2017 steht allerdings noch aus, die hinweise verdichten sich allerdings. Mittlerweile stimmt auch das renommierte Technikmagazin <a href=\"https:\/\/techcrunch.com\/2017\/08\/29\/apple-iphone-event-set-for-september-12th\/\">TechCrunch<\/a> in diesen Reigen ein und zitiert \u201emehrere diese Information best\u00e4tigende Quellen\u201c.<\/p>\n","protected":false},"excerpt":{"rendered":"<a href=\"https:\/\/www.ifun.de\/amazon-prime-video-fuer-apple-tv-soll-sich-verzoegern-112327\/\"><img decoding=\"async\" width=\"150\" src=\"https:\/\/images.ifun.de\/wp-content\/uploads\/2017\/05\/amazon-video-apple-tv-tim-cook.jpg\" class=\"alignright wp-post-image tfe\" alt=\"Amazon Video Apple Tv Tim Cook\" title=\"\" \/><\/a><p>Wir warten ja gef\u00fchlt schon seit Jahren auf eine Amazon-Video-App f\u00fcr Apple TV und konnten zuletzt davon ausgehen, dass die Anwendung im Rahmen der Vorstellung der n\u00e4chsten Apple-TV-Generation ver\u00f6ffentlicht wird. Einem Bericht des gew\u00f6hnlich mit zuverl\u00e4ssigen Quellen ausgestatteten US-Magazins Recode zufolge steht dies aber in Frage, Amazon sei m\u00f6glicherweise auch im September noch nicht bereit. [&hellip;]<\/p>\n","protected":false},"author":2,"featured_media":0,"comment_status":"open","ping_status":"closed","sticky":false,"template":"","format":"standard","meta":{"_acf_changed":false,"footnotes":""},"categories":[4],"tags":[53,26,3135],"class_list":["post-112327","post","type-post","status-publish","format-standard","hentry","category-appletv","tag-amazon","tag-apple-tv","tag-prime-video"],"acf":[],"aioseo_notices":[],"featured_image":["https:\/\/images.ifun.de\/wp-content\/uploads\/2017\/05\/amazon-video-apple-tv.jpg"],"subheadline":["Nicht gemeinsam mit Apple TV 5?"],"rest_api_enabler":{"featured_image":"https:\/\/images.ifun.de\/wp-content\/uploads\/2017\/05\/amazon-video-apple-tv.jpg","subheadline":"Nicht gemeinsam mit Apple TV 5?"},"_links":{"self":[{"href":"https:\/\/www.ifun.de\/apiv2\/wp\/v2\/posts\/112327","targetHints":{"allow":["GET"]}}],"collection":[{"href":"https:\/\/www.ifun.de\/apiv2\/wp\/v2\/posts"}],"about":[{"href":"https:\/\/www.ifun.de\/apiv2\/wp\/v2\/types\/post"}],"author":[{"embeddable":true,"href":"https:\/\/www.ifun.de\/apiv2\/wp\/v2\/users\/2"}],"replies":[{"embeddable":true,"href":"https:\/\/www.ifun.de\/apiv2\/wp\/v2\/comments?post=112327"}],"version-history":[{"count":2,"href":"https:\/\/www.ifun.de\/apiv2\/wp\/v2\/posts\/112327\/revisions"}],"predecessor-version":[{"id":112329,"href":"https:\/\/www.ifun.de\/apiv2\/wp\/v2\/posts\/112327\/revisions\/112329"}],"wp:attachment":[{"href":"https:\/\/www.ifun.de\/apiv2\/wp\/v2\/media?parent=112327"}],"wp:term":[{"taxonomy":"category","embeddable":true,"href":"https:\/\/www.ifun.de\/apiv2\/wp\/v2\/categories?post=112327"},{"taxonomy":"post_tag","embeddable":true,"href":"https:\/\/www.ifun.de\/apiv2\/wp\/v2\/tags?post=112327"}],"curies":[{"name":"wp","href":"https:\/\/api.w.org\/{rel}","templated":true}]}}