{"id":112234,"date":"2017-08-25T18:05:52","date_gmt":"2017-08-25T16:05:52","guid":{"rendered":"https:\/\/www.ifun.de\/?p=112234"},"modified":"2017-08-25T18:05:52","modified_gmt":"2017-08-25T16:05:52","slug":"neuer-rundflug-ueber-apple-park-auch-als-360-grad-video","status":"publish","type":"post","link":"https:\/\/www.ifun.de\/neuer-rundflug-ueber-apple-park-auch-als-360-grad-video-112234\/","title":{"rendered":"Neuer Rundflug \u00fcber Apple Park &#8211; auch als 360-Grad-Video"},"content":{"rendered":"<p>Bereits vor zwei Wochen haben wir uns <a href=\"https:\/\/www.iphone-ticker.de\/steve-jobs-theater-aus-der-luft-bereit-fuer-die-iphone-praesentation-115556\/\">die Frage gestellt<\/a>, ob Apples neues Veranstaltungszentrum \u201eSteve Jobs Theater\u201c f\u00fcr die Vorstellung der neuen iPhone-Modelle bereit ist. Der unterirdische Saal befindet sich etwas abseits vom Hauptgeb\u00e4ude der neuen Firmenzentrale \u201eApple Park\u201c, deren Fertigstellung sich doch verz\u00f6gert &#8211; urspr\u00fcnglich wollte das Unternehmend den Umzug ja schon im April hinter sich bringen.<\/p>\n<p><a href=\"https:\/\/images.ifun.de\/wp-content\/uploads\/2017\/08\/steve-jobs-theater.jpg\"><img loading=\"lazy\" decoding=\"async\" src=\"https:\/\/images.ifun.de\/wp-content\/uploads\/2017\/08\/steve-jobs-theater.jpg\" alt=\"Steve Jobs Theater\" width=\"500\" height=\"263\" class=\"alignnone size-full wp-image-112237\" srcset=\"https:\/\/images.ifun.de\/wp-content\/uploads\/2017\/08\/steve-jobs-theater.jpg 500w, https:\/\/images.ifun.de\/wp-content\/uploads\/2017\/08\/steve-jobs-theater-300x158.jpg 300w\" sizes=\"auto, (max-width: 500px) 100vw, 500px\" \/><\/a><\/p>\n<p>Drohnen-Pilot <a href=\"https:\/\/www.youtube.com\/channel\/UCoc4iO1r4Bv0kuABk5PUwdw\" title=\"Duncan Sinfield\">Duncan Sinfield<\/a> hat zwei neue Videos ver\u00f6ffentlicht, die neben imposanten Aufnahmen des Hauptgeb\u00e4udes auch die sonstigen Bereiche des riesigen Areals zeigen, auch das Steve Jobs Theater ist hell erleuchtet im Bild. Mit Blick auf die weitgehend fertig gestellten Zufahrten und das eifrige Treiben im Inneren l\u00e4sst sich zumindest nicht ausschlie\u00dfen, dass Apple den Veranstaltungsort in drei Wochen &#8211; derzeit erwarten wir das Apple-Event ja am 12. September &#8211; nutzen kann. Wissen werden wir es erst, wenn ein bis zwei Wochen vor dem Veranstaltungstermin die offiziellen Einladungen verschickt werden.<\/p>\n<p>Sinfield hat zus\u00e4tzlich zu seinen regul\u00e4ren Luftaufnahmen noch ein <a href=\"https:\/\/youtu.be\/tlkDNv7s_Ls\">360-Grad-Video von Apple Park<\/a> ver\u00f6ffentlicht, das ihr euch am besten in der YouTube-App auf dem iPhone oder iPad anseht. Ihr \u201esitzt\u201c hier mit auf der Drohne und k\u00f6nnt w\u00e4hrend des Fluges den Blickwinkel durch Schwenken des Ger\u00e4ts frei festlegen.<\/p>\n<p><div class=\"responsive-video\"><iframe loading=\"lazy\" width=\"700\" height=\"394\" src=\"https:\/\/www.youtube-nocookie.com\/embed\/iAVQeNCF2MU?rel=0&amp;showinfo=0?ecver=1\" frameborder=\"0\" allowfullscreen><\/iframe><\/div><\/p>\n<p><div class=\"responsive-video\"><iframe loading=\"lazy\" width=\"700\" height=\"394\" src=\"https:\/\/www.youtube-nocookie.com\/embed\/tlkDNv7s_Ls?rel=0&amp;showinfo=0?ecver=1\" frameborder=\"0\" allowfullscreen><\/iframe><\/div><\/p>\n","protected":false},"excerpt":{"rendered":"<a href=\"https:\/\/www.ifun.de\/neuer-rundflug-ueber-apple-park-auch-als-360-grad-video-112234\/\"><img width=\"150\" height=\"150\" src=\"https:\/\/images.ifun.de\/wp-content\/uploads\/2017\/08\/steve-jobs-theater-150x150.jpg\" class=\"alignright tfe wp-post-image\" alt=\"Steve Jobs Theater\" decoding=\"async\" loading=\"lazy\" \/><\/a><p>Bereits vor zwei Wochen haben wir uns die Frage gestellt, ob Apples neues Veranstaltungszentrum \u201eSteve Jobs Theater\u201c f\u00fcr die Vorstellung der neuen iPhone-Modelle bereit ist. Der unterirdische Saal befindet sich etwas abseits vom Hauptgeb\u00e4ude der neuen Firmenzentrale \u201eApple Park\u201c, deren Fertigstellung sich doch verz\u00f6gert &#8211; urspr\u00fcnglich wollte das Unternehmend den Umzug ja schon im April [&hellip;]<\/p>\n","protected":false},"author":2,"featured_media":112237,"comment_status":"open","ping_status":"closed","sticky":false,"template":"","format":"standard","meta":{"_acf_changed":false,"footnotes":""},"categories":[20],"tags":[3620,3823,31],"class_list":["post-112234","post","type-post","status-publish","format-standard","has-post-thumbnail","hentry","category-videos","tag-apple-park","tag-duncan-sinfield","tag-video"],"acf":[],"aioseo_notices":[],"featured_image":["https:\/\/images.ifun.de\/wp-content\/uploads\/2017\/08\/sinfield-video.jpg"],"subheadline":["Die neue Firmenzentrale"],"rest_api_enabler":{"featured_image":"https:\/\/images.ifun.de\/wp-content\/uploads\/2017\/08\/sinfield-video.jpg","subheadline":"Die neue Firmenzentrale"},"_links":{"self":[{"href":"https:\/\/www.ifun.de\/apiv2\/wp\/v2\/posts\/112234","targetHints":{"allow":["GET"]}}],"collection":[{"href":"https:\/\/www.ifun.de\/apiv2\/wp\/v2\/posts"}],"about":[{"href":"https:\/\/www.ifun.de\/apiv2\/wp\/v2\/types\/post"}],"author":[{"embeddable":true,"href":"https:\/\/www.ifun.de\/apiv2\/wp\/v2\/users\/2"}],"replies":[{"embeddable":true,"href":"https:\/\/www.ifun.de\/apiv2\/wp\/v2\/comments?post=112234"}],"version-history":[{"count":2,"href":"https:\/\/www.ifun.de\/apiv2\/wp\/v2\/posts\/112234\/revisions"}],"predecessor-version":[{"id":112238,"href":"https:\/\/www.ifun.de\/apiv2\/wp\/v2\/posts\/112234\/revisions\/112238"}],"wp:featuredmedia":[{"embeddable":true,"href":"https:\/\/www.ifun.de\/apiv2\/wp\/v2\/media\/112237"}],"wp:attachment":[{"href":"https:\/\/www.ifun.de\/apiv2\/wp\/v2\/media?parent=112234"}],"wp:term":[{"taxonomy":"category","embeddable":true,"href":"https:\/\/www.ifun.de\/apiv2\/wp\/v2\/categories?post=112234"},{"taxonomy":"post_tag","embeddable":true,"href":"https:\/\/www.ifun.de\/apiv2\/wp\/v2\/tags?post=112234"}],"curies":[{"name":"wp","href":"https:\/\/api.w.org\/{rel}","templated":true}]}}