{"id":111963,"date":"2017-08-21T09:52:02","date_gmt":"2017-08-21T07:52:02","guid":{"rendered":"https:\/\/www.ifun.de\/?p=111963"},"modified":"2017-08-22T13:24:52","modified_gmt":"2017-08-22T11:24:52","slug":"der-anfang-vom-ende-bildungsangebot-itunes-u-zieht-um","status":"publish","type":"post","link":"https:\/\/www.ifun.de\/der-anfang-vom-ende-bildungsangebot-itunes-u-zieht-um-111963\/","title":{"rendered":"Der Anfang vom Ende? Bildungsangebot &#8222;iTunes U&#8220; zieht um"},"content":{"rendered":"<p>Das von Apple und zahlreichen Hochschulen bereitgestellte Bildungsangebot &#8222;iTunes U&#8220; wird seinen gesonderten Platz innerhalb der iTunes-Applikation aufgeben und sich noch im September in den Podcast-Bereich Apples eingliedern.<\/p>\n<p><a href=\"https:\/\/images.ifun.de\/wp-content\/uploads\/2017\/08\/itunes-podcast.jpg\"><img decoding=\"async\" src=\"https:\/\/images.ifun.de\/wp-content\/uploads\/2017\/08\/itunes-podcast.jpg\" alt=\"Itunes Podcast\" width=\"500\" class=\"aligncenter size-full wp-image-111967\" srcset=\"https:\/\/images.ifun.de\/wp-content\/uploads\/2017\/08\/itunes-podcast.jpg 1000w, https:\/\/images.ifun.de\/wp-content\/uploads\/2017\/08\/itunes-podcast-300x188.jpg 300w, https:\/\/images.ifun.de\/wp-content\/uploads\/2017\/08\/itunes-podcast-768x482.jpg 768w\" sizes=\"(max-width: 1000px) 100vw, 1000px\" \/><\/a><\/p>\n<p>Darauf macht Cupertino jetzt in dem neuver\u00f6ffentlichten Support-Dokument &#8222;iTunes U collections are moving to Podcasts&#8220;, das unter der Kennziffer <a href=\"https:\/\/support.apple.com\/de-de\/HT208029\">#HT208029<\/a> aufgerufen werden kann, aufmerksam.<\/p>\n<p>Demnach sollen sich die iTunes U-Kollektionen noch im September 2017 aus dem iTunes Store verabschieden und werden fortan ausschlie\u00dflich \u00fcber den Podcast-Bereich des iTunes Players bzw. in der mobilen Podcast-App auf iPhone, iPad und Apple TV erh\u00e4ltlich sein.<\/p>\n<p>Warum sich Apple ausgerechnet jetzt dazu entschieden hat, die im M\u00e4rz 2007 erstmals angebotenen Uni-Inhalte aus dem iTunes-Sonderbereich zu entfernen ist unklar. <\/p>\n<h2>Der Anfang vom Ende f\u00fcr iTunes?<\/h2>\n<p>M\u00f6glich sind zwei Varianten:<\/p>\n<ul>\n<li>Apple k\u00f6nnte zur Ausgabe von iOS 11 eine Podcast-Offensive starten. Eine general\u00fcberholte Podcast-App hat Apple bereits angek\u00fcndigt. Anfang 2016 suchte Apple zudem das Gespr\u00e4ch mit popul\u00e4ren Podcastern und <a href=\"https:\/\/www.nytimes.com\/2016\/05\/08\/business\/media\/podcasts-surge-apple.html\">befragte die Macher<\/a> hochkar\u00e4tiger Angebote nach ihren Verbesserungsw\u00fcnschen.<\/li>\n<li>Apple k\u00f6nnte sich auf eine Ende des iTunes-Players vorbereiten oder zumindest einen gr\u00f6\u00dferen Umbau der \u00fcberladenen Jukebox in Angriff nehmen. Die f\u00fcr Windows und Mac verf\u00fcgbare iTunes-Applikation muss sich schon seit Jahren mit der Kritik der Community auseinandersetzen. Die Anwendung, die nicht nur den App Store-Zugriff erm\u00f6glicht, sondern gleichzeitig auch die Inhalte mobiler Ger\u00e4te managt, die Musik-Bibliothek verwaltet, H\u00f6rb\u00fccher katalogisiert und zum Datei-Transfer genutzt wird, ist vielen Anwendern zu \u00fcberladen, zu tr\u00e4ge und zu unkonzentriert.<\/li>\n<\/ul>\n<p>Erst im April benannte Apple <a href=\"https:\/\/www.ifun.de\/apple-podcast-statt-itunes-podcast-auf-abstand-mit-dem-traegen-monster-106475\/\">seine Podcast-Kategorie um<\/a> und bezeichnet diese nun nicht mehr mit \u201eiTunes Podcast\u201c sondern mit \u201eApple Podcast\u201c.<\/p>\n<p>Wie eine Aufspaltung der iTunes-Anwendung in mehrere kleine Helfer vonstatten gehen k\u00f6nnte, zeigten Studenten der FH Potsdam <a href=\"https:\/\/www.iphone-ticker.de\/itunes-neu-gedacht-16-kleine-helfer-statt-einem-traegen-monster-88226\/\">bereits im Oktober 2015<\/a>.<\/p>\n<p><a href=\"https:\/\/images.ifun.de\/wp-content\/uploads\/2017\/04\/podcast-app.jpg\"><img loading=\"lazy\" decoding=\"async\" src=\"https:\/\/images.ifun.de\/wp-content\/uploads\/2017\/04\/podcast-app.jpg\" alt=\"Podcast App\" width=\"1400\" height=\"957\" class=\"aligncenter size-full wp-image-106478\" srcset=\"https:\/\/images.ifun.de\/wp-content\/uploads\/2017\/04\/podcast-app.jpg 1400w, https:\/\/images.ifun.de\/wp-content\/uploads\/2017\/04\/podcast-app-300x205.jpg 300w, https:\/\/images.ifun.de\/wp-content\/uploads\/2017\/04\/podcast-app-768x525.jpg 768w, https:\/\/images.ifun.de\/wp-content\/uploads\/2017\/04\/podcast-app-1024x700.jpg 1024w\" sizes=\"auto, (max-width: 1400px) 100vw, 1400px\" \/><\/a><\/p>\n<h6>Kursiert schon l\u00e4nger als Idee: Eine ausgelagerte Podcast-App<\/h6>\n","protected":false},"excerpt":{"rendered":"<a href=\"https:\/\/www.ifun.de\/der-anfang-vom-ende-bildungsangebot-itunes-u-zieht-um-111963\/\"><img width=\"150\" height=\"150\" src=\"https:\/\/images.ifun.de\/wp-content\/uploads\/2017\/08\/moving-podcasts-150x150.jpg\" class=\"alignright tfe wp-post-image\" alt=\"Moving Podcasts\" decoding=\"async\" loading=\"lazy\" \/><\/a><p>Das von Apple und zahlreichen Hochschulen bereitgestellte Bildungsangebot &#8222;iTunes U&#8220; wird seinen gesonderten Platz innerhalb der iTunes-Applikation aufgeben und sich noch im September in den Podcast-Bereich Apples eingliedern. Darauf macht Cupertino jetzt in dem neuver\u00f6ffentlichten Support-Dokument &#8222;iTunes U collections are moving to Podcasts&#8220;, das unter der Kennziffer #HT208029 aufgerufen werden kann, aufmerksam. Demnach sollen sich [&hellip;]<\/p>\n","protected":false},"author":1,"featured_media":111964,"comment_status":"open","ping_status":"closed","sticky":false,"template":"","format":"standard","meta":{"_acf_changed":false,"footnotes":""},"categories":[5,1783],"tags":[4736,4743,1746,446,785],"class_list":["post-111963","post","type-post","status-publish","format-standard","has-post-thumbnail","hentry","category-apps","category-feature","tag-apple","tag-itunes","tag-itunes-u","tag-podcast","tag-podcasts"],"acf":[],"aioseo_notices":[],"featured_image":["https:\/\/images.ifun.de\/wp-content\/uploads\/2017\/04\/podcast-logo.jpg"],"subheadline":["Wird iTunes zerschlagen?"],"rest_api_enabler":{"featured_image":"https:\/\/images.ifun.de\/wp-content\/uploads\/2017\/04\/podcast-logo.jpg","subheadline":"Wird iTunes zerschlagen?"},"_links":{"self":[{"href":"https:\/\/www.ifun.de\/apiv2\/wp\/v2\/posts\/111963","targetHints":{"allow":["GET"]}}],"collection":[{"href":"https:\/\/www.ifun.de\/apiv2\/wp\/v2\/posts"}],"about":[{"href":"https:\/\/www.ifun.de\/apiv2\/wp\/v2\/types\/post"}],"author":[{"embeddable":true,"href":"https:\/\/www.ifun.de\/apiv2\/wp\/v2\/users\/1"}],"replies":[{"embeddable":true,"href":"https:\/\/www.ifun.de\/apiv2\/wp\/v2\/comments?post=111963"}],"version-history":[{"count":5,"href":"https:\/\/www.ifun.de\/apiv2\/wp\/v2\/posts\/111963\/revisions"}],"predecessor-version":[{"id":118042,"href":"https:\/\/www.ifun.de\/apiv2\/wp\/v2\/posts\/111963\/revisions\/118042"}],"wp:featuredmedia":[{"embeddable":true,"href":"https:\/\/www.ifun.de\/apiv2\/wp\/v2\/media\/111964"}],"wp:attachment":[{"href":"https:\/\/www.ifun.de\/apiv2\/wp\/v2\/media?parent=111963"}],"wp:term":[{"taxonomy":"category","embeddable":true,"href":"https:\/\/www.ifun.de\/apiv2\/wp\/v2\/categories?post=111963"},{"taxonomy":"post_tag","embeddable":true,"href":"https:\/\/www.ifun.de\/apiv2\/wp\/v2\/tags?post=111963"}],"curies":[{"name":"wp","href":"https:\/\/api.w.org\/{rel}","templated":true}]}}