{"id":11193,"date":"2011-04-03T09:21:29","date_gmt":"2011-04-03T07:21:29","guid":{"rendered":"http:\/\/www.ifun.de\/?p=11193"},"modified":"2011-04-03T09:24:45","modified_gmt":"2011-04-03T07:24:45","slug":"aprilscherz-ipod-nano-gehause-mit-kameraaussparung","status":"publish","type":"post","link":"https:\/\/www.ifun.de\/aprilscherz-ipod-nano-gehause-mit-kameraaussparung-11193\/","title":{"rendered":"Aprilscherz? iPod-nano-Geh\u00e4use mit Kameraaussparung"},"content":{"rendered":"<p>Mal wieder was zum Spekulieren: Die taiwanische Webseite Apple.pro (<a href=\"http:\/\/translate.google.com\/translate?js=n&#038;prev=_t&#038;hl=en&#038;ie=UTF-8&#038;layout=2&#038;eotf=1&#038;sl=zh-CN&#038;tl=en&#038;u=http0X1.2P-10700.0000000.000000tw.apple.pro0.0000000.00000020.000000viewspace-6506\">Google-\u00dcbersetzung<\/a>, via <a href=\"http:\/\/www.appleinsider.com\/articles\/11\/04\/02\/unverified_photo_suggests_apple_to_add_camera_to_7th_gen_ipod_nano_rumor.html\">AppleInsider<\/a>) pr\u00e4sentiert das Foto eines iPod-nano-Geh\u00e4uses mit Kameraaussparung. Terminlich so nah am 1. April wirft ein derartiges Ger\u00fccht nat\u00fcrlich erstmal starke Zweifel auf, allerdings hatte die Webseite mit derartigen Ver\u00f6ffentlichungen in der Vergangenheit bereits des \u00f6fteren richtig gelegen &#8211; zuletzt mit der <a href=\"http:\/\/www.ifun.de\/2010\/07\/09\/neuer-ipod-mit-3x3-cm-touchscreen\/\">Enth\u00fcllung<\/a> des kleinen Touchscreens f\u00fcr die aktuelle Nano-Generation zwei Monate vor dessen tats\u00e4chlicher Ver\u00f6ffentlichung.<\/p>\n<p>Die Quelle f\u00fcr das Foto konnte von Apple.pro nicht verifiziert werden, somit muss man das Ger\u00fccht auf jeden Fall mit entsprechender Skepsis aufnehmen &#8211; um\u00f6glich scheint eine Kamera f\u00fcr den kleinsten Touchscreen-iPod allerdings nicht.<\/p>\n<p>Sp\u00e4testens im September wissen wir mehr, dann stehen uns traditionell die neuen iPod-Generationen ins Haus.<br \/>\n<!--more--><\/p>\n<p><img loading=\"lazy\" decoding=\"async\" src=\"http:\/\/images.ifun.de\/wp-content\/uploads\/2011\/04\/nano7.jpg\" alt=\"\" title=\"nano7\" width=\"464\" height=\"448\" class=\"alignnone size-full wp-image-11194\" srcset=\"https:\/\/images.ifun.de\/wp-content\/uploads\/2011\/04\/nano7.jpg 464w, https:\/\/images.ifun.de\/wp-content\/uploads\/2011\/04\/nano7-300x289.jpg 300w\" sizes=\"auto, (max-width: 464px) 100vw, 464px\" \/><\/p>\n","protected":false},"excerpt":{"rendered":"<a href=\"https:\/\/www.ifun.de\/aprilscherz-ipod-nano-gehause-mit-kameraaussparung-11193\/\"><img width=\"150\" height=\"150\" src=\"https:\/\/images.ifun.de\/wp-content\/uploads\/2011\/04\/nano7-150x150.jpg\" class=\"alignright tfe wp-post-image\" alt=\"\" decoding=\"async\" loading=\"lazy\" \/><\/a><p>Mal wieder was zum Spekulieren: Die taiwanische Webseite Apple.pro (Google-\u00dcbersetzung, via AppleInsider) pr\u00e4sentiert das Foto eines iPod-nano-Geh\u00e4uses mit Kameraaussparung. Terminlich so nah am 1. April wirft ein derartiges Ger\u00fccht nat\u00fcrlich erstmal starke Zweifel auf, allerdings hatte die Webseite mit derartigen Ver\u00f6ffentlichungen in der Vergangenheit bereits des \u00f6fteren richtig gelegen &#8211; zuletzt mit der Enth\u00fcllung des [&hellip;]<\/p>\n","protected":false},"author":2,"featured_media":11194,"comment_status":"open","ping_status":"closed","sticky":false,"template":"","format":"standard","meta":{"_acf_changed":false,"footnotes":""},"categories":[18],"tags":[3910,71,50],"class_list":["post-11193","post","type-post","status-publish","format-standard","has-post-thumbnail","hentry","category-rumors","tag-geruechte","tag-ipod-nano","tag-kamera"],"acf":[],"aioseo_notices":[],"rest_api_enabler":[],"_links":{"self":[{"href":"https:\/\/www.ifun.de\/apiv2\/wp\/v2\/posts\/11193","targetHints":{"allow":["GET"]}}],"collection":[{"href":"https:\/\/www.ifun.de\/apiv2\/wp\/v2\/posts"}],"about":[{"href":"https:\/\/www.ifun.de\/apiv2\/wp\/v2\/types\/post"}],"author":[{"embeddable":true,"href":"https:\/\/www.ifun.de\/apiv2\/wp\/v2\/users\/2"}],"replies":[{"embeddable":true,"href":"https:\/\/www.ifun.de\/apiv2\/wp\/v2\/comments?post=11193"}],"version-history":[{"count":8,"href":"https:\/\/www.ifun.de\/apiv2\/wp\/v2\/posts\/11193\/revisions"}],"predecessor-version":[{"id":11202,"href":"https:\/\/www.ifun.de\/apiv2\/wp\/v2\/posts\/11193\/revisions\/11202"}],"wp:featuredmedia":[{"embeddable":true,"href":"https:\/\/www.ifun.de\/apiv2\/wp\/v2\/media\/11194"}],"wp:attachment":[{"href":"https:\/\/www.ifun.de\/apiv2\/wp\/v2\/media?parent=11193"}],"wp:term":[{"taxonomy":"category","embeddable":true,"href":"https:\/\/www.ifun.de\/apiv2\/wp\/v2\/categories?post=11193"},{"taxonomy":"post_tag","embeddable":true,"href":"https:\/\/www.ifun.de\/apiv2\/wp\/v2\/tags?post=11193"}],"curies":[{"name":"wp","href":"https:\/\/api.w.org\/{rel}","templated":true}]}}