{"id":111861,"date":"2017-08-17T08:05:20","date_gmt":"2017-08-17T06:05:20","guid":{"rendered":"https:\/\/www.ifun.de\/?p=111861"},"modified":"2017-08-17T09:22:36","modified_gmt":"2017-08-17T07:22:36","slug":"nach-rechtsextremen-uebergriffe-tim-cook-adressiert-angestellte","status":"publish","type":"post","link":"https:\/\/www.ifun.de\/nach-rechtsextremen-uebergriffe-tim-cook-adressiert-angestellte-111861\/","title":{"rendered":"Nach rechtsextremen \u00dcbergriffen: Tim Cook adressiert Belegschaft"},"content":{"rendered":"<p>Apple-Chef Tim Cook hat in einem Mitarbeiter-Memo auf die rassistisch motivierten \u00dcbergriffe in Charlottesville reagiert und den <a href=\"http:\/\/www.tagesschau.de\/ausland\/charlottesville-111.html\">rechtsextremen Anschlag<\/a>, bei dem ein Auto in eine Gruppe von Demonstranten raste, scharf verurteilt. <\/p>\n<p><a href=\"https:\/\/images.ifun.de\/wp-content\/uploads\/2016\/10\/tim-cook-apple-event.jpg\"><img loading=\"lazy\" decoding=\"async\" src=\"https:\/\/images.ifun.de\/wp-content\/uploads\/2016\/10\/tim-cook-apple-event.jpg\" alt=\"Tim Cook Apple Event\" width=\"500\" height=\"295\" class=\"aligncenter size-full wp-image-98891\" srcset=\"https:\/\/images.ifun.de\/wp-content\/uploads\/2016\/10\/tim-cook-apple-event.jpg 500w, https:\/\/images.ifun.de\/wp-content\/uploads\/2016\/10\/tim-cook-apple-event-300x177.jpg 300w\" sizes=\"auto, (max-width: 500px) 100vw, 500px\" \/><\/a><\/p>\n<p>Laut Cook handelt es sich um &#8222;dunkle Tage&#8220;, dennoch sei er mit Blick nach vorne optimistisch gestimmt: Apple kann und wird eine wichtige Rolle spielen und sich um positive Ver\u00e4nderungen bem\u00fchen. <\/p>\n<p>So habe Apple vor, zwei Millionen-Spenden an die B\u00fcrgerrechtsorganisationen &#8222;Southern Poverty Law Center&#8220; und die &#8222;Anti-Defamation League&#8220; zu \u00fcberweisen. Das Mitarbeiter-Memo, das von dem US-Portal Buzzfeed im Wortlaut <a href=\"https:\/\/www.buzzfeed.com\/charliewarzel\/read-apple-ceo-tim-cooks-email-to-employees-about\">ver\u00f6ffentlicht wurde<\/a>, wird von der \u00f6ffentlichen Kritik zahlreicher Firmen-CEOs und Unternehmenssprecher flankiert, die Trumps Reaktion auf die \u00dcbergriffe in Charlottesville \u00f6ffentlich anprangerten. <\/p>\n<p>Allei in den vergangenen drei Tagen zogen sich \u00fcber 10 Wirtschaftsbosse aus den von Trump zusammengestellten Beratergremien zur\u00fcck. Der US-Pr\u00e4sident l\u00f6ste die runden Tische daraufhin <a href=\"http:\/\/www.tagesschau.de\/ausland\/trump-charlottesville-109.html\">kurzerhand auf<\/a>.  <\/p>\n<p>Das Mitarbeiter-Memo im Wortlaut: <\/p>\n<blockquote><p>Team,<br \/>\nLike so many of you, equality is at the core of my beliefs and values. The events of the past several days have been deeply troubling for me, and I\u2019ve heard from many people at Apple who are saddened, outraged or confused.<br \/>\nWhat occurred in Charlottesville has no place in our country. Hate is a cancer, and left unchecked it destroys everything in its path. Its scars last generations. History has taught us this time and time again, both in the United States and countries around the world.<br \/>\nWe must not witness or permit such hate and bigotry in our country, and we must be unequivocal about it. This is not about the left or the right, conservative or liberal. It is about human decency and morality. I disagree with the president and others who believe that there is a moral equivalence between white supremacists and Nazis, and those who oppose them by standing up for human rights. Equating the two runs counter to our ideals as Americans.<br \/>\nRegardless of your political views, we must all stand together on this one point \u2014 that we are all equal. As a company, through our actions, our products and our voice, we will always work to ensure that everyone is treated equally and with respect.<br \/>\nI believe Apple has led by example, and we\u2019re going to keep doing that. We have always welcomed people from every walk of life to our stores around the world and showed them that Apple is inclusive of everyone. We empower people to share their views and express themselves through our products.<br \/>\nIn the wake of the tragic and repulsive events in Charlottesville, we are stepping up to help organizations who work to rid our country of hate. Apple will be making contributions of $1 million each to the Southern Poverty Law Center and the Anti-Defamation League. We will also match two-for-one our employees\u2019 donations to these and several other human rights groups, between now and September 30.<br \/>\nIn the coming days, iTunes will offer users an easy way to join us in directly supporting the work of the SPLC.<br \/>\nDr. Martin Luther King said, \u201cOur lives begin to end the day we become silent about the things that matter.\u201d So, we will continue to speak up. These have been dark days, but I remain as optimistic as ever that the future is bright. Apple can and will play an important role in bringing about positive change.<br \/>\nBest,<br \/>\nTim<\/p><\/blockquote>\n","protected":false},"excerpt":{"rendered":"<a href=\"https:\/\/www.ifun.de\/nach-rechtsextremen-uebergriffe-tim-cook-adressiert-angestellte-111861\/\"><img decoding=\"async\" width=\"150\" src=\"https:\/\/images.ifun.de\/wp-content\/uploads\/2016\/10\/tim-cook-apple-event.jpg\" class=\"alignright wp-post-image tfe\" alt=\"Tim Cook Apple Event\" title=\"\" \/><\/a><p>Apple-Chef Tim Cook hat in einem Mitarbeiter-Memo auf die rassistisch motivierten \u00dcbergriffe in Charlottesville reagiert und den rechtsextremen Anschlag, bei dem ein Auto in eine Gruppe von Demonstranten raste, scharf verurteilt. Laut Cook handelt es sich um &#8222;dunkle Tage&#8220;, dennoch sei er mit Blick nach vorne optimistisch gestimmt: Apple kann und wird eine wichtige Rolle [&hellip;]<\/p>\n","protected":false},"author":1,"featured_media":0,"comment_status":"open","ping_status":"closed","sticky":false,"template":"","format":"standard","meta":{"_acf_changed":false,"footnotes":""},"categories":[3],"tags":[4736,373,553,614],"class_list":["post-111861","post","type-post","status-publish","format-standard","hentry","category-apple","tag-apple","tag-kritik","tag-recht","tag-tim-cook"],"acf":[],"aioseo_notices":[],"subheadline":["\"These have been dark days\""],"featured_image":["https:\/\/images.ifun.de\/wp-content\/uploads\/2017\/06\/cook-trump.jpg"],"rest_api_enabler":{"subheadline":"\"These have been dark days\"","featured_image":"https:\/\/images.ifun.de\/wp-content\/uploads\/2017\/06\/cook-trump.jpg"},"_links":{"self":[{"href":"https:\/\/www.ifun.de\/apiv2\/wp\/v2\/posts\/111861","targetHints":{"allow":["GET"]}}],"collection":[{"href":"https:\/\/www.ifun.de\/apiv2\/wp\/v2\/posts"}],"about":[{"href":"https:\/\/www.ifun.de\/apiv2\/wp\/v2\/types\/post"}],"author":[{"embeddable":true,"href":"https:\/\/www.ifun.de\/apiv2\/wp\/v2\/users\/1"}],"replies":[{"embeddable":true,"href":"https:\/\/www.ifun.de\/apiv2\/wp\/v2\/comments?post=111861"}],"version-history":[{"count":5,"href":"https:\/\/www.ifun.de\/apiv2\/wp\/v2\/posts\/111861\/revisions"}],"predecessor-version":[{"id":111873,"href":"https:\/\/www.ifun.de\/apiv2\/wp\/v2\/posts\/111861\/revisions\/111873"}],"wp:attachment":[{"href":"https:\/\/www.ifun.de\/apiv2\/wp\/v2\/media?parent=111861"}],"wp:term":[{"taxonomy":"category","embeddable":true,"href":"https:\/\/www.ifun.de\/apiv2\/wp\/v2\/categories?post=111861"},{"taxonomy":"post_tag","embeddable":true,"href":"https:\/\/www.ifun.de\/apiv2\/wp\/v2\/tags?post=111861"}],"curies":[{"name":"wp","href":"https:\/\/api.w.org\/{rel}","templated":true}]}}