{"id":111680,"date":"2017-08-11T14:52:54","date_gmt":"2017-08-11T12:52:54","guid":{"rendered":"https:\/\/www.ifun.de\/?p=111680"},"modified":"2017-08-11T14:56:12","modified_gmt":"2017-08-11T12:56:12","slug":"macos-touch-apple-its-time-to-merge-ios-with-macos","status":"publish","type":"post","link":"https:\/\/www.ifun.de\/macos-touch-apple-its-time-to-merge-ios-with-macos-111680\/","title":{"rendered":"macOS Touch: &#8222;Apple, it\u2019s time to merge iOS with macOS&#8220;"},"content":{"rendered":"<p>Der Interface-Designer Avi Barel l\u00e4sst sich von der <a href=\"https:\/\/www.youtube.com\/watch?v=BsAsBcrU9n8\">strikten Absage Steve Jobs<\/a> an ein ber\u00fchrungsempfindliches Mac-Betriebssystem nicht beeindrucken und fordert Apple dazu auf, das mobile iOS-Betriebssystem endlich mit seinem Mac-Gegenst\u00fcck zu verheiraten. Laut Barel ist die Zeit reif, iOS und macOS in ein einheitliches &#8222;macOS Touch&#8220; verschmelzen zu lassen. <\/p>\n<p><a href=\"https:\/\/images.ifun.de\/wp-content\/uploads\/2017\/08\/macos-touch.jpg\"><img decoding=\"async\" src=\"https:\/\/images.ifun.de\/wp-content\/uploads\/2017\/08\/macos-touch.jpg\" alt=\"Macos Touch\" width=\"500\" class=\"aligncenter size-full wp-image-111681\" srcset=\"https:\/\/images.ifun.de\/wp-content\/uploads\/2017\/08\/macos-touch.jpg 1000w, https:\/\/images.ifun.de\/wp-content\/uploads\/2017\/08\/macos-touch-300x225.jpg 300w, https:\/\/images.ifun.de\/wp-content\/uploads\/2017\/08\/macos-touch-768x576.jpg 768w\" sizes=\"(max-width: 1000px) 100vw, 1000px\" \/><\/a><\/p>\n<p>Um nicht einfach nur zu fordern, sondern auch zu argumentieren hat Barel jetzt zahlreiche Interface-Entw\u00fcrfe vorgelegt, die seine Vorstellung eines gemeinsamen, plattform\u00fcbergreifenden Betriebssystems illustrieren. <\/p>\n<p>&#8222;macOS Touch&#8220;, so die Idee, w\u00fcrde sich perfekt f\u00fcr modulare MacBooks eigenen, deren Displays als iPad-\u00e4hnliche Ger\u00e4te auch ohne Tastatur und Peripherie genutzt werden k\u00f6nnten. <\/p>\n<p><a href=\"https:\/\/images.ifun.de\/wp-content\/uploads\/2017\/08\/macos-touch-modular.jpg\"><img loading=\"lazy\" decoding=\"async\" src=\"https:\/\/images.ifun.de\/wp-content\/uploads\/2017\/08\/macos-touch-modular.jpg\" alt=\"Macos Touch Modular\" width=\"1400\" height=\"528\" class=\"aligncenter size-full wp-image-111682\" srcset=\"https:\/\/images.ifun.de\/wp-content\/uploads\/2017\/08\/macos-touch-modular.jpg 1400w, https:\/\/images.ifun.de\/wp-content\/uploads\/2017\/08\/macos-touch-modular-300x113.jpg 300w, https:\/\/images.ifun.de\/wp-content\/uploads\/2017\/08\/macos-touch-modular-768x290.jpg 768w, https:\/\/images.ifun.de\/wp-content\/uploads\/2017\/08\/macos-touch-modular-1024x386.jpg 1024w\" sizes=\"auto, (max-width: 1400px) 100vw, 1400px\" \/><\/a><\/p>\n<p>\u00c4hnlich wie bei Google &#8211; hier arbeitet man ger\u00fcchteweise an dem Betriebssystem Fuchsia OS, das Android und Chrome OS miteinander kombinieren soll &#8211; w\u00fcrde ein entsprechendes Projekt auch bei Apple &#8222;Sinn machen&#8220;. <a href=\"https:\/\/uxplanet.org\/apple-its-time-to-merge-ios-with-macos-4f04c947c19d\">Barel schreibt<\/a>: <\/p>\n<blockquote><p>Think about it, nowadays, it makes a perfect sense to run a single OS, with a single SDK on top of every device made by Apple. [&#8230;] I think they\u2019ll have to merge iOS with macOS in some way, because even today, iOS 11 for the iPad Pro takes so many features from the macOS, it improves multitasking and lets users pull up an app from the dock, to drag it onto the screen and split the screen. [&#8230;] And yes, I don\u2019t think this would be an easy move for Apple, but I believe they\u2019ll do just fine, because if Microsoft proved it\u2019s possible, Apple should learn from it and provide us (the users) a good alternative to the Surface device family.<\/p><\/blockquote>\n<p>Alle Illustrationen zum Vorschlag lassen sich <a href=\"https:\/\/uxplanet.org\/apple-its-time-to-merge-ios-with-macos-4f04c947c19d\">hier einsehen<\/a>. <\/p>\n<p><div class=\"responsive-video\"><iframe loading=\"lazy\" width=\"700\" height=\"371\" src=\"https:\/\/www.youtube-nocookie.com\/embed\/rmjwmY687RI\" frameborder=\"0\" allowfullscreen><\/iframe><\/div><\/p>\n","protected":false},"excerpt":{"rendered":"<a href=\"https:\/\/www.ifun.de\/macos-touch-apple-its-time-to-merge-ios-with-macos-111680\/\"><img width=\"150\" height=\"150\" src=\"https:\/\/images.ifun.de\/wp-content\/uploads\/2017\/08\/touch-macos-150x150.jpg\" class=\"alignright tfe wp-post-image\" alt=\"Touch Macos\" decoding=\"async\" loading=\"lazy\" \/><\/a><p>Der Interface-Designer Avi Barel l\u00e4sst sich von der strikten Absage Steve Jobs an ein ber\u00fchrungsempfindliches Mac-Betriebssystem nicht beeindrucken und fordert Apple dazu auf, das mobile iOS-Betriebssystem endlich mit seinem Mac-Gegenst\u00fcck zu verheiraten. Laut Barel ist die Zeit reif, iOS und macOS in ein einheitliches &#8222;macOS Touch&#8220; verschmelzen zu lassen. Um nicht einfach nur zu fordern, [&hellip;]<\/p>\n","protected":false},"author":1,"featured_media":111683,"comment_status":"open","ping_status":"closed","sticky":false,"template":"","format":"standard","meta":{"_acf_changed":false,"footnotes":""},"categories":[9],"tags":[250,4738,4739,3095],"class_list":["post-111680","post","type-post","status-publish","format-standard","has-post-thumbnail","hentry","category-ios","tag-design","tag-entwickler","tag-ios","tag-macos"],"acf":[],"aioseo_notices":[],"featured_image":["https:\/\/images.ifun.de\/wp-content\/uploads\/2017\/08\/touch-os.jpg"],"subheadline":["Strategie-Vorschl\u00e4ge"],"rest_api_enabler":{"featured_image":"https:\/\/images.ifun.de\/wp-content\/uploads\/2017\/08\/touch-os.jpg","subheadline":"Strategie-Vorschl\u00e4ge"},"_links":{"self":[{"href":"https:\/\/www.ifun.de\/apiv2\/wp\/v2\/posts\/111680","targetHints":{"allow":["GET"]}}],"collection":[{"href":"https:\/\/www.ifun.de\/apiv2\/wp\/v2\/posts"}],"about":[{"href":"https:\/\/www.ifun.de\/apiv2\/wp\/v2\/types\/post"}],"author":[{"embeddable":true,"href":"https:\/\/www.ifun.de\/apiv2\/wp\/v2\/users\/1"}],"replies":[{"embeddable":true,"href":"https:\/\/www.ifun.de\/apiv2\/wp\/v2\/comments?post=111680"}],"version-history":[{"count":2,"href":"https:\/\/www.ifun.de\/apiv2\/wp\/v2\/posts\/111680\/revisions"}],"predecessor-version":[{"id":111685,"href":"https:\/\/www.ifun.de\/apiv2\/wp\/v2\/posts\/111680\/revisions\/111685"}],"wp:featuredmedia":[{"embeddable":true,"href":"https:\/\/www.ifun.de\/apiv2\/wp\/v2\/media\/111683"}],"wp:attachment":[{"href":"https:\/\/www.ifun.de\/apiv2\/wp\/v2\/media?parent=111680"}],"wp:term":[{"taxonomy":"category","embeddable":true,"href":"https:\/\/www.ifun.de\/apiv2\/wp\/v2\/categories?post=111680"},{"taxonomy":"post_tag","embeddable":true,"href":"https:\/\/www.ifun.de\/apiv2\/wp\/v2\/tags?post=111680"}],"curies":[{"name":"wp","href":"https:\/\/api.w.org\/{rel}","templated":true}]}}