{"id":111632,"date":"2017-08-10T17:18:43","date_gmt":"2017-08-10T15:18:43","guid":{"rendered":"https:\/\/www.ifun.de\/?p=111632"},"modified":"2017-08-10T21:08:56","modified_gmt":"2017-08-10T19:08:56","slug":"ipad-pro-verbraucherzentrale-warnt-vor-gravis-angebot","status":"publish","type":"post","link":"https:\/\/www.ifun.de\/ipad-pro-verbraucherzentrale-warnt-vor-gravis-angebot-111632\/","title":{"rendered":"iPad Pro: Verbraucherzentrale warnt vor Gravis-Angebot"},"content":{"rendered":"<p>Erst gestern haben wir uns mit Apples, nicht immer ganz <a href=\"https:\/\/www.iphone-ticker.de\/was-kommt-im-herbst-iphone-7s-iphone-8-oder-iphone-pro-115144\/\">eindeutigen Produktbezeichnungen<\/a> auseinandergesetzt &#8211; heute nimmt die Verbraucherzentrale NRW die fehlende Unterscheidbarkeit des iPad Pro 12,9&#8243; (2015) und des iPad Pro 12,9&#8243; (2017) zum Anlass vor einem aktuellen Gravis-Angebot <a href=\"https:\/\/www.verbraucherzentrale.nrw\/apple-ipad-pro\">zu warnen<\/a>. <\/p>\n<p><a href=\"https:\/\/images.ifun.de\/wp-content\/uploads\/2017\/08\/ipad-pro.png\"><img decoding=\"async\" src=\"https:\/\/images.ifun.de\/wp-content\/uploads\/2017\/08\/ipad-pro.png\" alt=\"Ipad Pro\" width=\"500\" class=\"aligncenter size-full wp-image-111634\" srcset=\"https:\/\/images.ifun.de\/wp-content\/uploads\/2017\/08\/ipad-pro.png 988w, https:\/\/images.ifun.de\/wp-content\/uploads\/2017\/08\/ipad-pro-300x176.png 300w, https:\/\/images.ifun.de\/wp-content\/uploads\/2017\/08\/ipad-pro-768x449.png 768w\" sizes=\"(max-width: 988px) 100vw, 988px\" \/><\/a><\/p>\n<p>So hatte der auf Apple-Produkte spezialisierte H\u00e4ndler eine Offerte in die Superbillig-Ecke des Auktionshauses eBay eingestellt: Im Rahmen einer eBay-WoW-Aktion bewarb Gravis das 12,9-Zoll-Modell des iPad Pro mit 256 GB Speicher zum Sonderpreis von 849 Euro und erkl\u00e4rte in der Produktbeschreibung, dass es sich um das &#8222;gr\u00f6\u00dfte und leistungsst\u00e4rkste iPad aller Zeiten&#8220; handeln w\u00fcrde. Interessierte K\u00e4ufer, die obendrein PayPal als Zahlungsmethode w\u00e4hlten, bekamen weitere 100 Euro erlassen.<\/p>\n<p>Das Problem: Gravis lieferte Bestellern nicht das aktuelle iPad Pro, sondern das Vorg\u00e4ngermodell von 2015 aus, das sich in Apples Filialgesch\u00e4ften l\u00e4ngst nicht mehr bestellen l\u00e4sst. Die Verbraucherzentrale hat Gravis zur Rede gestellt und schreibt: <\/p>\n<blockquote><p>Zwar hat Gravis nach Anfrage der Verbraucherzentrale die Werbung ver\u00e4ndert. Gleichwohl feiert der Shop im Kleingedruckten weiterhin das angeblich &#8222;leistungsf\u00e4higste iPad&#8220;.<\/p><\/blockquote>\n<p>Die Pressestelle des Einzelh\u00e4ndlers verwies zudem auf Apple. Das Unternehmen w\u00fcrde die Produktbeschreibung vorgeben. <\/p>\n<p>Dennoch scheint sich die Aktion f\u00fcr die inzwischen zu Mobilcom-Debitel geh\u00f6rende Handelsgruppe gelohnt zu haben:<\/p>\n<blockquote><p>Staunen l\u00f6st auch eine weitere &#8222;digitale Gravis-Idee&#8220; aus. Der Preis des alten Modells schoss nach der WoW-Aktion von 849 Euro auf 1118,90 Euro: 119,80 Euro mehr als das neue Modell im Hersteller-Store von Apple kostete.<\/p><\/blockquote>\n","protected":false},"excerpt":{"rendered":"<a href=\"https:\/\/www.ifun.de\/ipad-pro-verbraucherzentrale-warnt-vor-gravis-angebot-111632\/\"><img width=\"150\" height=\"150\" src=\"https:\/\/images.ifun.de\/wp-content\/uploads\/2017\/08\/ipad-pro-150x150.png\" class=\"alignright tfe wp-post-image\" alt=\"Ipad Pro\" decoding=\"async\" loading=\"lazy\" \/><\/a><p>Erst gestern haben wir uns mit Apples, nicht immer ganz eindeutigen Produktbezeichnungen auseinandergesetzt &#8211; heute nimmt die Verbraucherzentrale NRW die fehlende Unterscheidbarkeit des iPad Pro 12,9&#8243; (2015) und des iPad Pro 12,9&#8243; (2017) zum Anlass vor einem aktuellen Gravis-Angebot zu warnen. So hatte der auf Apple-Produkte spezialisierte H\u00e4ndler eine Offerte in die Superbillig-Ecke des Auktionshauses [&hellip;]<\/p>\n","protected":false},"author":1,"featured_media":111634,"comment_status":"open","ping_status":"closed","sticky":false,"template":"","format":"standard","meta":{"_acf_changed":false,"footnotes":""},"categories":[10],"tags":[3341,2819],"class_list":["post-111632","post","type-post","status-publish","format-standard","has-post-thumbnail","hentry","category-ipad","tag-gravis","tag-verbraucherzentrale"],"acf":[],"aioseo_notices":[],"subheadline":["Vermeintliches Wow-Schn\u00e4ppchen"],"featured_image":["https:\/\/images.ifun.de\/wp-content\/uploads\/2015\/12\/ipad-pro-foto.jpg"],"rest_api_enabler":{"subheadline":"Vermeintliches Wow-Schn\u00e4ppchen","featured_image":"https:\/\/images.ifun.de\/wp-content\/uploads\/2015\/12\/ipad-pro-foto.jpg"},"_links":{"self":[{"href":"https:\/\/www.ifun.de\/apiv2\/wp\/v2\/posts\/111632","targetHints":{"allow":["GET"]}}],"collection":[{"href":"https:\/\/www.ifun.de\/apiv2\/wp\/v2\/posts"}],"about":[{"href":"https:\/\/www.ifun.de\/apiv2\/wp\/v2\/types\/post"}],"author":[{"embeddable":true,"href":"https:\/\/www.ifun.de\/apiv2\/wp\/v2\/users\/1"}],"replies":[{"embeddable":true,"href":"https:\/\/www.ifun.de\/apiv2\/wp\/v2\/comments?post=111632"}],"version-history":[{"count":4,"href":"https:\/\/www.ifun.de\/apiv2\/wp\/v2\/posts\/111632\/revisions"}],"predecessor-version":[{"id":111649,"href":"https:\/\/www.ifun.de\/apiv2\/wp\/v2\/posts\/111632\/revisions\/111649"}],"wp:featuredmedia":[{"embeddable":true,"href":"https:\/\/www.ifun.de\/apiv2\/wp\/v2\/media\/111634"}],"wp:attachment":[{"href":"https:\/\/www.ifun.de\/apiv2\/wp\/v2\/media?parent=111632"}],"wp:term":[{"taxonomy":"category","embeddable":true,"href":"https:\/\/www.ifun.de\/apiv2\/wp\/v2\/categories?post=111632"},{"taxonomy":"post_tag","embeddable":true,"href":"https:\/\/www.ifun.de\/apiv2\/wp\/v2\/tags?post=111632"}],"curies":[{"name":"wp","href":"https:\/\/api.w.org\/{rel}","templated":true}]}}