{"id":111398,"date":"2017-08-04T18:31:48","date_gmt":"2017-08-04T16:31:48","guid":{"rendered":"https:\/\/www.ifun.de\/?p=111398"},"modified":"2017-08-04T18:31:48","modified_gmt":"2017-08-04T16:31:48","slug":"mobileme-icloud-vorlaeufer-mit-vermasseltem-start","status":"publish","type":"post","link":"https:\/\/www.ifun.de\/mobileme-icloud-vorlaeufer-mit-vermasseltem-start-111398\/","title":{"rendered":"MobileMe: iCloud-Vorl\u00e4ufer mit vermasseltem Start"},"content":{"rendered":"<p>Erinnert ihr euch noch an MobileMe? Heute j\u00e4hrt sich der Tag, an dem Apple-Chef Steve Jobs eingestehen musste, dass das ambitionierte Cloud-Projekt zu fr\u00fch gestartet ist. Am 4. August 2008 zog Jobs nach einem vermasselten Start die Rei\u00dfleine und k\u00fcndigte nicht nur eine grundlegende \u00dcberarbeitung an, sondern setzte den heute f\u00fcr alle Onlinedienste Apples verantwortlichen Manager Eddie Cue als Projektleiter ein.<\/p>\n<p><a href=\"https:\/\/images.ifun.de\/wp-content\/uploads\/2017\/08\/mobileme-screenshot.jpg\"><img loading=\"lazy\" decoding=\"async\" src=\"https:\/\/images.ifun.de\/wp-content\/uploads\/2017\/08\/mobileme-screenshot.jpg\" alt=\"Mobileme Screenshot\" width=\"500\" height=\"367\" class=\"alignnone size-full wp-image-111401\" srcset=\"https:\/\/images.ifun.de\/wp-content\/uploads\/2017\/08\/mobileme-screenshot.jpg 500w, https:\/\/images.ifun.de\/wp-content\/uploads\/2017\/08\/mobileme-screenshot-300x220.jpg 300w\" sizes=\"auto, (max-width: 500px) 100vw, 500px\" \/><\/a><\/p>\n<p>Die Kollegen von <a href=\"https:\/\/www.cultofmac.com\/495868\/today-in-apple-history-steve-jobs-acknowledges-mobileme-failure\/amp\/\">Cult of Mac<\/a> haben die Details der Geschichte zusammengetragen: MobileMe ging am 9. Juli 2008 an den Start und sollte Apple-Nutzer zum Jahrespreis von 99 Dollar mit einem wegweisenden Cloud-Angebot versorgen. Ein Jahr zuvor waren das iPhone und der iPod touch auf den Markt gekommen und MobileMe sollte Nutzer dabei unterst\u00fctzen, die auf diesen Ger\u00e4ten gespeicherten Daten per \u201eiSync\u201c mit dem heimischen Mac synchron zu halten. Im Preis inbegriffen war auch das von Apple bereits mit dem Vorl\u00e4ufer .Mac angebotene E-Mail-Konto, jetzt mit einer Push-Option f\u00fcr eingehende Mails.<\/p>\n<p>Die ersten MobileMe-Wochen waren allerdings von Fehlern und Systemausf\u00e4llen geplagt, f\u00fcr 1 Prozent aller Nutzer fiel der E-Mail-Dienst sogar rund eine Woche lang komplett aus. Das Debakel lie\u00df Apple irgendwann keine andere Wahl, als das Scheitern einzugestehen. Steve Jobs sprach dann auch Klartext sprach mit Bezug auf den Start von MobileMe als nicht die beste Stunde Apples. Man h\u00e4tte gleich mehrere Dinge besser machen m\u00fcssen, unter anderem sei es ein gro\u00dfer Fehler gewesen, den Dienst zeitgleich mit der Einf\u00fchrung des iPhone 3G und iOS 2.0 zu starten.<\/p>\n<p>Jobs k\u00fcndigte damals an, bis Jahresende eine Version des Dienstes anzubieten, auf die Apple stolz sein k\u00f6nne. So richtig in Gang kam MobileMe allerdings nie und wurde letztendlich im Sommer 2012 eingestellt. Bestehende Nutzer hatten damals mehr als ein halbes Jahr Zeit, ihre Accounts in die seit Oktober 2011 angebotene iCloud umzuziehen.<\/p>\n<h3>Die E-Mail von Steve Jobs im Original:<\/h3>\n<blockquote>\n<p>Team,<br \/>The launch of MobileMe was not our finest hour. There are several things we could have done better:<\/p>\n<ul>\n<li>MobileMe was simply not up to Apple\u2019s standards \u2013 it clearly needed more time and testing.<\/li>\n<li>Rather than launch MobileMe as a monolithic service, we could have launched over-the-air syncing with iPhone to begin with, followed by the web applications one by one \u2013 Mail first, followed 30 days later (if things went well with Mail) by Calendar, then 30 days later by Contacts.<\/li>\n<li>It was a mistake to launch MobileMe at the same time as iPhone 3G, iPhone 2.0 software and the App Store. We all had more than enough to do, and MobileMe could have been delayed without consequence.<\/li>\n<\/ul>\n<p>We are taking many steps to learn from this experience so that we can grow MobileMe into a service that our customers will love. One step that I can share with you today is that the MobileMe team will now report to Eddy Cue, who will lead all of our internet services: iTunes, the App Store and, starting today, MobileMe. Eddy\u2019s new title will be Vice President, Internet Services and he will now report directly to me.<br \/>The MobileMe launch clearly demonstrates that we have more to learn about Internet services. And learn we will. The vision of MobileMe is both exciting and ambitious, and we will press on to make it a service we are all proud of by the end of this year.<br \/>Steve<\/p>\n<\/blockquote>\n","protected":false},"excerpt":{"rendered":"<a href=\"https:\/\/www.ifun.de\/mobileme-icloud-vorlaeufer-mit-vermasseltem-start-111398\/\"><img width=\"150\" height=\"150\" src=\"https:\/\/images.ifun.de\/wp-content\/uploads\/2017\/08\/mobileme-screenshot-150x150.jpg\" class=\"alignright tfe wp-post-image\" alt=\"Mobileme Screenshot\" decoding=\"async\" loading=\"lazy\" \/><\/a><p>Erinnert ihr euch noch an MobileMe? Heute j\u00e4hrt sich der Tag, an dem Apple-Chef Steve Jobs eingestehen musste, dass das ambitionierte Cloud-Projekt zu fr\u00fch gestartet ist. Am 4. August 2008 zog Jobs nach einem vermasselten Start die Rei\u00dfleine und k\u00fcndigte nicht nur eine grundlegende \u00dcberarbeitung an, sondern setzte den heute f\u00fcr alle Onlinedienste Apples verantwortlichen [&hellip;]<\/p>\n","protected":false},"author":2,"featured_media":111401,"comment_status":"open","ping_status":"closed","sticky":false,"template":"","format":"standard","meta":{"_acf_changed":false,"footnotes":""},"categories":[3],"tags":[85,67],"class_list":["post-111398","post","type-post","status-publish","format-standard","has-post-thumbnail","hentry","category-apple","tag-mobileme","tag-steve-jobs"],"acf":[],"aioseo_notices":[],"featured_image":["https:\/\/images.ifun.de\/wp-content\/uploads\/2017\/08\/mobileme-header.jpg"],"subheadline":["Apple-Geschichte"],"rest_api_enabler":{"featured_image":"https:\/\/images.ifun.de\/wp-content\/uploads\/2017\/08\/mobileme-header.jpg","subheadline":"Apple-Geschichte"},"_links":{"self":[{"href":"https:\/\/www.ifun.de\/apiv2\/wp\/v2\/posts\/111398","targetHints":{"allow":["GET"]}}],"collection":[{"href":"https:\/\/www.ifun.de\/apiv2\/wp\/v2\/posts"}],"about":[{"href":"https:\/\/www.ifun.de\/apiv2\/wp\/v2\/types\/post"}],"author":[{"embeddable":true,"href":"https:\/\/www.ifun.de\/apiv2\/wp\/v2\/users\/2"}],"replies":[{"embeddable":true,"href":"https:\/\/www.ifun.de\/apiv2\/wp\/v2\/comments?post=111398"}],"version-history":[{"count":4,"href":"https:\/\/www.ifun.de\/apiv2\/wp\/v2\/posts\/111398\/revisions"}],"predecessor-version":[{"id":111404,"href":"https:\/\/www.ifun.de\/apiv2\/wp\/v2\/posts\/111398\/revisions\/111404"}],"wp:featuredmedia":[{"embeddable":true,"href":"https:\/\/www.ifun.de\/apiv2\/wp\/v2\/media\/111401"}],"wp:attachment":[{"href":"https:\/\/www.ifun.de\/apiv2\/wp\/v2\/media?parent=111398"}],"wp:term":[{"taxonomy":"category","embeddable":true,"href":"https:\/\/www.ifun.de\/apiv2\/wp\/v2\/categories?post=111398"},{"taxonomy":"post_tag","embeddable":true,"href":"https:\/\/www.ifun.de\/apiv2\/wp\/v2\/tags?post=111398"}],"curies":[{"name":"wp","href":"https:\/\/api.w.org\/{rel}","templated":true}]}}