{"id":111094,"date":"2017-07-28T07:54:50","date_gmt":"2017-07-28T05:54:50","guid":{"rendered":"https:\/\/www.ifun.de\/?p=111094"},"modified":"2017-07-28T07:57:58","modified_gmt":"2017-07-28T05:57:58","slug":"tue-gutes-und-rede-darueber-apples-verspaetetes-earth-day-video","status":"publish","type":"post","link":"https:\/\/www.ifun.de\/tue-gutes-und-rede-darueber-apples-verspaetetes-earth-day-video-111094\/","title":{"rendered":"Tue Gutes und rede dar\u00fcber: Apples versp\u00e4tetes &#8222;Earth Day&#8220;-Video"},"content":{"rendered":"<p>Zwar liegt der diesj\u00e4hrige <a href=\"https:\/\/de.wikipedia.org\/wiki\/Tag_der_Erde\">Tag der Erde<\/a> bereits drei Monate hinter uns, f\u00fcr Apples Marketing-Abteilung ist der &#8222;Earth Day 2017&#8220; jedoch noch nicht gelaufen. So hat Cupertino jetzt das 60-Sekunden-Video &#8222;Kann aus einem Apfel ein Wald wachsen?&#8220; ver\u00f6ffentlicht. <\/p>\n<p><a href=\"https:\/\/images.ifun.de\/wp-content\/uploads\/2017\/07\/lisa.jpg\"><img decoding=\"async\" src=\"https:\/\/images.ifun.de\/wp-content\/uploads\/2017\/07\/lisa.jpg\" alt=\"Lisa\" width=\"500\" class=\"aligncenter size-full wp-image-111095\" srcset=\"https:\/\/images.ifun.de\/wp-content\/uploads\/2017\/07\/lisa.jpg 1000w, https:\/\/images.ifun.de\/wp-content\/uploads\/2017\/07\/lisa-300x211.jpg 300w, https:\/\/images.ifun.de\/wp-content\/uploads\/2017\/07\/lisa-768x539.jpg 768w\" sizes=\"(max-width: 1000px) 100vw, 1000px\" \/><\/a><\/p>\n<p>Der handgezeichnete Clip erz\u00e4hlt eine Anekdote aus der Chefetage des iPhone-Fertigers und beschreibt wie die Apple-Managering <a href=\"https:\/\/www.apple.com\/leadership\/lisa-jackson\/\">Lisa Jackson<\/a> eigentlich nur mit den Kollegen essen gehen wollte, sich im Laufe des Abends aber daf\u00fcr entschied, Apples \u00d6ko-Investitionen auszubauen. \u00d6ffentlichkeitsarbeit f\u00fcr die Generation YouTube. <\/p>\n<blockquote><p>Lisa Jackson, bei Apple f\u00fcr die Umwelt verantwortlich, wollte an diesem Abend nur mit ihren Kollegen essen gehen. Aber dann machten sie einen Plan, bis 2020 gut 400.000 Hektar Wald verantwortungsvoll zu bewirtschaften.<\/p><\/blockquote>\n<p><div class=\"responsive-video\"><iframe loading=\"lazy\" width=\"700\" height=\"371\" src=\"https:\/\/www.youtube.com\/embed\/1upxFSPG6KM\" frameborder=\"0\" allowfullscreen><\/iframe><\/div><\/p>\n","protected":false},"excerpt":{"rendered":"<a href=\"https:\/\/www.ifun.de\/tue-gutes-und-rede-darueber-apples-verspaetetes-earth-day-video-111094\/\"><img width=\"150\" height=\"150\" src=\"https:\/\/images.ifun.de\/wp-content\/uploads\/2017\/07\/apple-150x150.jpg\" class=\"alignright tfe wp-post-image\" alt=\"Apple\" decoding=\"async\" loading=\"lazy\" \/><\/a><p>Zwar liegt der diesj\u00e4hrige Tag der Erde bereits drei Monate hinter uns, f\u00fcr Apples Marketing-Abteilung ist der &#8222;Earth Day 2017&#8220; jedoch noch nicht gelaufen. So hat Cupertino jetzt das 60-Sekunden-Video &#8222;Kann aus einem Apfel ein Wald wachsen?&#8220; ver\u00f6ffentlicht. Der handgezeichnete Clip erz\u00e4hlt eine Anekdote aus der Chefetage des iPhone-Fertigers und beschreibt wie die Apple-Managering Lisa [&hellip;]<\/p>\n","protected":false},"author":1,"featured_media":111096,"comment_status":"open","ping_status":"closed","sticky":false,"template":"","format":"standard","meta":{"footnotes":""},"categories":[3,20],"tags":[4736,1898,31,30],"class_list":["post-111094","post","type-post","status-publish","format-standard","has-post-thumbnail","hentry","category-apple","category-videos","tag-apple","tag-earth","tag-video","tag-werbung"],"aioseo_notices":[],"aioseo_head":"\n\t\t<!-- All in One SEO Pro 5.0.1.1 - aioseo.com -->\n\t<meta name=\"description\" content=\"Zwar liegt der diesj\u00e4hrige Tag der Erde bereits drei Monate hinter uns, f\u00fcr Apples Marketing-Abteilung ist der &quot;Earth Day 2017&quot; jedoch noch nicht gelaufen. So hat Cupertino jetzt das 60-Sekunden-Video &quot;Kann aus einem Apfel ein Wald wachsen?&quot; ver\u00f6ffentlicht. Der handgezeichnete Clip erz\u00e4hlt eine Anekdote aus der Chefetage des iPhone-Fertigers und beschreibt wie die Apple-Managering Lisa\" \/>\n\t<meta name=\"robots\" content=\"max-image-preview:large\" \/>\n\t<meta name=\"author\" content=\"Nicolas\"\/>\n\t<meta name=\"google-site-verification\" content=\"uH_IhWlZO-QDb51DGwVoGT_GCZmfJp98klL3XmbE3ow\" \/>\n\t<link rel=\"canonical\" href=\"https:\/\/www.ifun.de\/tue-gutes-und-rede-darueber-apples-verspaetetes-earth-day-video-111094\/\" \/>\n\t<meta name=\"generator\" content=\"All in One SEO Pro (AIOSEO) 5.0.1.1\" \/>\n\t\t<meta property=\"og:locale\" content=\"de_DE\" \/>\n\t\t<meta property=\"og:site_name\" content=\"ifun.de | Apple-News seit 2001\" \/>\n\t\t<meta property=\"og:type\" content=\"article\" \/>\n\t\t<meta property=\"og:title\" content=\"Tue Gutes und rede dar\u00fcber: Apples versp\u00e4tetes \u201eEarth Day\u201c-Video | ifun.de\" \/>\n\t\t<meta property=\"og:description\" content=\"Zwar liegt der diesj\u00e4hrige Tag der Erde bereits drei Monate hinter uns, f\u00fcr Apples Marketing-Abteilung ist der &quot;Earth Day 2017&quot; jedoch noch nicht gelaufen. So hat Cupertino jetzt das 60-Sekunden-Video &quot;Kann aus einem Apfel ein Wald wachsen?&quot; ver\u00f6ffentlicht. Der handgezeichnete Clip erz\u00e4hlt eine Anekdote aus der Chefetage des iPhone-Fertigers und beschreibt wie die Apple-Managering Lisa\" \/>\n\t\t<meta property=\"og:url\" content=\"https:\/\/www.ifun.de\/tue-gutes-und-rede-darueber-apples-verspaetetes-earth-day-video-111094\/\" \/>\n\t\t<meta property=\"og:image\" content=\"https:\/\/images.ifun.de\/wp-content\/uploads\/2017\/07\/apple.jpg\" \/>\n\t\t<meta property=\"og:image:secure_url\" content=\"https:\/\/images.ifun.de\/wp-content\/uploads\/2017\/07\/apple.jpg\" \/>\n\t\t<meta property=\"og:image:width\" content=\"960\" \/>\n\t\t<meta property=\"og:image:height\" content=\"378\" \/>\n\t\t<meta property=\"article:published_time\" content=\"2017-07-28T05:54:50+00:00\" \/>\n\t\t<meta property=\"article:modified_time\" content=\"2017-07-28T05:57:58+00:00\" \/>\n\t\t<meta property=\"article:publisher\" content=\"https:\/\/facebook.com\/ifun.de\" \/>\n\t\t<meta name=\"twitter:card\" content=\"summary_large_image\" \/>\n\t\t<meta name=\"twitter:site\" content=\"@ifun_news\" \/>\n\t\t<meta name=\"twitter:title\" content=\"Tue Gutes und rede dar\u00fcber: Apples versp\u00e4tetes \u201eEarth Day\u201c-Video | ifun.de\" \/>\n\t\t<meta name=\"twitter:description\" content=\"Zwar liegt der diesj\u00e4hrige Tag der Erde bereits drei Monate hinter uns, f\u00fcr Apples Marketing-Abteilung ist der &quot;Earth Day 2017&quot; jedoch noch nicht gelaufen. So hat Cupertino jetzt das 60-Sekunden-Video &quot;Kann aus einem Apfel ein Wald wachsen?&quot; ver\u00f6ffentlicht. Der handgezeichnete Clip erz\u00e4hlt eine Anekdote aus der Chefetage des iPhone-Fertigers und beschreibt wie die Apple-Managering Lisa\" \/>\n\t\t<meta name=\"twitter:creator\" content=\"@ifun_news\" \/>\n\t\t<meta name=\"twitter:image\" content=\"https:\/\/images.ifun.de\/wp-content\/uploads\/2017\/07\/apple.jpg\" \/>\n\t\t<script type=\"application\/ld+json\" class=\"aioseo-schema\">\n\t\t\t{\"@context\":\"https:\\\/\\\/schema.org\",\"@graph\":[{\"@type\":\"Article\",\"@id\":\"https:\\\/\\\/www.ifun.de\\\/tue-gutes-und-rede-darueber-apples-verspaetetes-earth-day-video-111094\\\/#article\",\"name\":\"Tue Gutes und rede dar\\u00fcber: Apples versp\\u00e4tetes \\u201eEarth Day\\u201c-Video | ifun.de\",\"headline\":\"Tue Gutes und rede dar\\u00fcber: Apples versp\\u00e4tetes &#8222;Earth Day&#8220;-Video\",\"author\":{\"@id\":\"https:\\\/\\\/www.ifun.de\\\/author\\\/admin\\\/#author\"},\"publisher\":{\"@id\":\"https:\\\/\\\/www.ifun.de\\\/#organization\"},\"image\":{\"@type\":\"ImageObject\",\"url\":\"https:\\\/\\\/images.ifun.de\\\/wp-content\\\/uploads\\\/2017\\\/07\\\/apple.jpg\",\"width\":960,\"height\":378,\"caption\":\"Apple\"},\"datePublished\":\"2017-07-28T07:54:50+02:00\",\"dateModified\":\"2017-07-28T07:57:58+02:00\",\"inLanguage\":\"de-DE\",\"commentCount\":9,\"mainEntityOfPage\":{\"@id\":\"https:\\\/\\\/www.ifun.de\\\/tue-gutes-und-rede-darueber-apples-verspaetetes-earth-day-video-111094\\\/#webpage\"},\"isPartOf\":{\"@id\":\"https:\\\/\\\/www.ifun.de\\\/tue-gutes-und-rede-darueber-apples-verspaetetes-earth-day-video-111094\\\/#webpage\"},\"articleSection\":\"Apple, Videos, Apple, Earth, Video, Werbung\"},{\"@type\":\"BreadcrumbList\",\"@id\":\"https:\\\/\\\/www.ifun.de\\\/tue-gutes-und-rede-darueber-apples-verspaetetes-earth-day-video-111094\\\/#breadcrumblist\",\"itemListElement\":[{\"@type\":\"ListItem\",\"@id\":\"https:\\\/\\\/www.ifun.de#listItem\",\"position\":1,\"name\":\"Home\",\"item\":\"https:\\\/\\\/www.ifun.de\",\"nextItem\":{\"@type\":\"ListItem\",\"@id\":\"https:\\\/\\\/www.ifun.de\\\/category\\\/apple\\\/#listItem\",\"name\":\"Apple\"}},{\"@type\":\"ListItem\",\"@id\":\"https:\\\/\\\/www.ifun.de\\\/category\\\/apple\\\/#listItem\",\"position\":2,\"name\":\"Apple\",\"item\":\"https:\\\/\\\/www.ifun.de\\\/category\\\/apple\\\/\",\"nextItem\":{\"@type\":\"ListItem\",\"@id\":\"https:\\\/\\\/www.ifun.de\\\/tue-gutes-und-rede-darueber-apples-verspaetetes-earth-day-video-111094\\\/#listItem\",\"name\":\"Tue Gutes und rede dar\\u00fcber: Apples versp\\u00e4tetes &#8222;Earth Day&#8220;-Video\"},\"previousItem\":{\"@type\":\"ListItem\",\"@id\":\"https:\\\/\\\/www.ifun.de#listItem\",\"name\":\"Home\"}},{\"@type\":\"ListItem\",\"@id\":\"https:\\\/\\\/www.ifun.de\\\/tue-gutes-und-rede-darueber-apples-verspaetetes-earth-day-video-111094\\\/#listItem\",\"position\":3,\"name\":\"Tue Gutes und rede dar\\u00fcber: Apples versp\\u00e4tetes &#8222;Earth Day&#8220;-Video\",\"previousItem\":{\"@type\":\"ListItem\",\"@id\":\"https:\\\/\\\/www.ifun.de\\\/category\\\/apple\\\/#listItem\",\"name\":\"Apple\"}}]},{\"@type\":\"Organization\",\"@id\":\"https:\\\/\\\/www.ifun.de\\\/#organization\",\"name\":\"ifun.de\",\"description\":\"Apple-News seit 2001\",\"url\":\"https:\\\/\\\/www.ifun.de\\\/\",\"telephone\":\"+493057707123\",\"logo\":{\"@type\":\"ImageObject\",\"url\":\"https:\\\/\\\/images.ifun.de\\\/wp-content\\\/uploads\\\/2026\\\/02\\\/apple-touch-icon.png\",\"@id\":\"https:\\\/\\\/www.ifun.de\\\/tue-gutes-und-rede-darueber-apples-verspaetetes-earth-day-video-111094\\\/#organizationLogo\",\"width\":512,\"height\":512,\"caption\":\"Apple Touch Icon\"},\"image\":{\"@id\":\"https:\\\/\\\/www.ifun.de\\\/tue-gutes-und-rede-darueber-apples-verspaetetes-earth-day-video-111094\\\/#organizationLogo\"},\"sameAs\":[\"https:\\\/\\\/facebook.com\\\/ifun.de\",\"https:\\\/\\\/x.com\\\/ifun_news\"]},{\"@type\":\"Person\",\"@id\":\"https:\\\/\\\/www.ifun.de\\\/author\\\/admin\\\/#author\",\"url\":\"https:\\\/\\\/www.ifun.de\\\/author\\\/admin\\\/\",\"name\":\"Nicolas\"},{\"@type\":\"WebPage\",\"@id\":\"https:\\\/\\\/www.ifun.de\\\/tue-gutes-und-rede-darueber-apples-verspaetetes-earth-day-video-111094\\\/#webpage\",\"url\":\"https:\\\/\\\/www.ifun.de\\\/tue-gutes-und-rede-darueber-apples-verspaetetes-earth-day-video-111094\\\/\",\"name\":\"Tue Gutes und rede dar\\u00fcber: Apples versp\\u00e4tetes \\u201eEarth Day\\u201c-Video | ifun.de\",\"description\":\"Zwar liegt der diesj\\u00e4hrige Tag der Erde bereits drei Monate hinter uns, f\\u00fcr Apples Marketing-Abteilung ist der \\\"Earth Day 2017\\\" jedoch noch nicht gelaufen. So hat Cupertino jetzt das 60-Sekunden-Video \\\"Kann aus einem Apfel ein Wald wachsen?\\\" ver\\u00f6ffentlicht. Der handgezeichnete Clip erz\\u00e4hlt eine Anekdote aus der Chefetage des iPhone-Fertigers und beschreibt wie die Apple-Managering Lisa\",\"inLanguage\":\"de-DE\",\"isPartOf\":{\"@id\":\"https:\\\/\\\/www.ifun.de\\\/#website\"},\"breadcrumb\":{\"@id\":\"https:\\\/\\\/www.ifun.de\\\/tue-gutes-und-rede-darueber-apples-verspaetetes-earth-day-video-111094\\\/#breadcrumblist\"},\"author\":{\"@id\":\"https:\\\/\\\/www.ifun.de\\\/author\\\/admin\\\/#author\"},\"creator\":{\"@id\":\"https:\\\/\\\/www.ifun.de\\\/author\\\/admin\\\/#author\"},\"image\":{\"@type\":\"ImageObject\",\"url\":\"https:\\\/\\\/images.ifun.de\\\/wp-content\\\/uploads\\\/2017\\\/07\\\/apple.jpg\",\"@id\":\"https:\\\/\\\/www.ifun.de\\\/tue-gutes-und-rede-darueber-apples-verspaetetes-earth-day-video-111094\\\/#mainImage\",\"width\":960,\"height\":378,\"caption\":\"Apple\"},\"primaryImageOfPage\":{\"@id\":\"https:\\\/\\\/www.ifun.de\\\/tue-gutes-und-rede-darueber-apples-verspaetetes-earth-day-video-111094\\\/#mainImage\"},\"datePublished\":\"2017-07-28T07:54:50+02:00\",\"dateModified\":\"2017-07-28T07:57:58+02:00\"},{\"@type\":\"WebSite\",\"@id\":\"https:\\\/\\\/www.ifun.de\\\/#website\",\"url\":\"https:\\\/\\\/www.ifun.de\\\/\",\"name\":\"ifun.de\",\"description\":\"Apple-News seit 2001\",\"inLanguage\":\"de-DE\",\"publisher\":{\"@id\":\"https:\\\/\\\/www.ifun.de\\\/#organization\"}}]}\n\t\t<\/script>\n\t\t<!-- All in One SEO Pro -->\r\n\t\t<title>Tue Gutes und rede dar\u00fcber: Apples versp\u00e4tetes \u201eEarth Day\u201c-Video | ifun.de<\/title>\n\n","aioseo_head_json":{"title":"Tue Gutes und rede dar\u00fcber: Apples versp\u00e4tetes \u201eEarth Day\u201c-Video | ifun.de","description":"Zwar liegt der diesj\u00e4hrige Tag der Erde bereits drei Monate hinter uns, f\u00fcr Apples Marketing-Abteilung ist der \"Earth Day 2017\" jedoch noch nicht gelaufen. So hat Cupertino jetzt das 60-Sekunden-Video \"Kann aus einem Apfel ein Wald wachsen?\" ver\u00f6ffentlicht. Der handgezeichnete Clip erz\u00e4hlt eine Anekdote aus der Chefetage des iPhone-Fertigers und beschreibt wie die Apple-Managering Lisa","canonical_url":"https:\/\/www.ifun.de\/tue-gutes-und-rede-darueber-apples-verspaetetes-earth-day-video-111094\/","robots":"max-image-preview:large","keywords":"","webmasterTools":{"google-site-verification":"uH_IhWlZO-QDb51DGwVoGT_GCZmfJp98klL3XmbE3ow","miscellaneous":""},"schema":{"@context":"https:\/\/schema.org","@graph":[{"@type":"Article","@id":"https:\/\/www.ifun.de\/tue-gutes-und-rede-darueber-apples-verspaetetes-earth-day-video-111094\/#article","name":"Tue Gutes und rede dar\u00fcber: Apples versp\u00e4tetes \u201eEarth Day\u201c-Video | ifun.de","headline":"Tue Gutes und rede dar\u00fcber: Apples versp\u00e4tetes &#8222;Earth Day&#8220;-Video","author":{"@id":"https:\/\/www.ifun.de\/author\/admin\/#author"},"publisher":{"@id":"https:\/\/www.ifun.de\/#organization"},"image":{"@type":"ImageObject","url":"https:\/\/images.ifun.de\/wp-content\/uploads\/2017\/07\/apple.jpg","width":960,"height":378,"caption":"Apple"},"datePublished":"2017-07-28T07:54:50+02:00","dateModified":"2017-07-28T07:57:58+02:00","inLanguage":"de-DE","commentCount":9,"mainEntityOfPage":{"@id":"https:\/\/www.ifun.de\/tue-gutes-und-rede-darueber-apples-verspaetetes-earth-day-video-111094\/#webpage"},"isPartOf":{"@id":"https:\/\/www.ifun.de\/tue-gutes-und-rede-darueber-apples-verspaetetes-earth-day-video-111094\/#webpage"},"articleSection":"Apple, Videos, Apple, Earth, Video, Werbung"},{"@type":"BreadcrumbList","@id":"https:\/\/www.ifun.de\/tue-gutes-und-rede-darueber-apples-verspaetetes-earth-day-video-111094\/#breadcrumblist","itemListElement":[{"@type":"ListItem","@id":"https:\/\/www.ifun.de#listItem","position":1,"name":"Home","item":"https:\/\/www.ifun.de","nextItem":{"@type":"ListItem","@id":"https:\/\/www.ifun.de\/category\/apple\/#listItem","name":"Apple"}},{"@type":"ListItem","@id":"https:\/\/www.ifun.de\/category\/apple\/#listItem","position":2,"name":"Apple","item":"https:\/\/www.ifun.de\/category\/apple\/","nextItem":{"@type":"ListItem","@id":"https:\/\/www.ifun.de\/tue-gutes-und-rede-darueber-apples-verspaetetes-earth-day-video-111094\/#listItem","name":"Tue Gutes und rede dar\u00fcber: Apples versp\u00e4tetes &#8222;Earth Day&#8220;-Video"},"previousItem":{"@type":"ListItem","@id":"https:\/\/www.ifun.de#listItem","name":"Home"}},{"@type":"ListItem","@id":"https:\/\/www.ifun.de\/tue-gutes-und-rede-darueber-apples-verspaetetes-earth-day-video-111094\/#listItem","position":3,"name":"Tue Gutes und rede dar\u00fcber: Apples versp\u00e4tetes &#8222;Earth Day&#8220;-Video","previousItem":{"@type":"ListItem","@id":"https:\/\/www.ifun.de\/category\/apple\/#listItem","name":"Apple"}}]},{"@type":"Organization","@id":"https:\/\/www.ifun.de\/#organization","name":"ifun.de","description":"Apple-News seit 2001","url":"https:\/\/www.ifun.de\/","telephone":"+493057707123","logo":{"@type":"ImageObject","url":"https:\/\/images.ifun.de\/wp-content\/uploads\/2026\/02\/apple-touch-icon.png","@id":"https:\/\/www.ifun.de\/tue-gutes-und-rede-darueber-apples-verspaetetes-earth-day-video-111094\/#organizationLogo","width":512,"height":512,"caption":"Apple Touch Icon"},"image":{"@id":"https:\/\/www.ifun.de\/tue-gutes-und-rede-darueber-apples-verspaetetes-earth-day-video-111094\/#organizationLogo"},"sameAs":["https:\/\/facebook.com\/ifun.de","https:\/\/x.com\/ifun_news"]},{"@type":"Person","@id":"https:\/\/www.ifun.de\/author\/admin\/#author","url":"https:\/\/www.ifun.de\/author\/admin\/","name":"Nicolas"},{"@type":"WebPage","@id":"https:\/\/www.ifun.de\/tue-gutes-und-rede-darueber-apples-verspaetetes-earth-day-video-111094\/#webpage","url":"https:\/\/www.ifun.de\/tue-gutes-und-rede-darueber-apples-verspaetetes-earth-day-video-111094\/","name":"Tue Gutes und rede dar\u00fcber: Apples versp\u00e4tetes \u201eEarth Day\u201c-Video | ifun.de","description":"Zwar liegt der diesj\u00e4hrige Tag der Erde bereits drei Monate hinter uns, f\u00fcr Apples Marketing-Abteilung ist der \"Earth Day 2017\" jedoch noch nicht gelaufen. So hat Cupertino jetzt das 60-Sekunden-Video \"Kann aus einem Apfel ein Wald wachsen?\" ver\u00f6ffentlicht. Der handgezeichnete Clip erz\u00e4hlt eine Anekdote aus der Chefetage des iPhone-Fertigers und beschreibt wie die Apple-Managering Lisa","inLanguage":"de-DE","isPartOf":{"@id":"https:\/\/www.ifun.de\/#website"},"breadcrumb":{"@id":"https:\/\/www.ifun.de\/tue-gutes-und-rede-darueber-apples-verspaetetes-earth-day-video-111094\/#breadcrumblist"},"author":{"@id":"https:\/\/www.ifun.de\/author\/admin\/#author"},"creator":{"@id":"https:\/\/www.ifun.de\/author\/admin\/#author"},"image":{"@type":"ImageObject","url":"https:\/\/images.ifun.de\/wp-content\/uploads\/2017\/07\/apple.jpg","@id":"https:\/\/www.ifun.de\/tue-gutes-und-rede-darueber-apples-verspaetetes-earth-day-video-111094\/#mainImage","width":960,"height":378,"caption":"Apple"},"primaryImageOfPage":{"@id":"https:\/\/www.ifun.de\/tue-gutes-und-rede-darueber-apples-verspaetetes-earth-day-video-111094\/#mainImage"},"datePublished":"2017-07-28T07:54:50+02:00","dateModified":"2017-07-28T07:57:58+02:00"},{"@type":"WebSite","@id":"https:\/\/www.ifun.de\/#website","url":"https:\/\/www.ifun.de\/","name":"ifun.de","description":"Apple-News seit 2001","inLanguage":"de-DE","publisher":{"@id":"https:\/\/www.ifun.de\/#organization"}}]},"og:locale":"de_DE","og:site_name":"ifun.de | Apple-News seit 2001","og:type":"article","og:title":"Tue Gutes und rede dar\u00fcber: Apples versp\u00e4tetes \u201eEarth Day\u201c-Video | ifun.de","og:description":"Zwar liegt der diesj\u00e4hrige Tag der Erde bereits drei Monate hinter uns, f\u00fcr Apples Marketing-Abteilung ist der &quot;Earth Day 2017&quot; jedoch noch nicht gelaufen. So hat Cupertino jetzt das 60-Sekunden-Video &quot;Kann aus einem Apfel ein Wald wachsen?&quot; ver\u00f6ffentlicht. Der handgezeichnete Clip erz\u00e4hlt eine Anekdote aus der Chefetage des iPhone-Fertigers und beschreibt wie die Apple-Managering Lisa","og:url":"https:\/\/www.ifun.de\/tue-gutes-und-rede-darueber-apples-verspaetetes-earth-day-video-111094\/","og:image":"https:\/\/images.ifun.de\/wp-content\/uploads\/2017\/07\/apple.jpg","og:image:secure_url":"https:\/\/images.ifun.de\/wp-content\/uploads\/2017\/07\/apple.jpg","og:image:width":960,"og:image:height":378,"article:published_time":"2017-07-28T05:54:50+00:00","article:modified_time":"2017-07-28T05:57:58+00:00","article:publisher":"https:\/\/facebook.com\/ifun.de","twitter:card":"summary_large_image","twitter:site":"@ifun_news","twitter:title":"Tue Gutes und rede dar\u00fcber: Apples versp\u00e4tetes \u201eEarth Day\u201c-Video | ifun.de","twitter:description":"Zwar liegt der diesj\u00e4hrige Tag der Erde bereits drei Monate hinter uns, f\u00fcr Apples Marketing-Abteilung ist der &quot;Earth Day 2017&quot; jedoch noch nicht gelaufen. So hat Cupertino jetzt das 60-Sekunden-Video &quot;Kann aus einem Apfel ein Wald wachsen?&quot; ver\u00f6ffentlicht. Der handgezeichnete Clip erz\u00e4hlt eine Anekdote aus der Chefetage des iPhone-Fertigers und beschreibt wie die Apple-Managering Lisa","twitter:creator":"@ifun_news","twitter:image":"https:\/\/images.ifun.de\/wp-content\/uploads\/2017\/07\/apple.jpg"},"aioseo_meta_data":{"post_id":"111094","title":null,"description":null,"keywords":null,"keyphrases":null,"primary_term":null,"canonical_url":null,"og_title":null,"og_description":null,"og_object_type":"default","og_image_type":"default","og_image_url":null,"og_image_width":null,"og_image_height":null,"og_image_custom_url":null,"og_image_custom_fields":null,"og_video":null,"og_custom_url":null,"og_article_section":null,"og_article_tags":null,"twitter_use_og":false,"twitter_card":"default","twitter_image_type":"default","twitter_image_url":null,"twitter_image_custom_url":null,"twitter_image_custom_fields":null,"twitter_title":null,"twitter_description":null,"schema":{"blockGraphs":[],"customGraphs":[],"default":{"data":{"Article":[],"Course":[],"Dataset":[],"FAQPage":[],"Movie":[],"Person":[],"Product":[],"ProductReview":[],"Car":[],"Recipe":[],"Service":[],"SoftwareApplication":[],"WebPage":[]},"graphName":"Article","isEnabled":true},"graphs":[]},"schema_type":"default","schema_type_options":null,"pillar_content":false,"robots_default":true,"robots_noindex":false,"robots_noarchive":false,"robots_nosnippet":false,"robots_nofollow":false,"robots_noimageindex":false,"robots_noodp":false,"robots_notranslate":false,"robots_max_snippet":null,"robots_max_videopreview":null,"robots_max_imagepreview":"large","priority":null,"frequency":null,"local_seo":null,"seo_analyzer_scan_date":null,"breadcrumb_settings":null,"limit_modified_date":false,"reviewed_by":null,"open_ai":null,"ai":null,"created":"2026-02-24 14:08:42","updated":"2026-02-24 14:08:42","focus_keyword":null,"additional_keywords":null,"truseo_locale":null},"aioseo_breadcrumb":"<div class=\"aioseo-breadcrumbs\"><span class=\"aioseo-breadcrumb\">\n\t<a href=\"https:\/\/www.ifun.de\" title=\"Home\">Home<\/a>\n<\/span><span class=\"aioseo-breadcrumb-separator\">\u00bb<\/span><span class=\"aioseo-breadcrumb\">\n\t<a href=\"https:\/\/www.ifun.de\/category\/apple\/\" title=\"Apple\">Apple<\/a>\n<\/span><span class=\"aioseo-breadcrumb-separator\">\u00bb<\/span><span class=\"aioseo-breadcrumb\">\n\tTue Gutes und rede dar\u00fcber: Apples versp\u00e4tetes \u201eEarth Day\u201c-Video\n<\/span><\/div>","aioseo_breadcrumb_json":[{"label":"Home","link":"https:\/\/www.ifun.de"},{"label":"Apple","link":"https:\/\/www.ifun.de\/category\/apple\/"},{"label":"Tue Gutes und rede dar\u00fcber: Apples versp\u00e4tetes &#8222;Earth Day&#8220;-Video","link":"https:\/\/www.ifun.de\/tue-gutes-und-rede-darueber-apples-verspaetetes-earth-day-video-111094\/"}],"subheadline":["Mit 100 Tagen Verz\u00f6gerung"],"featured_image":["https:\/\/images.ifun.de\/wp-content\/uploads\/2017\/07\/apple.jpg"],"rest_api_enabler":{"subheadline":"Mit 100 Tagen Verz\u00f6gerung","featured_image":"https:\/\/images.ifun.de\/wp-content\/uploads\/2017\/07\/apple.jpg"},"_links":{"self":[{"href":"https:\/\/www.ifun.de\/apiv2\/wp\/v2\/posts\/111094","targetHints":{"allow":["GET"]}}],"collection":[{"href":"https:\/\/www.ifun.de\/apiv2\/wp\/v2\/posts"}],"about":[{"href":"https:\/\/www.ifun.de\/apiv2\/wp\/v2\/types\/post"}],"author":[{"embeddable":true,"href":"https:\/\/www.ifun.de\/apiv2\/wp\/v2\/users\/1"}],"replies":[{"embeddable":true,"href":"https:\/\/www.ifun.de\/apiv2\/wp\/v2\/comments?post=111094"}],"version-history":[{"count":2,"href":"https:\/\/www.ifun.de\/apiv2\/wp\/v2\/posts\/111094\/revisions"}],"predecessor-version":[{"id":111098,"href":"https:\/\/www.ifun.de\/apiv2\/wp\/v2\/posts\/111094\/revisions\/111098"}],"wp:featuredmedia":[{"embeddable":true,"href":"https:\/\/www.ifun.de\/apiv2\/wp\/v2\/media\/111096"}],"wp:attachment":[{"href":"https:\/\/www.ifun.de\/apiv2\/wp\/v2\/media?parent=111094"}],"wp:term":[{"taxonomy":"category","embeddable":true,"href":"https:\/\/www.ifun.de\/apiv2\/wp\/v2\/categories?post=111094"},{"taxonomy":"post_tag","embeddable":true,"href":"https:\/\/www.ifun.de\/apiv2\/wp\/v2\/tags?post=111094"}],"curies":[{"name":"wp","href":"https:\/\/api.w.org\/{rel}","templated":true}]}}