{"id":110962,"date":"2017-07-25T16:09:30","date_gmt":"2017-07-25T14:09:30","guid":{"rendered":"https:\/\/www.ifun.de\/?p=110962"},"modified":"2017-07-25T16:09:30","modified_gmt":"2017-07-25T14:09:30","slug":"bericht-auch-facebook-arbeitet-an-eigenem-smart-speaker","status":"publish","type":"post","link":"https:\/\/www.ifun.de\/bericht-auch-facebook-arbeitet-an-eigenem-smart-speaker-110962\/","title":{"rendered":"Bericht: Auch Facebook arbeitet an eigenem Smart-Speaker"},"content":{"rendered":"<p>Auf den Spuren von Amazons Echo, Apples HomePod und dem Google Home des gleichnamigen Suchmaschinen-Anbieters, soll nun auch das soziale Netzwerk Facebook den Marktstart eines eigenen Smart-Speakers vorbereiten. Dies berichtet die <a href=\"http:\/\/www.digitimes.com\/news\/a20170724PD211.html\">Digitimes<\/a> und beruft sich auf Quellen aus Fertigungskreisen,<\/p>\n<p><a href=\"https:\/\/images.ifun.de\/wp-content\/uploads\/2017\/05\/amazon-echo-show.jpg\"><img loading=\"lazy\" decoding=\"async\" class=\"aligncenter size-full wp-image-107238\" src=\"https:\/\/images.ifun.de\/wp-content\/uploads\/2017\/05\/amazon-echo-show.jpg\" alt=\"Amazon Echo Show\" width=\"500\" height=\"369\" srcset=\"https:\/\/images.ifun.de\/wp-content\/uploads\/2017\/05\/amazon-echo-show.jpg 500w, https:\/\/images.ifun.de\/wp-content\/uploads\/2017\/05\/amazon-echo-show-300x221.jpg 300w\" sizes=\"auto, (max-width: 500px) 100vw, 500px\" \/><\/a><\/p>\n<h6>Amazons Echo Show: Bislang nur in den USA erh\u00e4ltlich<\/h6>\n<p>Der Facebook-Speaker soll sich dabei eher an der Bauform des Amazon Show orientieren und ebenfalls \u00fcber ein Touchscreen-Display verf\u00fcgen. Dass dieses mit einer Gr\u00f6\u00dfe von 15 Zoll relativ massiv ausfallen wird, erkl\u00e4rt die Digitimes mit Facebooks Fokus auf Schnappsch\u00fcsse und Fotos.<\/p>\n<p>Unter anderem sollen die Fertiger LG und Pegatron Technology an der Produktion des Facebook-Speakers beteiligt sein, mit dessen Marktstart wohl im ersten Quartal 2018 zu rechnen ist.<\/p>\n<p>The 15-inch touch panel that Facebook&#8217;s smart speaker will use is supplied by LG Display, using in-cell technology. The speaker will also be equipped with a magnesium-aluminum-alloy chassis. The device has already begun small volume of pilot production at Pegatron&#8217;s plants in China.<\/p>\n","protected":false},"excerpt":{"rendered":"<a href=\"https:\/\/www.ifun.de\/bericht-auch-facebook-arbeitet-an-eigenem-smart-speaker-110962\/\"><img decoding=\"async\" width=\"150\" src=\"https:\/\/images.ifun.de\/wp-content\/uploads\/2017\/05\/amazon-echo-show.jpg\" class=\"alignright wp-post-image tfe\" alt=\"Amazon Echo Show\" title=\"\" \/><\/a><p>Auf den Spuren von Amazons Echo, Apples HomePod und dem Google Home des gleichnamigen Suchmaschinen-Anbieters, soll nun auch das soziale Netzwerk Facebook den Marktstart eines eigenen Smart-Speakers vorbereiten. Dies berichtet die Digitimes und beruft sich auf Quellen aus Fertigungskreisen, Amazons Echo Show: Bislang nur in den USA erh\u00e4ltlich Der Facebook-Speaker soll sich dabei eher an [&hellip;]<\/p>\n","protected":false},"author":1,"featured_media":0,"comment_status":"open","ping_status":"closed","sticky":false,"template":"","format":"standard","meta":{"_acf_changed":false,"footnotes":""},"categories":[1],"tags":[234],"class_list":["post-110962","post","type-post","status-publish","format-standard","hentry","category-news","tag-facebook"],"acf":[],"aioseo_notices":[],"subheadline":["Mit 15-Zoll-Display"],"featured_image":["https:\/\/images.ifun.de\/wp-content\/uploads\/2017\/06\/amazon-echo-show.jpg"],"rest_api_enabler":{"subheadline":"Mit 15-Zoll-Display","featured_image":"https:\/\/images.ifun.de\/wp-content\/uploads\/2017\/06\/amazon-echo-show.jpg"},"_links":{"self":[{"href":"https:\/\/www.ifun.de\/apiv2\/wp\/v2\/posts\/110962","targetHints":{"allow":["GET"]}}],"collection":[{"href":"https:\/\/www.ifun.de\/apiv2\/wp\/v2\/posts"}],"about":[{"href":"https:\/\/www.ifun.de\/apiv2\/wp\/v2\/types\/post"}],"author":[{"embeddable":true,"href":"https:\/\/www.ifun.de\/apiv2\/wp\/v2\/users\/1"}],"replies":[{"embeddable":true,"href":"https:\/\/www.ifun.de\/apiv2\/wp\/v2\/comments?post=110962"}],"version-history":[{"count":2,"href":"https:\/\/www.ifun.de\/apiv2\/wp\/v2\/posts\/110962\/revisions"}],"predecessor-version":[{"id":110964,"href":"https:\/\/www.ifun.de\/apiv2\/wp\/v2\/posts\/110962\/revisions\/110964"}],"wp:attachment":[{"href":"https:\/\/www.ifun.de\/apiv2\/wp\/v2\/media?parent=110962"}],"wp:term":[{"taxonomy":"category","embeddable":true,"href":"https:\/\/www.ifun.de\/apiv2\/wp\/v2\/categories?post=110962"},{"taxonomy":"post_tag","embeddable":true,"href":"https:\/\/www.ifun.de\/apiv2\/wp\/v2\/tags?post=110962"}],"curies":[{"name":"wp","href":"https:\/\/api.w.org\/{rel}","templated":true}]}}