{"id":11087,"date":"2011-03-29T08:52:50","date_gmt":"2011-03-29T06:52:50","guid":{"rendered":"http:\/\/www.ifun.de\/?p=11087"},"modified":"2011-03-29T08:52:50","modified_gmt":"2011-03-29T06:52:50","slug":"apple-entwicklerkonferenz-wwdc-nach-10-stunden-ausverkauft","status":"publish","type":"post","link":"https:\/\/www.ifun.de\/apple-entwicklerkonferenz-wwdc-nach-10-stunden-ausverkauft-11087\/","title":{"rendered":"Apple-Entwicklerkonferenz WWDC nach 10 Stunden ausverkauft"},"content":{"rendered":"<p>Das ging schnell: Nur 10 Stunden nach Ank\u00fcndigung der <a href=\"http:\/\/developer.apple.com\/wwdc\/about\/\">Apple Entwicklerkonferenz WWDC<\/a> war die f\u00fcr die zweite Juni-Woche angesetzte Veranstaltung ausverkauft. Die Teilnahme kostet 1200 Euro, als Gegenwert haben die Teilnehmer die M\u00f6glichkeit, f\u00fcnf Tage lang an hochwertigen, meist von Apple-Spezialisten durchgef\u00fchrten Workshops teilnehmen.<\/p>\n<p><img loading=\"lazy\" decoding=\"async\" src=\"http:\/\/images.ifun.de\/wp-content\/uploads\/2011\/03\/wwdc_sold_out.jpg\" alt=\"\" title=\"wwdc_sold_out\" width=\"464\" height=\"149\" class=\"alignnone size-full wp-image-11088\" srcset=\"https:\/\/images.ifun.de\/wp-content\/uploads\/2011\/03\/wwdc_sold_out.jpg 464w, https:\/\/images.ifun.de\/wp-content\/uploads\/2011\/03\/wwdc_sold_out-300x96.jpg 300w\" sizes=\"auto, (max-width: 464px) 100vw, 464px\" \/><\/p>\n<p>In den vergangenen Jahren wurde im Rahmen der WWDC auch jeweils die aktuelle iPhone-Generation vorgestellt. Dieses Jahr gibt es allerdings erste <a href=\"http:\/\/www.iphone-ticker.de\/2011\/03\/28\/geruchte-iphone-5-fruhestens-im-september\/\">Hinweise<\/a> darauf, dass Apple die Pr\u00e4sentation auf den Herbst verschieben k\u00f6nnte. Feste Programmpunkte sind dagegen ein Ausblick auf die kommenden Versionen von iOS und Mac OS X.<\/p>\n","protected":false},"excerpt":{"rendered":"<a href=\"https:\/\/www.ifun.de\/apple-entwicklerkonferenz-wwdc-nach-10-stunden-ausverkauft-11087\/\"><img width=\"150\" height=\"149\" src=\"https:\/\/images.ifun.de\/wp-content\/uploads\/2011\/03\/wwdc_sold_out-150x149.jpg\" class=\"alignright tfe wp-post-image\" alt=\"\" decoding=\"async\" loading=\"lazy\" \/><\/a><p>Das ging schnell: Nur 10 Stunden nach Ank\u00fcndigung der Apple Entwicklerkonferenz WWDC war die f\u00fcr die zweite Juni-Woche angesetzte Veranstaltung ausverkauft. Die Teilnahme kostet 1200 Euro, als Gegenwert haben die Teilnehmer die M\u00f6glichkeit, f\u00fcnf Tage lang an hochwertigen, meist von Apple-Spezialisten durchgef\u00fchrten Workshops teilnehmen. In den vergangenen Jahren wurde im Rahmen der WWDC auch jeweils [&hellip;]<\/p>\n","protected":false},"author":2,"featured_media":11088,"comment_status":"open","ping_status":"closed","sticky":false,"template":"","format":"standard","meta":{"_acf_changed":false,"footnotes":""},"categories":[3],"tags":[4736,4739,354,289,353],"class_list":["post-11087","post","type-post","status-publish","format-standard","has-post-thumbnail","hentry","category-apple","tag-apple","tag-ios","tag-mac-os","tag-san-francisco","tag-wwdc"],"acf":[],"aioseo_notices":[],"rest_api_enabler":[],"_links":{"self":[{"href":"https:\/\/www.ifun.de\/apiv2\/wp\/v2\/posts\/11087","targetHints":{"allow":["GET"]}}],"collection":[{"href":"https:\/\/www.ifun.de\/apiv2\/wp\/v2\/posts"}],"about":[{"href":"https:\/\/www.ifun.de\/apiv2\/wp\/v2\/types\/post"}],"author":[{"embeddable":true,"href":"https:\/\/www.ifun.de\/apiv2\/wp\/v2\/users\/2"}],"replies":[{"embeddable":true,"href":"https:\/\/www.ifun.de\/apiv2\/wp\/v2\/comments?post=11087"}],"version-history":[{"count":1,"href":"https:\/\/www.ifun.de\/apiv2\/wp\/v2\/posts\/11087\/revisions"}],"predecessor-version":[{"id":11089,"href":"https:\/\/www.ifun.de\/apiv2\/wp\/v2\/posts\/11087\/revisions\/11089"}],"wp:featuredmedia":[{"embeddable":true,"href":"https:\/\/www.ifun.de\/apiv2\/wp\/v2\/media\/11088"}],"wp:attachment":[{"href":"https:\/\/www.ifun.de\/apiv2\/wp\/v2\/media?parent=11087"}],"wp:term":[{"taxonomy":"category","embeddable":true,"href":"https:\/\/www.ifun.de\/apiv2\/wp\/v2\/categories?post=11087"},{"taxonomy":"post_tag","embeddable":true,"href":"https:\/\/www.ifun.de\/apiv2\/wp\/v2\/tags?post=11087"}],"curies":[{"name":"wp","href":"https:\/\/api.w.org\/{rel}","templated":true}]}}