{"id":11012,"date":"2011-03-26T15:30:19","date_gmt":"2011-03-26T14:30:19","guid":{"rendered":"http:\/\/www.ifun.de\/?p=11012"},"modified":"2011-03-26T15:33:53","modified_gmt":"2011-03-26T14:33:53","slug":"ruckblick-auf-den-ipad-2-verkaufsstart-100-fotos-von-wien-bis-reykjavik-deutschlandweit-ausverkauft","status":"publish","type":"post","link":"https:\/\/www.ifun.de\/ruckblick-auf-den-ipad-2-verkaufsstart-100-fotos-von-wien-bis-reykjavik-deutschlandweit-ausverkauft-11012\/","title":{"rendered":"R\u00fcckblick auf den ersten Verkaufstag: 100 Fotos von Wien bis Reykjavik &#8211; iPad 2 wohl deutschlandweit ausverkauft"},"content":{"rendered":"<p>Mit Blick zur\u00fcck auf den gestrigen Verkaufsstart des iPad 2 wollen wir uns zun\u00e4chst noch einmal ganz herzlich f\u00fcr die vielen E-Mails und Fotos bedanken, die ihr uns geschickt habt. Unsere <a href=\"http:\/\/www.flickr.com\/photos\/ifun\/sets\/72157626345611302\/\">Galerie mit mehr als 100 Fotos<\/a> dokumentiert den teilweise \u00e4u\u00dferst turbulenten Verkaufsstart.<\/p>\n<p><img loading=\"lazy\" decoding=\"async\" src=\"http:\/\/images.ifun.de\/wp-content\/uploads\/2011\/03\/island.jpg\" alt=\"\" title=\"island\" width=\"464\" height=\"290\" class=\"alignnone size-full wp-image-11013\" srcset=\"https:\/\/images.ifun.de\/wp-content\/uploads\/2011\/03\/island.jpg 464w, https:\/\/images.ifun.de\/wp-content\/uploads\/2011\/03\/island-300x187.jpg 300w\" sizes=\"auto, (max-width: 464px) 100vw, 464px\" \/><\/p>\n<p>Neben Bildern aus Deutschland, \u00d6sterreich und der Schweiz haben uns auch Fotos aus Frankreich, den USA und sogar Island erreicht. Claus (<a href=\"http:\/\/www.claus-in-island.de\/\">www.claus-in-island.de<\/a>) beschreibt den Verkaufsstart dort wie folgt:<\/p>\n<blockquote><p>In Reykjav\u00edk, der Hauptstadt von Island, gab es p\u00fcnktlich um 17:01 Uhr (nicht 17:00!) den Startschuss zum Verkauf im hiesigen, realen Apple Store mit dem netten Namen <a href=\"http:\/\/www.epli.is\/\">Epli<\/a> (isl\u00e4ndisch &#8222;Apfel&#8220;).<br \/>\nDer Laden war gut besucht, prim\u00e4r von Neugierigen und Kunden, die bereits das Ger\u00e4t vorbestellt hatten. Im &#8222;Lager&#8220; waren m.E. so 50 bis 80 Ger\u00e4te vorr\u00e4tig. Der Preis f\u00fcr die WiFi\/3G-Ger\u00e4te ist nach dem aktuellen Umrechnungskurs ca. 100 Euro h\u00f6her als auf dem Festland.<\/p><\/blockquote>\n<p><img loading=\"lazy\" decoding=\"async\" src=\"http:\/\/images.ifun.de\/wp-content\/uploads\/2011\/03\/vouchers.jpg\" alt=\"\" title=\"vouchers\" width=\"464\" height=\"101\" class=\"alignnone size-full wp-image-11014\" srcset=\"https:\/\/images.ifun.de\/wp-content\/uploads\/2011\/03\/vouchers.jpg 464w, https:\/\/images.ifun.de\/wp-content\/uploads\/2011\/03\/vouchers-300x65.jpg 300w\" sizes=\"auto, (max-width: 464px) 100vw, 464px\" \/><\/p>\n<p>In Deutschland haben viele Gesch\u00e4fte mit Gutscheinen oder Listen gearbeitet, um ab 17 Uhr eine halbwegs gerechte Verteilung vorzunehmen und das gro\u00dfe Chaos zu vermeiden (Danke Elle, Sebastian, Maximilian). Ein Gro\u00dfteil der Interessenten ging euren Berichten nach allerdings leer aus. Falls jemand von euch noch Verkaufsstellen kennt die Ger\u00e4te vorr\u00e4tig haben, k\u00f6nnt ihr dies gerne \u00fcber die Kommentare weitergeben.<br \/>\nAlles in allem scheint es jedoch, als sei das iPad 2 in Deutschland aktuell komplett ausverkauft. Im <a href=\"http:\/\/clk.tradedoubler.com\/click?p=3469&#038;a=747172&#038;g=17982018&#038;url=http:\/\/store.apple.com\/de\/browse\/home\/shop_ipad\/family\/ipad?mco=OTY2ODA0NQ\">Apple Online-Store<\/a> ist die voraussichtliche Versandzeit f\u00fcr alle Modelle bereits gestern Nachmittag auf 3 bis 4 Wochen gestiegen.<\/p>\n<p>Unten eingebettet findet ihr noch zwei Videos vom Verkaufsstart in M\u00fcnchen (Danke Dominik) und Hamburg (Danke Gunnar).<br \/>\n<!--more--><\/p>\n<p><div class=\"responsive-video\"><iframe loading=\"lazy\" title=\"YouTube video player\" width=\"464\" height=\"291\" src=\"http:\/\/www.youtube-nocookie.com\/embed\/l4GHxl9Brck?rel=0\" frameborder=\"0\" allowfullscreen><\/iframe><\/div><\/p>\n<p><div class=\"responsive-video\"><iframe loading=\"lazy\" title=\"YouTube video player\" width=\"464\" height=\"291\" src=\"http:\/\/www.youtube-nocookie.com\/embed\/qDVu3JrYErM?rel=0\" frameborder=\"0\" allowfullscreen><\/iframe><\/div><\/p>\n","protected":false},"excerpt":{"rendered":"<a href=\"https:\/\/www.ifun.de\/ruckblick-auf-den-ipad-2-verkaufsstart-100-fotos-von-wien-bis-reykjavik-deutschlandweit-ausverkauft-11012\/\"><img width=\"150\" height=\"101\" src=\"https:\/\/images.ifun.de\/wp-content\/uploads\/2011\/03\/vouchers-150x101.jpg\" class=\"alignright tfe wp-post-image\" alt=\"\" decoding=\"async\" loading=\"lazy\" \/><\/a><p>Mit Blick zur\u00fcck auf den gestrigen Verkaufsstart des iPad 2 wollen wir uns zun\u00e4chst noch einmal ganz herzlich f\u00fcr die vielen E-Mails und Fotos bedanken, die ihr uns geschickt habt. Unsere Galerie mit mehr als 100 Fotos dokumentiert den teilweise \u00e4u\u00dferst turbulenten Verkaufsstart. Neben Bildern aus Deutschland, \u00d6sterreich und der Schweiz haben uns auch Fotos [&hellip;]<\/p>\n","protected":false},"author":2,"featured_media":11014,"comment_status":"open","ping_status":"closed","sticky":false,"template":"","format":"standard","meta":{"_acf_changed":false,"footnotes":""},"categories":[10],"tags":[49,307,294,253,143,31],"class_list":["post-11012","post","type-post","status-publish","format-standard","has-post-thumbnail","hentry","category-ipad","tag-apple-store","tag-fotos","tag-hamburg","tag-ipad-2","tag-munchen","tag-video"],"acf":[],"aioseo_notices":[],"rest_api_enabler":[],"_links":{"self":[{"href":"https:\/\/www.ifun.de\/apiv2\/wp\/v2\/posts\/11012","targetHints":{"allow":["GET"]}}],"collection":[{"href":"https:\/\/www.ifun.de\/apiv2\/wp\/v2\/posts"}],"about":[{"href":"https:\/\/www.ifun.de\/apiv2\/wp\/v2\/types\/post"}],"author":[{"embeddable":true,"href":"https:\/\/www.ifun.de\/apiv2\/wp\/v2\/users\/2"}],"replies":[{"embeddable":true,"href":"https:\/\/www.ifun.de\/apiv2\/wp\/v2\/comments?post=11012"}],"version-history":[{"count":6,"href":"https:\/\/www.ifun.de\/apiv2\/wp\/v2\/posts\/11012\/revisions"}],"predecessor-version":[{"id":11020,"href":"https:\/\/www.ifun.de\/apiv2\/wp\/v2\/posts\/11012\/revisions\/11020"}],"wp:featuredmedia":[{"embeddable":true,"href":"https:\/\/www.ifun.de\/apiv2\/wp\/v2\/media\/11014"}],"wp:attachment":[{"href":"https:\/\/www.ifun.de\/apiv2\/wp\/v2\/media?parent=11012"}],"wp:term":[{"taxonomy":"category","embeddable":true,"href":"https:\/\/www.ifun.de\/apiv2\/wp\/v2\/categories?post=11012"},{"taxonomy":"post_tag","embeddable":true,"href":"https:\/\/www.ifun.de\/apiv2\/wp\/v2\/tags?post=11012"}],"curies":[{"name":"wp","href":"https:\/\/api.w.org\/{rel}","templated":true}]}}