{"id":109898,"date":"2017-07-14T08:39:46","date_gmt":"2017-07-14T06:39:46","guid":{"rendered":"https:\/\/www.ifun.de\/?p=109898"},"modified":"2017-07-14T08:39:46","modified_gmt":"2017-07-14T06:39:46","slug":"apples-mac-mini-1000-tage-ohne-hardware-updates","status":"publish","type":"post","link":"https:\/\/www.ifun.de\/apples-mac-mini-1000-tage-ohne-hardware-updates-109898\/","title":{"rendered":"Apples Mac mini: 1000 Tage ohne Hardware-Updates"},"content":{"rendered":"<p>Herzlichen Gl\u00fcckwunsch. Nach dem Mac Pro, der die 1000-Tage-Grenze bereits am 14. September 2016 <a href=\"https:\/\/www.ifun.de\/apples-mac-pro-1000-tage-ohne-update-97498\/\">\u00fcberschreiten konnte<\/a>, k\u00f6nnen wir nun auch Apples Mac Mini den unr\u00fchmlichen Lorbeerkranz umh\u00e4ngen. <\/p>\n<p><a href=\"https:\/\/images.ifun.de\/wp-content\/uploads\/2017\/07\/minimac.jpg\"><img decoding=\"async\" src=\"https:\/\/images.ifun.de\/wp-content\/uploads\/2017\/07\/minimac.jpg\" alt=\"Minimac\" width=\"500\" class=\"aligncenter size-full wp-image-109899\" srcset=\"https:\/\/images.ifun.de\/wp-content\/uploads\/2017\/07\/minimac.jpg 700w, https:\/\/images.ifun.de\/wp-content\/uploads\/2017\/07\/minimac-300x105.jpg 300w\" sizes=\"(max-width: 700px) 100vw, 700px\" \/><\/a><\/p>\n<p>Zuletzt am 16. Oktober 2014 <a href=\"https:\/\/www.ifun.de\/apples-mac-pro-1000-tage-ohne-update-97498\/\">aktualisiert<\/a>, bietet Apple den g\u00fcnstigsten Mac noch immer in drei unver\u00e4nderten Standard-Konfigurationen mit zwei Thunderbolt 2-Anschl\u00fcssen an.<\/p>\n<h2>Preise haben sich erh\u00f6ht<\/h2>\n<p>Doch obwohl Cupertino die Hardware in den vergangenen drei Jahren nicht angefasst hat haben sich die Preise der drei angebotenen Modelle erh\u00f6ht. <\/p>\n<ul>\n<li>Das Model mit 1,4 GHz Dual-Core Intel Core i5 Prozessor mit Turbo Boost-Geschwindigkeiten bis zu 2,7 GHz, 4GB Arbeitsspeicher, Intel HD Graphics 5000 und einer 500GB Festplatte kostet inzwischen 569 Euro statt 519 Euro.<\/li>\n<li>Die Variante mit 2,6 GHz Dual-Core Intel Core i5 Prozessor mit Turbo Boost-Geschwindigkeiten bis zu 3,1 GHz, 8GB Arbeitsspeicher, Intel Iris Graphics und einer 1TB Festplatte wird f\u00fcr 819 Euro statt 719 Euro angeboten. <\/li>\n<li>Der schnellste Mac mini mit 2,8 GHz Dual-Core Intel Core i5 Prozessor mit Turbo Boost-Geschwindigkeiten bis zu 3,3 GHz, 8GB Arbeitsspeicher, Intel Iris Graphics und einer 1TB Fusion Drive-Festplatte kostet inzwischen 1.129 Euro statt der initial veranschlagten 1.019 Euro.<\/li>\n<\/ul>\n<p><a href=\"https:\/\/images.ifun.de\/wp-content\/uploads\/2017\/07\/macmini.jpg\"><img loading=\"lazy\" decoding=\"async\" src=\"https:\/\/images.ifun.de\/wp-content\/uploads\/2017\/07\/macmini.jpg\" alt=\"Macmini\" width=\"700\" height=\"267\" class=\"aligncenter size-full wp-image-109900\" srcset=\"https:\/\/images.ifun.de\/wp-content\/uploads\/2017\/07\/macmini.jpg 700w, https:\/\/images.ifun.de\/wp-content\/uploads\/2017\/07\/macmini-300x114.jpg 300w\" sizes=\"auto, (max-width: 700px) 100vw, 700px\" \/><\/a><\/p>\n<h2>&#8222;The Mac Mini remains a product in our lineup<\/h2>\n<p>Apple selbst hatte den Mac mini zuletzt im Rahmen <a href=\"https:\/\/www.ifun.de\/apples-mac-pro-beichte-die-produktankuendigung-zum-nachlesen-106128\/\">des Presse-Gespr\u00e4ches<\/a> zum neuen Mac Pro adressiert. Apples Phil Schiller erkl\u00e4rte damals: <\/p>\n<blockquote><p>[&#8230;] Mac Mini is an important product in our lineup and we weren\u2019t bringing it up because it\u2019s more of a mix of consumer with some pro use. So we\u2019re focusing today specifically on the things that are important to pros. While there are some pro usage, there\u2019s also a lot of consumer uses so we aren\u2019t covering it today. The Mac Mini remains a product in our lineup, but nothing more to say about it today.<\/p><\/blockquote>\n","protected":false},"excerpt":{"rendered":"<a href=\"https:\/\/www.ifun.de\/apples-mac-mini-1000-tage-ohne-hardware-updates-109898\/\"><img width=\"150\" height=\"150\" src=\"https:\/\/images.ifun.de\/wp-content\/uploads\/2017\/07\/mac-mini-feature-150x150.jpg\" class=\"alignright tfe wp-post-image\" alt=\"Mac Mini Feature\" decoding=\"async\" loading=\"lazy\" \/><\/a><p>Herzlichen Gl\u00fcckwunsch. Nach dem Mac Pro, der die 1000-Tage-Grenze bereits am 14. September 2016 \u00fcberschreiten konnte, k\u00f6nnen wir nun auch Apples Mac Mini den unr\u00fchmlichen Lorbeerkranz umh\u00e4ngen. Zuletzt am 16. Oktober 2014 aktualisiert, bietet Apple den g\u00fcnstigsten Mac noch immer in drei unver\u00e4nderten Standard-Konfigurationen mit zwei Thunderbolt 2-Anschl\u00fcssen an. Preise haben sich erh\u00f6ht Doch obwohl [&hellip;]<\/p>\n","protected":false},"author":1,"featured_media":109901,"comment_status":"open","ping_status":"closed","sticky":false,"template":"","format":"standard","meta":{"_acf_changed":false,"footnotes":""},"categories":[3],"tags":[4736,515],"class_list":["post-109898","post","type-post","status-publish","format-standard","has-post-thumbnail","hentry","category-apple","tag-apple","tag-mac-mini"],"acf":[],"aioseo_notices":[],"subheadline":["Preise haben sich erh\u00f6ht"],"featured_image":["https:\/\/images.ifun.de\/wp-content\/uploads\/2017\/07\/mac-mini-feature.jpg"],"rest_api_enabler":{"subheadline":"Preise haben sich erh\u00f6ht","featured_image":"https:\/\/images.ifun.de\/wp-content\/uploads\/2017\/07\/mac-mini-feature.jpg"},"_links":{"self":[{"href":"https:\/\/www.ifun.de\/apiv2\/wp\/v2\/posts\/109898","targetHints":{"allow":["GET"]}}],"collection":[{"href":"https:\/\/www.ifun.de\/apiv2\/wp\/v2\/posts"}],"about":[{"href":"https:\/\/www.ifun.de\/apiv2\/wp\/v2\/types\/post"}],"author":[{"embeddable":true,"href":"https:\/\/www.ifun.de\/apiv2\/wp\/v2\/users\/1"}],"replies":[{"embeddable":true,"href":"https:\/\/www.ifun.de\/apiv2\/wp\/v2\/comments?post=109898"}],"version-history":[{"count":1,"href":"https:\/\/www.ifun.de\/apiv2\/wp\/v2\/posts\/109898\/revisions"}],"predecessor-version":[{"id":109902,"href":"https:\/\/www.ifun.de\/apiv2\/wp\/v2\/posts\/109898\/revisions\/109902"}],"wp:featuredmedia":[{"embeddable":true,"href":"https:\/\/www.ifun.de\/apiv2\/wp\/v2\/media\/109901"}],"wp:attachment":[{"href":"https:\/\/www.ifun.de\/apiv2\/wp\/v2\/media?parent=109898"}],"wp:term":[{"taxonomy":"category","embeddable":true,"href":"https:\/\/www.ifun.de\/apiv2\/wp\/v2\/categories?post=109898"},{"taxonomy":"post_tag","embeddable":true,"href":"https:\/\/www.ifun.de\/apiv2\/wp\/v2\/tags?post=109898"}],"curies":[{"name":"wp","href":"https:\/\/api.w.org\/{rel}","templated":true}]}}