{"id":109877,"date":"2017-07-13T17:52:33","date_gmt":"2017-07-13T15:52:33","guid":{"rendered":"https:\/\/www.ifun.de\/?p=109877"},"modified":"2017-07-13T17:52:57","modified_gmt":"2017-07-13T15:52:57","slug":"ab-montag-dropbox-deaktiviert-alben-verwaltung","status":"publish","type":"post","link":"https:\/\/www.ifun.de\/ab-montag-dropbox-deaktiviert-alben-verwaltung-109877\/","title":{"rendered":"Ab Montag: Dropbox deaktiviert Alben-Verwaltung"},"content":{"rendered":"<p>Der Online-Speicher-Anbieter Dropbox wird seine unter <a href=\"http:\/\/photos.dropbox.com\">photos.dropbox.com<\/a> erreichbare Foto-\u00dcbersicht zum 17. Juli 2017 umstellen und den Funktionsumfang der hier verf\u00fcgbaren Alben-Verwaltung beschr\u00e4nken.<\/p>\n<p><a href=\"https:\/\/images.ifun.de\/wp-content\/uploads\/2017\/07\/dropbox.jpg\"><img decoding=\"async\" class=\"aligncenter size-full wp-image-109880\" src=\"https:\/\/images.ifun.de\/wp-content\/uploads\/2017\/07\/dropbox.jpg\" alt=\"Dropbox\" width=\"500\" srcset=\"https:\/\/images.ifun.de\/wp-content\/uploads\/2017\/07\/dropbox.jpg 1000w, https:\/\/images.ifun.de\/wp-content\/uploads\/2017\/07\/dropbox-300x188.jpg 300w, https:\/\/images.ifun.de\/wp-content\/uploads\/2017\/07\/dropbox-768x482.jpg 768w\" sizes=\"(max-width: 1000px) 100vw, 1000px\" \/><\/a><\/p>\n<p>Nach der Umstellung, die am kommenden Monat umgesetzt werden soll &#8211; die <a href=\"https:\/\/www.dropbox.com\/help\/photos-videos\/changes-photos\">deutschen Support-Seiten<\/a> sprechen f\u00e4lschlicherweise vom 30. Juni &#8211; werden Dropbox-Nutzer keine Alben mehr im Web erstellen oder freigeben k\u00f6nnen. Zudem wird Dropbox die Chronikansicht \u00fcberarbeiten und hat ein neues Design <a href=\"https:\/\/photos.dropbox.com\/app\/timeline\">der Foto-Timeline<\/a> angek\u00fcndigt.<\/p>\n<blockquote><p>Die Fotoalben unter photos.dropbox.com stellen nur eine von vielen M\u00f6glichkeiten dar, Ihre Fotos mit Dropbox zu organisieren und f\u00fcr andere freizugeben. Dropbox unterst\u00fctzt die Freigabe und das Organisieren Ihrer Fotos nach wie vor in Form von Ordnern, freigegebenen Ordnern und freigegebenen Links. Diese Features bleiben unver\u00e4ndert und Sie k\u00f6nnen sie auch nach dem <strike>30. Juni<\/strike> 17. Juli verwenden, um Fotos freizugeben und zu organisieren. Au\u00dferdem haben wir ein Exporttool f\u00fcr Alben entwickelt, mit dem Sie Ihre Alben herunterladen k\u00f6nnen.<\/p><\/blockquote>\n<p>Zuk\u00fcnftig gilt demnach folgende Regelung:<\/p>\n<ul>\n<li>Sie k\u00f6nnen Alben auf dieser Webseite nicht mehr betrachten, erstellen oder f\u00fcr andere freigeben. Stattdessen k\u00f6nnen Sie Ihre Fotos in Ordnern sortieren. \u00dcber freigegebene Ordner und freigegebene Links k\u00f6nnen Sie die Fotos dann nach Belieben f\u00fcr andere Nutzer freigeben.<\/li>\n<li>Die Seite \u201eFotos\u201c wird durch ein neues, besseres Fotoerlebnis ersetzt, das mit unserer neu gestalteten Dropbox-Website harmoniert. Gehen Sie einfach zu dropbox.com\/photos oder klicken Sie auf der Website dropbox.com im linken Men\u00fc auf \u201eFotos\u201c.<\/li>\n<li>Ihre bisher aufgenommenen Fotos sind weiterhin an ihrem urspr\u00fcnglichen Speicherort in Dropbox zug\u00e4nglich.<\/li>\n<\/ul>\n<h2>Exporttool f\u00fcr Alben<\/h2>\n<p>Solltet ihr die Albumstruktur f\u00fcr eure Fotos beibehalten m\u00f6chten, empfiehlt Dropbox dieselbe Struktur einfach in einem normalen Dropbox-Ordner nachzubauen. Dropbox selbst kann bestehende Alben zwar nicht automatisch in Ordner konvertieren bietet aber ein Exporttool f\u00fcr Alben an, dass <a href=\"https:\/\/www.dropbox.com\/photos\/album_download\">hier auf euch wartet<\/a>. Aber aufgepasst: Alben, die mehr als 1 GB umfassen, werden in mehrere Dateien von bis zu 1 GB unterteilt.<\/p>\n","protected":false},"excerpt":{"rendered":"<a href=\"https:\/\/www.ifun.de\/ab-montag-dropbox-deaktiviert-alben-verwaltung-109877\/\"><img width=\"150\" height=\"150\" src=\"https:\/\/images.ifun.de\/wp-content\/uploads\/2017\/07\/dropbox-fotos-150x150.jpg\" class=\"alignright tfe wp-post-image\" alt=\"Dropbox Fotos\" decoding=\"async\" loading=\"lazy\" \/><\/a><p>Der Online-Speicher-Anbieter Dropbox wird seine unter photos.dropbox.com erreichbare Foto-\u00dcbersicht zum 17. Juli 2017 umstellen und den Funktionsumfang der hier verf\u00fcgbaren Alben-Verwaltung beschr\u00e4nken. Nach der Umstellung, die am kommenden Monat umgesetzt werden soll &#8211; die deutschen Support-Seiten sprechen f\u00e4lschlicherweise vom 30. Juni &#8211; werden Dropbox-Nutzer keine Alben mehr im Web erstellen oder freigeben k\u00f6nnen. Zudem wird [&hellip;]<\/p>\n","protected":false},"author":1,"featured_media":109881,"comment_status":"open","ping_status":"closed","sticky":false,"template":"","format":"standard","meta":{"_acf_changed":false,"footnotes":""},"categories":[1],"tags":[549,307],"class_list":["post-109877","post","type-post","status-publish","format-standard","has-post-thumbnail","hentry","category-news","tag-dropbox","tag-fotos"],"acf":[],"aioseo_notices":[],"subheadline":["Foto-Seite \u00e4ndert sich"],"featured_image":["https:\/\/images.ifun.de\/wp-content\/uploads\/2017\/07\/dropbox-fotos.jpg"],"rest_api_enabler":{"subheadline":"Foto-Seite \u00e4ndert sich","featured_image":"https:\/\/images.ifun.de\/wp-content\/uploads\/2017\/07\/dropbox-fotos.jpg"},"_links":{"self":[{"href":"https:\/\/www.ifun.de\/apiv2\/wp\/v2\/posts\/109877","targetHints":{"allow":["GET"]}}],"collection":[{"href":"https:\/\/www.ifun.de\/apiv2\/wp\/v2\/posts"}],"about":[{"href":"https:\/\/www.ifun.de\/apiv2\/wp\/v2\/types\/post"}],"author":[{"embeddable":true,"href":"https:\/\/www.ifun.de\/apiv2\/wp\/v2\/users\/1"}],"replies":[{"embeddable":true,"href":"https:\/\/www.ifun.de\/apiv2\/wp\/v2\/comments?post=109877"}],"version-history":[{"count":3,"href":"https:\/\/www.ifun.de\/apiv2\/wp\/v2\/posts\/109877\/revisions"}],"predecessor-version":[{"id":109883,"href":"https:\/\/www.ifun.de\/apiv2\/wp\/v2\/posts\/109877\/revisions\/109883"}],"wp:featuredmedia":[{"embeddable":true,"href":"https:\/\/www.ifun.de\/apiv2\/wp\/v2\/media\/109881"}],"wp:attachment":[{"href":"https:\/\/www.ifun.de\/apiv2\/wp\/v2\/media?parent=109877"}],"wp:term":[{"taxonomy":"category","embeddable":true,"href":"https:\/\/www.ifun.de\/apiv2\/wp\/v2\/categories?post=109877"},{"taxonomy":"post_tag","embeddable":true,"href":"https:\/\/www.ifun.de\/apiv2\/wp\/v2\/tags?post=109877"}],"curies":[{"name":"wp","href":"https:\/\/api.w.org\/{rel}","templated":true}]}}