{"id":109842,"date":"2017-07-13T09:53:26","date_gmt":"2017-07-13T07:53:26","guid":{"rendered":"https:\/\/www.ifun.de\/?p=109842"},"modified":"2017-07-13T09:54:09","modified_gmt":"2017-07-13T07:54:09","slug":"mac-weniger-geraete-verkauft-dennoch-gewinnt-apple-marktanteile","status":"publish","type":"post","link":"https:\/\/www.ifun.de\/mac-weniger-geraete-verkauft-dennoch-gewinnt-apple-marktanteile-109842\/","title":{"rendered":"Mac: Weniger Ger\u00e4te verkauft, Apple gewinnt dennoch Marktanteile"},"content":{"rendered":"<p>Die Marktforscher von Gartner haben ihre Einsch\u00e4tzungen mit Blick auf die Computer-Absatzzahlen im 2. Quartal 2017 <a href=\"http:\/\/www.gartner.com\/newsroom\/id\/3759964\">ver\u00f6ffentlicht<\/a>. Mit Blick auf Apple gibt es eine gute und eine schlechte Nachricht: Es wurden im Vergleich zum Vorjahr weniger Macs verkauft, dennoch konnte das Unternehmen seinen Anteil auf dem Weltmarkt ausbauen.<\/p>\n<p>Der PC-Markt k\u00e4mpft bereits seit einiger Zeit mit sinkenden Verkaufszahlen. Der Erhebung zufolge wurden dann auch im zweiten Quartal 2017 mit 61,1 Millionen Computern 4,3 Prozent weniger als noch im Vorjahr verkauft. Besonders hart treffen die Einbu\u00dfen Acer (-12,5%), Asus (-10,3%) und Lenovo (-8,4%).<\/p>\n<p>Apple hat im Vergleich zum vergangenen Jahr mit 4.236.000 Ger\u00e4ten lediglich 0,4 Prozent weniger Macs verkauft, konnte seinen Marktanteil angesichts der teils starken Verluste der Konkurrenz dabei von 6,7 auf 6,9 Prozent verbessern.<\/p>\n<p><a href=\"https:\/\/images.ifun.de\/wp-content\/uploads\/2017\/07\/pc-verkauf-q2-2017.jpg\"><img loading=\"lazy\" decoding=\"async\" src=\"https:\/\/images.ifun.de\/wp-content\/uploads\/2017\/07\/pc-verkauf-q2-2017.jpg\" alt=\"Pc Verkauf Q2 2017\" width=\"700\" height=\"450\" class=\"alignnone size-full wp-image-109846\" srcset=\"https:\/\/images.ifun.de\/wp-content\/uploads\/2017\/07\/pc-verkauf-q2-2017.jpg 700w, https:\/\/images.ifun.de\/wp-content\/uploads\/2017\/07\/pc-verkauf-q2-2017-300x193.jpg 300w\" sizes=\"auto, (max-width: 700px) 100vw, 700px\" \/><\/a><\/p>\n<h6>Grafik: <a href=\"http:\/\/www.gartner.com\/newsroom\/id\/3759964\">Gartner<\/a><\/h6>\n<p>Verantwortlich f\u00fcr die Verluste im klassischen PC-Gesch\u00e4ft sind der Studie zufolge unter anderem Preiserh\u00f6hungen in Folge von Lieferproblemen bei DRAM-Modulen, SSDs und LCD-Bildschirmen. Allerdings darf man auch nicht vergessen, dass Tablets heute vielerorts den PD im Wohnzimmer ersetzen &#8211; wenngleich nicht als vollwertiges Arbeitsger\u00e4t, sondern in erster Linie f\u00fcr den einfachen Zugriff auf E-Mails und Internetseiten. Tablets wurden ebenso wie Googles Chromebooks in der Gartner-Studie nicht erfasst.<\/p>\n","protected":false},"excerpt":{"rendered":"<a href=\"https:\/\/www.ifun.de\/mac-weniger-geraete-verkauft-dennoch-gewinnt-apple-marktanteile-109842\/\"><img width=\"150\" height=\"150\" src=\"https:\/\/images.ifun.de\/wp-content\/uploads\/2017\/07\/pc-verkauf-q2-2017-150x150.jpg\" class=\"alignright tfe wp-post-image\" alt=\"Pc Verkauf Q2 2017\" decoding=\"async\" loading=\"lazy\" \/><\/a><p>Die Marktforscher von Gartner haben ihre Einsch\u00e4tzungen mit Blick auf die Computer-Absatzzahlen im 2. Quartal 2017 ver\u00f6ffentlicht. Mit Blick auf Apple gibt es eine gute und eine schlechte Nachricht: Es wurden im Vergleich zum Vorjahr weniger Macs verkauft, dennoch konnte das Unternehmen seinen Anteil auf dem Weltmarkt ausbauen. Der PC-Markt k\u00e4mpft bereits seit einiger Zeit [&hellip;]<\/p>\n","protected":false},"author":2,"featured_media":109846,"comment_status":"open","ping_status":"closed","sticky":false,"template":"","format":"standard","meta":{"_acf_changed":false,"footnotes":""},"categories":[16],"tags":[4736,3765,6321,905],"class_list":["post-109842","post","type-post","status-publish","format-standard","has-post-thumbnail","hentry","category-mac","tag-apple","tag-gartner","tag-mac","tag-verkaufszahlen"],"acf":[],"aioseo_notices":[],"subheadline":["Statistik f\u00fcr Q2\/2017"],"featured_image":["https:\/\/images.ifun.de\/wp-content\/uploads\/2017\/04\/computer-nutzer.jpg"],"rest_api_enabler":{"subheadline":"Statistik f\u00fcr Q2\/2017","featured_image":"https:\/\/images.ifun.de\/wp-content\/uploads\/2017\/04\/computer-nutzer.jpg"},"_links":{"self":[{"href":"https:\/\/www.ifun.de\/apiv2\/wp\/v2\/posts\/109842","targetHints":{"allow":["GET"]}}],"collection":[{"href":"https:\/\/www.ifun.de\/apiv2\/wp\/v2\/posts"}],"about":[{"href":"https:\/\/www.ifun.de\/apiv2\/wp\/v2\/types\/post"}],"author":[{"embeddable":true,"href":"https:\/\/www.ifun.de\/apiv2\/wp\/v2\/users\/2"}],"replies":[{"embeddable":true,"href":"https:\/\/www.ifun.de\/apiv2\/wp\/v2\/comments?post=109842"}],"version-history":[{"count":5,"href":"https:\/\/www.ifun.de\/apiv2\/wp\/v2\/posts\/109842\/revisions"}],"predecessor-version":[{"id":109848,"href":"https:\/\/www.ifun.de\/apiv2\/wp\/v2\/posts\/109842\/revisions\/109848"}],"wp:featuredmedia":[{"embeddable":true,"href":"https:\/\/www.ifun.de\/apiv2\/wp\/v2\/media\/109846"}],"wp:attachment":[{"href":"https:\/\/www.ifun.de\/apiv2\/wp\/v2\/media?parent=109842"}],"wp:term":[{"taxonomy":"category","embeddable":true,"href":"https:\/\/www.ifun.de\/apiv2\/wp\/v2\/categories?post=109842"},{"taxonomy":"post_tag","embeddable":true,"href":"https:\/\/www.ifun.de\/apiv2\/wp\/v2\/tags?post=109842"}],"curies":[{"name":"wp","href":"https:\/\/api.w.org\/{rel}","templated":true}]}}