{"id":109521,"date":"2017-07-05T12:39:28","date_gmt":"2017-07-05T10:39:28","guid":{"rendered":"https:\/\/www.ifun.de\/?p=109521"},"modified":"2017-07-05T12:39:28","modified_gmt":"2017-07-05T10:39:28","slug":"zaeh-wie-kaugummi-mission-control-in-macos-sierra","status":"publish","type":"post","link":"https:\/\/www.ifun.de\/zaeh-wie-kaugummi-mission-control-in-macos-sierra-109521\/","title":{"rendered":"Z\u00e4h wie Kaugummi: Mission Control in macOS Sierra"},"content":{"rendered":"<p>Mit der Ausgabe von macOS Sierra im vergangenen September hat Apple die Animation, die beim Aufruf der Fenster-\u00dcbersicht <a href=\"https:\/\/support.apple.com\/en-us\/HT204100\">Mission Control<\/a> eingesetzt wird gr\u00fcndlich \u00fcberarbeitet. W\u00e4hrend Cupertino hier bislang eine fixe \u00dcbergangsanimation einsetzte, orientiert sich die Verlaufsanimation jetzt an der Ausf\u00fchrungsgeschwindigkeit der entsprechenden Trackpad-Geste. <\/p>\n<p><a href=\"https:\/\/images.ifun.de\/wp-content\/uploads\/2017\/07\/mission-control.gif\"><img decoding=\"async\" src=\"https:\/\/images.ifun.de\/wp-content\/uploads\/2017\/07\/mission-control.gif\" alt=\"Mission Control\" width=\"500\" class=\"aligncenter size-full wp-image-109522\" \/><\/a><\/p>\n<p>Betroffen von der Umstellung sind alle Nutzer, die Mission Control nicht mit dem Tastatur-Kurzbefehl CTRL+\u2191 sondern \u00fcber die Trackpad-Geste &#8222;Mit drei Fingern aufw\u00e4rts streichen&#8220; aufrufen. Wer hier nur langsam \u00fcber das Trackpad streicht, sieht sich mit einer ebenso langsamen Mission Control-Ansicht konfrontiert. <\/p>\n<p>Besonders \u00e4rgerlich: Seit der Umstellung lassen sich <a href=\"https:\/\/github.com\/mathiasbynens\/dotfiles\/issues\/711\">auch die Terminal-Befehle<\/a>, mit deren Hilfe die Animationsdauer reduziert werden konnte, nicht mehr nutzen. <\/p>\n<h2>Notl\u00f6sung: Bewegungen reduzieren<\/h2>\n<p>Mac-Nutzer, die die knackigen Animationen von macOS El Capitan vermissen, schauen also in die R\u00f6hre. Zwar l\u00e4sst sich mit Hilfe der Zusatz-Applikation BetterTouchTool die alte Funktionsweise <a href=\"https:\/\/sayzlim.net\/speed-up-mission-control-in-macos-sierra\/\">nachbauen<\/a>, diese bringt jedoch die Zuordnung der Trackpad-Gesten durcheinander und setzt voraus, dass zum Schlie\u00dfen der Mission Control-Ansicht die gleiche Geste wie zum \u00d6ffnen genutzt werden muss. <\/p>\n<p><a href=\"https:\/\/images.ifun.de\/wp-content\/uploads\/2017\/07\/bwegungen-reduzieren.jpg\"><img loading=\"lazy\" decoding=\"async\" src=\"https:\/\/images.ifun.de\/wp-content\/uploads\/2017\/07\/bwegungen-reduzieren.jpg\" alt=\"Bwegungen Reduzieren\" width=\"1400\" height=\"871\" class=\"aligncenter size-full wp-image-109523\" srcset=\"https:\/\/images.ifun.de\/wp-content\/uploads\/2017\/07\/bwegungen-reduzieren.jpg 1400w, https:\/\/images.ifun.de\/wp-content\/uploads\/2017\/07\/bwegungen-reduzieren-300x187.jpg 300w, https:\/\/images.ifun.de\/wp-content\/uploads\/2017\/07\/bwegungen-reduzieren-768x478.jpg 768w, https:\/\/images.ifun.de\/wp-content\/uploads\/2017\/07\/bwegungen-reduzieren-1024x637.jpg 1024w\" sizes=\"auto, (max-width: 1400px) 100vw, 1400px\" \/><\/a><\/p>\n<p>Eine Notl\u00f6sung bietet die System-Option &#8222;Bewegungen reduzieren&#8220; die sich in den Mac-Systemeinstellungen im Bereich &#8222;Bedienungshilfen&#8220; > &#8222;Anzeige&#8220; aktivieren l\u00e4sst. Habt ihr hier den Haken gesetzt, blendet macOS Sierra die Mission Control-Ansicht mit einem einfachen Unsch\u00e4rfe-Eeffekt ein, der sich zumindest schneller anf\u00fchlt als die in Sierra eingef\u00fchrte Schiebegeste. <\/p>\n","protected":false},"excerpt":{"rendered":"<a href=\"https:\/\/www.ifun.de\/zaeh-wie-kaugummi-mission-control-in-macos-sierra-109521\/\"><img width=\"150\" height=\"150\" src=\"https:\/\/images.ifun.de\/wp-content\/uploads\/2017\/07\/mission-control-feature-150x150.jpg\" class=\"alignright tfe wp-post-image\" alt=\"Mission Control Feature\" decoding=\"async\" loading=\"lazy\" \/><\/a><p>Mit der Ausgabe von macOS Sierra im vergangenen September hat Apple die Animation, die beim Aufruf der Fenster-\u00dcbersicht Mission Control eingesetzt wird gr\u00fcndlich \u00fcberarbeitet. W\u00e4hrend Cupertino hier bislang eine fixe \u00dcbergangsanimation einsetzte, orientiert sich die Verlaufsanimation jetzt an der Ausf\u00fchrungsgeschwindigkeit der entsprechenden Trackpad-Geste. Betroffen von der Umstellung sind alle Nutzer, die Mission Control nicht mit [&hellip;]<\/p>\n","protected":false},"author":1,"featured_media":109524,"comment_status":"open","ping_status":"closed","sticky":false,"template":"","format":"standard","meta":{"_acf_changed":false,"footnotes":""},"categories":[16],"tags":[3095,3754],"class_list":["post-109521","post","type-post","status-publish","format-standard","has-post-thumbnail","hentry","category-mac","tag-macos","tag-mission-control"],"acf":[],"aioseo_notices":[],"featured_image":["https:\/\/images.ifun.de\/wp-content\/uploads\/2017\/07\/mission-control-feature.jpg"],"subheadline":["\"Bewegungen reduzieren\" als Notl\u00f6sung"],"rest_api_enabler":{"featured_image":"https:\/\/images.ifun.de\/wp-content\/uploads\/2017\/07\/mission-control-feature.jpg","subheadline":"\"Bewegungen reduzieren\" als Notl\u00f6sung"},"_links":{"self":[{"href":"https:\/\/www.ifun.de\/apiv2\/wp\/v2\/posts\/109521","targetHints":{"allow":["GET"]}}],"collection":[{"href":"https:\/\/www.ifun.de\/apiv2\/wp\/v2\/posts"}],"about":[{"href":"https:\/\/www.ifun.de\/apiv2\/wp\/v2\/types\/post"}],"author":[{"embeddable":true,"href":"https:\/\/www.ifun.de\/apiv2\/wp\/v2\/users\/1"}],"replies":[{"embeddable":true,"href":"https:\/\/www.ifun.de\/apiv2\/wp\/v2\/comments?post=109521"}],"version-history":[{"count":1,"href":"https:\/\/www.ifun.de\/apiv2\/wp\/v2\/posts\/109521\/revisions"}],"predecessor-version":[{"id":109525,"href":"https:\/\/www.ifun.de\/apiv2\/wp\/v2\/posts\/109521\/revisions\/109525"}],"wp:featuredmedia":[{"embeddable":true,"href":"https:\/\/www.ifun.de\/apiv2\/wp\/v2\/media\/109524"}],"wp:attachment":[{"href":"https:\/\/www.ifun.de\/apiv2\/wp\/v2\/media?parent=109521"}],"wp:term":[{"taxonomy":"category","embeddable":true,"href":"https:\/\/www.ifun.de\/apiv2\/wp\/v2\/categories?post=109521"},{"taxonomy":"post_tag","embeddable":true,"href":"https:\/\/www.ifun.de\/apiv2\/wp\/v2\/tags?post=109521"}],"curies":[{"name":"wp","href":"https:\/\/api.w.org\/{rel}","templated":true}]}}