{"id":10941,"date":"2011-03-25T03:49:24","date_gmt":"2011-03-25T02:49:24","guid":{"rendered":"http:\/\/www.ifun.de\/?p=10941"},"modified":"2011-03-25T13:22:41","modified_gmt":"2011-03-25T12:22:41","slug":"ipad-verkauf-uber-den-apple-online-store-ist-angelaufen-groser-andrang-und-2-bis-3-wochen-versandzeit","status":"publish","type":"post","link":"https:\/\/www.ifun.de\/ipad-verkauf-uber-den-apple-online-store-ist-angelaufen-groser-andrang-und-2-bis-3-wochen-versandzeit-10941\/","title":{"rendered":"iPad-Verkauf \u00fcber den Apple Online-Store ist angelaufen. Gro\u00dfer Andrang, Versandzeit inzwischen 3 &#8211; 4 Wochen"},"content":{"rendered":"<p><strong>UPDATE: Die Angaben zur Versandzeit sind f\u00fcr alle iPad-Modelle auf 3 bis 4 Wochen erh\u00f6ht worden.<\/strong> (Danke f\u00fcr eure Mails)<\/p>\n<p>P\u00fcnktlich um 2 Uhr ist heute fr\u00fch der Verkauf des iPad 2 \u00fcber den <a href=\"http:\/\/clk.tradedoubler.com\/click?p=3469&#038;a=747172&#038;g=17982018&#038;url=http:\/\/store.apple.com\/de\/browse\/home\/shop_ipad\/family\/ipad?mco=OTY2ODA0NQ\">Apple Online-Store<\/a> angelaufen. Die insgesamt sechs verschiedenen Modelle sind jeweils in wei\u00df oder schwarz zu Preisen zwischen 479 und 799 Euro erh\u00e4ltlich. F\u00fcr die Zeit bis zum Versand gibt Apple derzeit durch die Bank einen Zeitraum von 2 bis 3 Wochen an, die selbe Wartezeit wird momentan f\u00fcr das <a href=\"http:\/\/clk.tradedoubler.com\/click?p=3469&#038;a=747172&#038;g=17982018&#038;url=http:\/\/store.apple.com\/de\/go\/ipad\/accessories\">angebotene Zubeh\u00f6r<\/a> genannt.<\/p>\n<p><img loading=\"lazy\" decoding=\"async\" src=\"http:\/\/images.ifun.de\/wp-content\/uploads\/2011\/03\/ipad_2_store.jpg\" alt=\"\" title=\"ipad_2_store\" width=\"464\" height=\"166\" class=\"alignnone size-full wp-image-10943\" srcset=\"https:\/\/images.ifun.de\/wp-content\/uploads\/2011\/03\/ipad_2_store.jpg 464w, https:\/\/images.ifun.de\/wp-content\/uploads\/2011\/03\/ipad_2_store-300x107.jpg 300w\" sizes=\"auto, (max-width: 464px) 100vw, 464px\" \/><\/p>\n<p>Trotz der nachtschlafenden Zeit hatte Apples Online-Store hatte in der ersten Stunde nach dem Verkaufsstart ordentlich zu k\u00e4mpfen. Viele Anwender berichten, dass sie ihre Bestellung erst nach wiederholten Kaufversuchen absetzen konnten und auch entsprechend lange auf eine Bestellbest\u00e4tigung warten mussten.<\/p>\n<p>Ab 17 Uhr wird das neue iPad dann in den <a href=\"http:\/\/www.apple.com\/de\/retail\/\">vier deutschen Apple Stores<\/a> sowie bei diversen <a href=\"http:\/\/www.apple.com\/de\/buy\/apr\/\">Apple Premium-Resellern<\/a> und den gro\u00dfen Elektro-M\u00e4rkten erh\u00e4ltlich sein. Hier scheinen die Vorr\u00e4te teilweise \u00e4u\u00dferst begrenzt, wie <a href=\"http:\/\/www.ifun.de\/2011\/03\/23\/ipad-verkaufsstart-media-markt-uns-saturn-angeblich-nur-knapp-bestuckt-alte-ipads-gunstig-im-retail-store\/\">berichtet<\/a> haben manche Gesch\u00e4fte wohl nur jeweils ein Ger\u00e4t pro Modellvariante erhalten. In M\u00fcnchen haben sich die ersten K\u00e4ufer gar bereits mehr als 24 Stunden vor Verkaufsstart <a href=\"http:\/\/www.ifun.de\/2011\/03\/24\/ipad-verkaufsstart-apple-stores-schliesen-morgen-zwischen-15-und-17-uhr-erste-schlangesteher-in-munchen\/\">angestellt<\/a>. Wir freuen uns \u00fcber eure Berichte und Fotos von der Situation vor Ort.<\/p>\n","protected":false},"excerpt":{"rendered":"<a href=\"https:\/\/www.ifun.de\/ipad-verkauf-uber-den-apple-online-store-ist-angelaufen-groser-andrang-und-2-bis-3-wochen-versandzeit-10941\/\"><img width=\"150\" height=\"150\" src=\"https:\/\/images.ifun.de\/wp-content\/uploads\/2011\/03\/ipad_2_store-150x150.jpg\" class=\"alignright tfe wp-post-image\" alt=\"\" decoding=\"async\" loading=\"lazy\" \/><\/a><p>iPad 2 kann jetzt online<br \/>\nbei Apple bestellt werden:<br \/>\nInzwischen 3 &#8211; 4 Wochen Wartezeit bis zum Versand.<\/p>\n","protected":false},"author":2,"featured_media":10943,"comment_status":"open","ping_status":"closed","sticky":false,"template":"","format":"standard","meta":{"_acf_changed":false,"footnotes":""},"categories":[10,19],"tags":[49,253],"class_list":["post-10941","post","type-post","status-publish","format-standard","has-post-thumbnail","hentry","category-ipad","category-topnews","tag-apple-store","tag-ipad-2"],"acf":[],"aioseo_notices":[],"rest_api_enabler":[],"_links":{"self":[{"href":"https:\/\/www.ifun.de\/apiv2\/wp\/v2\/posts\/10941","targetHints":{"allow":["GET"]}}],"collection":[{"href":"https:\/\/www.ifun.de\/apiv2\/wp\/v2\/posts"}],"about":[{"href":"https:\/\/www.ifun.de\/apiv2\/wp\/v2\/types\/post"}],"author":[{"embeddable":true,"href":"https:\/\/www.ifun.de\/apiv2\/wp\/v2\/users\/2"}],"replies":[{"embeddable":true,"href":"https:\/\/www.ifun.de\/apiv2\/wp\/v2\/comments?post=10941"}],"version-history":[{"count":7,"href":"https:\/\/www.ifun.de\/apiv2\/wp\/v2\/posts\/10941\/revisions"}],"predecessor-version":[{"id":10980,"href":"https:\/\/www.ifun.de\/apiv2\/wp\/v2\/posts\/10941\/revisions\/10980"}],"wp:featuredmedia":[{"embeddable":true,"href":"https:\/\/www.ifun.de\/apiv2\/wp\/v2\/media\/10943"}],"wp:attachment":[{"href":"https:\/\/www.ifun.de\/apiv2\/wp\/v2\/media?parent=10941"}],"wp:term":[{"taxonomy":"category","embeddable":true,"href":"https:\/\/www.ifun.de\/apiv2\/wp\/v2\/categories?post=10941"},{"taxonomy":"post_tag","embeddable":true,"href":"https:\/\/www.ifun.de\/apiv2\/wp\/v2\/tags?post=10941"}],"curies":[{"name":"wp","href":"https:\/\/api.w.org\/{rel}","templated":true}]}}