{"id":109398,"date":"2017-07-02T11:11:39","date_gmt":"2017-07-02T09:11:39","guid":{"rendered":"https:\/\/www.ifun.de\/?p=109398"},"modified":"2017-07-04T08:58:55","modified_gmt":"2017-07-04T06:58:55","slug":"die-neue-dateien-app-usb-sticks-werden-nicht-erkannt","status":"publish","type":"post","link":"https:\/\/www.ifun.de\/die-neue-dateien-app-usb-sticks-werden-nicht-erkannt-109398\/","title":{"rendered":"Die neue Dateien-App: USB-Sticks werden nicht erkannt"},"content":{"rendered":"<p>Eine Frage, die momentan viele Anwender besch\u00e4ftigt: Wird die neuen Dateien-App, die Apple mit der Ausgabe von iOS 11 sowohl auf dem iPhone als auch auf dem iPad ablegen wird, den Zugriff auf externe Speichermedien erm\u00f6glichen?<\/p>\n<p><a href=\"https:\/\/images.ifun.de\/wp-content\/uploads\/2017\/07\/nicht-benutzen.jpg\"><img decoding=\"async\" class=\"aligncenter size-full wp-image-109400\" src=\"https:\/\/images.ifun.de\/wp-content\/uploads\/2017\/07\/nicht-benutzen.jpg\" alt=\"Nicht Benutzen\" width=\"500\" srcset=\"https:\/\/images.ifun.de\/wp-content\/uploads\/2017\/07\/nicht-benutzen.jpg 1000w, https:\/\/images.ifun.de\/wp-content\/uploads\/2017\/07\/nicht-benutzen-300x225.jpg 300w, https:\/\/images.ifun.de\/wp-content\/uploads\/2017\/07\/nicht-benutzen-768x576.jpg 768w\" sizes=\"(max-width: 1000px) 100vw, 1000px\" \/><\/a><\/p>\n<p>Die vorl\u00e4ufige Antwort f\u00e4llt leider negativ aus. Auch die zweite Vorabversion von iOS 11, die seit dem 22. Juni zum Testen bereitsteht, erkennt angeschlossene Datentr\u00e4ger derzeit leider nicht.<\/p>\n<p>Unabh\u00e4ngig davon, ob Apples 45 Euro teurer <a href=\"http:\/\/ifun.de\/applestore\/http:\/\/store.apple.com\/de\/go\/product\/MK0W2\">Lightning auf USB 3 Kamera-Adapter<\/a> oder der f\u00fcr 35 Euro angebotene <a href=\"http:\/\/ifun.de\/applestore\/http:\/\/store.apple.com\/de\/go\/product\/MD821\">Lightning auf USB Kamera-Adapter<\/a> zum Einsatz kommt: In der Dateien-App tauchen die Datentr\u00e4ger nicht mit einem eigenen Men\u00fcpunkt auf. Ein Zugriff auf hier gesicherte Dokumente oder Medien-Dateien ist nicht m\u00f6glich.<\/p>\n<p>Derzeit liest iOS 11 einen mit Hilfe des Lightning auf USB Kamera-Adapters verbundenen USB-Stick gar nicht erst aus, sondern blendet lediglich die Info-Meldung &#8222;Ger\u00e4t kann nicht benutzt werden&#8220; auf dem Display ein. USB-Sticks mit integriertem Lightning-Stecker (etwa das <a rel=\"noindex, nofollow\" href=\"http:\/\/www.ifun.de\/amzn\/B00O7TFWVC\">iFlashDrive<\/a>) ben\u00f6tigen nach wie vor ihre Hersteller-spezifischen Applikationen um gesicherte Inhalte anzuzeigen. <\/p>\n<p><a href=\"https:\/\/images.ifun.de\/wp-content\/uploads\/2017\/07\/geraet-usb-ios11.jpg\"><img loading=\"lazy\" decoding=\"async\" src=\"https:\/\/images.ifun.de\/wp-content\/uploads\/2017\/07\/geraet-usb-ios11.jpg\" alt=\"Geraet Usb Ios11\" width=\"1400\" height=\"621\" class=\"aligncenter size-full wp-image-109401\" srcset=\"https:\/\/images.ifun.de\/wp-content\/uploads\/2017\/07\/geraet-usb-ios11.jpg 1400w, https:\/\/images.ifun.de\/wp-content\/uploads\/2017\/07\/geraet-usb-ios11-300x133.jpg 300w, https:\/\/images.ifun.de\/wp-content\/uploads\/2017\/07\/geraet-usb-ios11-768x341.jpg 768w, https:\/\/images.ifun.de\/wp-content\/uploads\/2017\/07\/geraet-usb-ios11-1024x454.jpg 1024w\" sizes=\"auto, (max-width: 1400px) 100vw, 1400px\" \/><\/a><\/p>\n","protected":false},"excerpt":{"rendered":"<a href=\"https:\/\/www.ifun.de\/die-neue-dateien-app-usb-sticks-werden-nicht-erkannt-109398\/\"><img width=\"150\" height=\"150\" src=\"https:\/\/images.ifun.de\/wp-content\/uploads\/2017\/07\/geraet-usb-ios11-150x150.jpg\" class=\"alignright tfe wp-post-image\" alt=\"Geraet Usb Ios11\" decoding=\"async\" loading=\"lazy\" \/><\/a><p>Eine Frage, die momentan viele Anwender besch\u00e4ftigt: Wird die neuen Dateien-App, die Apple mit der Ausgabe von iOS 11 sowohl auf dem iPhone als auch auf dem iPad ablegen wird, den Zugriff auf externe Speichermedien erm\u00f6glichen? Die vorl\u00e4ufige Antwort f\u00e4llt leider negativ aus. Auch die zweite Vorabversion von iOS 11, die seit dem 22. Juni [&hellip;]<\/p>\n","protected":false},"author":1,"featured_media":109401,"comment_status":"open","ping_status":"closed","sticky":false,"template":"","format":"standard","meta":{"_acf_changed":false,"footnotes":""},"categories":[10,1783],"tags":[988,4740,3715,593],"class_list":["post-109398","post","type-post","status-publish","format-standard","has-post-thumbnail","hentry","category-ipad","category-feature","tag-dateien","tag-ipad","tag-neu-in-ios-11","tag-usb-stick"],"acf":[],"aioseo_notices":[],"featured_image":["https:\/\/images.ifun.de\/wp-content\/uploads\/2017\/07\/auslesen-usb-stick.jpg"],"subheadline":["iOS 11 mag keine Datentr\u00e4ger"],"rest_api_enabler":{"featured_image":"https:\/\/images.ifun.de\/wp-content\/uploads\/2017\/07\/auslesen-usb-stick.jpg","subheadline":"iOS 11 mag keine Datentr\u00e4ger"},"_links":{"self":[{"href":"https:\/\/www.ifun.de\/apiv2\/wp\/v2\/posts\/109398","targetHints":{"allow":["GET"]}}],"collection":[{"href":"https:\/\/www.ifun.de\/apiv2\/wp\/v2\/posts"}],"about":[{"href":"https:\/\/www.ifun.de\/apiv2\/wp\/v2\/types\/post"}],"author":[{"embeddable":true,"href":"https:\/\/www.ifun.de\/apiv2\/wp\/v2\/users\/1"}],"replies":[{"embeddable":true,"href":"https:\/\/www.ifun.de\/apiv2\/wp\/v2\/comments?post=109398"}],"version-history":[{"count":1,"href":"https:\/\/www.ifun.de\/apiv2\/wp\/v2\/posts\/109398\/revisions"}],"predecessor-version":[{"id":109402,"href":"https:\/\/www.ifun.de\/apiv2\/wp\/v2\/posts\/109398\/revisions\/109402"}],"wp:featuredmedia":[{"embeddable":true,"href":"https:\/\/www.ifun.de\/apiv2\/wp\/v2\/media\/109401"}],"wp:attachment":[{"href":"https:\/\/www.ifun.de\/apiv2\/wp\/v2\/media?parent=109398"}],"wp:term":[{"taxonomy":"category","embeddable":true,"href":"https:\/\/www.ifun.de\/apiv2\/wp\/v2\/categories?post=109398"},{"taxonomy":"post_tag","embeddable":true,"href":"https:\/\/www.ifun.de\/apiv2\/wp\/v2\/tags?post=109398"}],"curies":[{"name":"wp","href":"https:\/\/api.w.org\/{rel}","templated":true}]}}