{"id":109268,"date":"2017-06-28T16:48:27","date_gmt":"2017-06-28T14:48:27","guid":{"rendered":"https:\/\/www.ifun.de\/?p=109268"},"modified":"2017-06-29T13:51:04","modified_gmt":"2017-06-29T11:51:04","slug":"macbook-pro-2017-winzige-aenderungen-verbessern-die-tastatur","status":"publish","type":"post","link":"https:\/\/www.ifun.de\/macbook-pro-2017-winzige-aenderungen-verbessern-die-tastatur-109268\/","title":{"rendered":"MacBook Pro 2017: Winzige \u00c4nderungen verbessern die Tastatur"},"content":{"rendered":"<p>Bislang waren wir ja davon ausgegangen, dass Apple die Tastatur der MacBook Pro 2017 gegen\u00fcber der Vorg\u00e4ngergeneration nicht ver\u00e4ndert hat. Ein <a href=\"https:\/\/twitter.com\/Broooks\/status\/879117933309513728\">Tweet von Connor Brooks<\/a> belegt nun allerdings das Gegenteil. Mit minimalen, auch den f\u00fcr ihre Analyse neuer Apple-Produkte bekannten Technikexperten von ifixit entgangenen \u00c4nderungen, reagiert Apple auf die Kritik am Vorg\u00e4nger.<\/p>\n<p><a href=\"https:\/\/images.ifun.de\/wp-content\/uploads\/2017\/06\/macbook-pro-neue-tasten.gif\"><img loading=\"lazy\" decoding=\"async\" src=\"https:\/\/images.ifun.de\/wp-content\/uploads\/2017\/06\/macbook-pro-neue-tasten.gif\" alt=\"Macbook Pro Neue Tasten\" width=\"500\" height=\"375\" class=\"alignnone size-full wp-image-109270\" \/><\/a><\/p>\n<p>Benutzer des MacBook Pro 2017 berichten von einem leicht verbesserten Schreibgef\u00fchl und weniger Tastaturklappern. Zudem sind bislang noch keine Berichte \u00fcber h\u00e4ngende Tasten aufgetaucht, bei den Vorg\u00e4ngermodellen noch ein massives Problem. Minimalistische \u00c4nderungen seitens Apple scheinen hier gro\u00dfen Effekt zu haben.<\/p>\n<p>Dem Twitter-Bericht zufolge ist &#8211; wie auch oben in der Animation zu erkennen &#8211; die \u00d6ffnung f\u00fcr die Aufnahme gr\u00f6\u00dfer, zudem wurde die innere Form leicht ver\u00e4ndert.<\/p>\n<p>Spannend ist in diesem Zusammenhang nat\u00fcrlich die Frage, ob Apple die gleichen Tasten bereits beim Austausch defekter Tastaturen der Vorg\u00e4ngermodelle verwendet. Dies schein zumindest wahrscheinlich, da betroffene Nutzer ebenfalls \u00fcber ein besseres Verhalten nach erfolgtem Tausch berichten.<\/p>\n","protected":false},"excerpt":{"rendered":"<a href=\"https:\/\/www.ifun.de\/macbook-pro-2017-winzige-aenderungen-verbessern-die-tastatur-109268\/\"><img width=\"150\" height=\"150\" src=\"https:\/\/images.ifun.de\/wp-content\/uploads\/2017\/06\/macbook-pro-neue-tasten-150x150.gif\" class=\"alignright tfe wp-post-image\" alt=\"Macbook Pro Neue Tasten\" decoding=\"async\" loading=\"lazy\" \/><\/a><p>Bislang waren wir ja davon ausgegangen, dass Apple die Tastatur der MacBook Pro 2017 gegen\u00fcber der Vorg\u00e4ngergeneration nicht ver\u00e4ndert hat. Ein Tweet von Connor Brooks belegt nun allerdings das Gegenteil. Mit minimalen, auch den f\u00fcr ihre Analyse neuer Apple-Produkte bekannten Technikexperten von ifixit entgangenen \u00c4nderungen, reagiert Apple auf die Kritik am Vorg\u00e4nger. Benutzer des MacBook [&hellip;]<\/p>\n","protected":false},"author":2,"featured_media":109270,"comment_status":"open","ping_status":"closed","sticky":false,"template":"","format":"standard","meta":{"_acf_changed":false,"footnotes":""},"categories":[16,1783],"tags":[224,348],"class_list":["post-109268","post","type-post","status-publish","format-standard","has-post-thumbnail","hentry","category-mac","category-feature","tag-macbook-pro","tag-tastatur"],"acf":[],"aioseo_notices":[],"featured_image":["https:\/\/images.ifun.de\/wp-content\/uploads\/2017\/05\/taste-macbook-pro.jpg"],"subheadline":["\"Tasten-Tuning\""],"rest_api_enabler":{"featured_image":"https:\/\/images.ifun.de\/wp-content\/uploads\/2017\/05\/taste-macbook-pro.jpg","subheadline":"\"Tasten-Tuning\""},"_links":{"self":[{"href":"https:\/\/www.ifun.de\/apiv2\/wp\/v2\/posts\/109268","targetHints":{"allow":["GET"]}}],"collection":[{"href":"https:\/\/www.ifun.de\/apiv2\/wp\/v2\/posts"}],"about":[{"href":"https:\/\/www.ifun.de\/apiv2\/wp\/v2\/types\/post"}],"author":[{"embeddable":true,"href":"https:\/\/www.ifun.de\/apiv2\/wp\/v2\/users\/2"}],"replies":[{"embeddable":true,"href":"https:\/\/www.ifun.de\/apiv2\/wp\/v2\/comments?post=109268"}],"version-history":[{"count":2,"href":"https:\/\/www.ifun.de\/apiv2\/wp\/v2\/posts\/109268\/revisions"}],"predecessor-version":[{"id":109271,"href":"https:\/\/www.ifun.de\/apiv2\/wp\/v2\/posts\/109268\/revisions\/109271"}],"wp:featuredmedia":[{"embeddable":true,"href":"https:\/\/www.ifun.de\/apiv2\/wp\/v2\/media\/109270"}],"wp:attachment":[{"href":"https:\/\/www.ifun.de\/apiv2\/wp\/v2\/media?parent=109268"}],"wp:term":[{"taxonomy":"category","embeddable":true,"href":"https:\/\/www.ifun.de\/apiv2\/wp\/v2\/categories?post=109268"},{"taxonomy":"post_tag","embeddable":true,"href":"https:\/\/www.ifun.de\/apiv2\/wp\/v2\/tags?post=109268"}],"curies":[{"name":"wp","href":"https:\/\/api.w.org\/{rel}","templated":true}]}}