{"id":109090,"date":"2017-06-22T20:32:30","date_gmt":"2017-06-22T18:32:30","guid":{"rendered":"https:\/\/www.ifun.de\/?p=109090"},"modified":"2017-06-22T20:32:30","modified_gmt":"2017-06-22T18:32:30","slug":"apple-park-umzug-laeuft-schleppend-personal-fuers-besucher-caf-gesucht","status":"publish","type":"post","link":"https:\/\/www.ifun.de\/apple-park-umzug-laeuft-schleppend-personal-fuers-besucher-caf-gesucht-109090\/","title":{"rendered":"Apple Park: Umzug l\u00e4uft schleppend, Personal f\u00fcrs Besucher-Caf\u00e9 gesucht"},"content":{"rendered":"<p>Bei Apple dauert ja gerade <a href=\"https:\/\/www.iphone-ticker.de\/apples-airpods-lange-wartezeiten-gehoeren-jetzt-zur-firmen-dna-105151\/\" title=\"Apples AirPods: Lange Wartezeiten geh\u00f6ren jetzt zur Firmen-DNA\">alles etwas l\u00e4nger<\/a>, so scheint sich auch der Einzug in die neue Firmenzentrale Apple Park zu verz\u00f6gern. Urspr\u00fcnglich sollten <a href=\"https:\/\/www.ifun.de\/apple-park-apples-neue-firmenzentrale-wird-ab-april-bezogen-104272\/\" title=\"Apple Park: Apples neue Firmenzentrale wird ab April bezogen\">von April an<\/a> die ersten Mitarbeiter ihre neuen B\u00fcros beziehen, dem Vernehmen nach hat sich diesbez\u00fcglich bislang allerdings nicht viel getan.<\/p>\n<p><a href=\"http:\/\/images.ifun.de\/wp-content\/uploads\/2015\/07\/50026.jpg\"><img loading=\"lazy\" decoding=\"async\" src=\"http:\/\/images.ifun.de\/wp-content\/uploads\/2015\/07\/50026.jpg\" alt=\"500\" width=\"500\" height=\"295\" class=\"alignnone size-full wp-image-79996\" srcset=\"https:\/\/images.ifun.de\/wp-content\/uploads\/2015\/07\/50026.jpg 500w, https:\/\/images.ifun.de\/wp-content\/uploads\/2015\/07\/50026-300x177.jpg 300w\" sizes=\"auto, (max-width: 500px) 100vw, 500px\" \/><\/a><\/p>\n<p>Wenn der Umzug vollzogen ist, soll der neue Apple-Campus neben 12.000 Arbeitspl\u00e4tzen auch den legend\u00e4ren Apple Company Store in neuen R\u00e4umen und erstmals auch ein f\u00fcr Besucher ge\u00f6ffnetes Caf\u00e9 beherbergen. F\u00fcr letzteres sucht das Unternehmen nun Mitarbeiter und hat Stellen f\u00fcr einen <a href=\"https:\/\/jobs.apple.com\/us\/search#&amp;ss=caffe&amp;t=1&amp;so=&amp;lo=0*USA&amp;pN=0&amp;openJobId=83859878\">Visitor Center Caff\u00e9 Supervisor<\/a> und einen <a href=\"https:\/\/jobs.apple.com\/us\/search#&amp;ss=caffe&amp;t=1&amp;so=&amp;lo=0*USA&amp;pN=0&amp;openJobId=83860239\">Visitor Center Caff\u00e9 Manager<\/a> ausgeschrieben. (via <a href=\"https:\/\/9to5mac.com\/2017\/06\/22\/apple-park-visitor-center-store-cafe-opening\/\">9to5Mac<\/a>).<\/p>\n<p>Der Apple Company Store ist auch an seinem alten Standort am Infinite Loop in Cupertino einen Besuch wert, ist dies doch der einzige Apple Store, der neben der offiziellen Produktpalette des Unternehmens auch sonstige Werbeartikel, darunter T-Shirts mit regelm\u00e4\u00dfig aktualisierten Motiven anbietet. Was sich an der alten St\u00e4tte noch auf engem Raum abspielt, soll sich in der neuen Apple-Zentrale deutlich einladender und gro\u00dfz\u00fcgiger zeigen. Das Unternehmen plant ein eigenes <a href=\"https:\/\/www.ifun.de\/neue-apple-firmenzentrale-bekommt-besucherzentrum-mit-aussichtsplattform-79993\/\">Besucherzentrum<\/a> mit Aussichtsplattform, indem Company Store und das neue Caf\u00e9 untergebracht sind.<\/p>\n<p><a href=\"http:\/\/images.ifun.de\/wp-content\/uploads\/2015\/07\/7006.jpg\"><img loading=\"lazy\" decoding=\"async\" src=\"http:\/\/images.ifun.de\/wp-content\/uploads\/2015\/07\/7006.jpg\" alt=\"700\" width=\"700\" height=\"269\" class=\"alignnone size-full wp-image-79997\" srcset=\"https:\/\/images.ifun.de\/wp-content\/uploads\/2015\/07\/7006.jpg 700w, https:\/\/images.ifun.de\/wp-content\/uploads\/2015\/07\/7006-300x115.jpg 300w\" sizes=\"auto, (max-width: 700px) 100vw, 700px\" \/><\/a><\/p>\n","protected":false},"excerpt":{"rendered":"<a href=\"https:\/\/www.ifun.de\/apple-park-umzug-laeuft-schleppend-personal-fuers-besucher-caf-gesucht-109090\/\"><img decoding=\"async\" width=\"150\" src=\"http:\/\/images.ifun.de\/wp-content\/uploads\/2015\/07\/50026.jpg\" class=\"alignright wp-post-image tfe\" alt=\"500\" title=\"\" \/><\/a><p>Bei Apple dauert ja gerade alles etwas l\u00e4nger, so scheint sich auch der Einzug in die neue Firmenzentrale Apple Park zu verz\u00f6gern. Urspr\u00fcnglich sollten von April an die ersten Mitarbeiter ihre neuen B\u00fcros beziehen, dem Vernehmen nach hat sich diesbez\u00fcglich bislang allerdings nicht viel getan. Wenn der Umzug vollzogen ist, soll der neue Apple-Campus neben [&hellip;]<\/p>\n","protected":false},"author":2,"featured_media":0,"comment_status":"open","ping_status":"closed","sticky":false,"template":"","format":"standard","meta":{"_acf_changed":false,"footnotes":""},"categories":[3],"tags":[3620,462],"class_list":["post-109090","post","type-post","status-publish","format-standard","hentry","category-apple","tag-apple-park","tag-cupertino"],"acf":[],"aioseo_notices":[],"subheadline":["Neue Firmenzentrale"],"featured_image":["http:\/\/images.ifun.de\/wp-content\/uploads\/2015\/07\/header25.jpg"],"rest_api_enabler":{"subheadline":"Neue Firmenzentrale","featured_image":"http:\/\/images.ifun.de\/wp-content\/uploads\/2015\/07\/header25.jpg"},"_links":{"self":[{"href":"https:\/\/www.ifun.de\/apiv2\/wp\/v2\/posts\/109090","targetHints":{"allow":["GET"]}}],"collection":[{"href":"https:\/\/www.ifun.de\/apiv2\/wp\/v2\/posts"}],"about":[{"href":"https:\/\/www.ifun.de\/apiv2\/wp\/v2\/types\/post"}],"author":[{"embeddable":true,"href":"https:\/\/www.ifun.de\/apiv2\/wp\/v2\/users\/2"}],"replies":[{"embeddable":true,"href":"https:\/\/www.ifun.de\/apiv2\/wp\/v2\/comments?post=109090"}],"version-history":[{"count":3,"href":"https:\/\/www.ifun.de\/apiv2\/wp\/v2\/posts\/109090\/revisions"}],"predecessor-version":[{"id":109093,"href":"https:\/\/www.ifun.de\/apiv2\/wp\/v2\/posts\/109090\/revisions\/109093"}],"wp:attachment":[{"href":"https:\/\/www.ifun.de\/apiv2\/wp\/v2\/media?parent=109090"}],"wp:term":[{"taxonomy":"category","embeddable":true,"href":"https:\/\/www.ifun.de\/apiv2\/wp\/v2\/categories?post=109090"},{"taxonomy":"post_tag","embeddable":true,"href":"https:\/\/www.ifun.de\/apiv2\/wp\/v2\/tags?post=109090"}],"curies":[{"name":"wp","href":"https:\/\/api.w.org\/{rel}","templated":true}]}}