{"id":109045,"date":"2017-06-22T09:26:31","date_gmt":"2017-06-22T07:26:31","guid":{"rendered":"https:\/\/www.ifun.de\/?p=109045"},"modified":"2017-06-22T09:40:02","modified_gmt":"2017-06-22T07:40:02","slug":"mical-erreicht-die-mac-menueleiste","status":"publish","type":"post","link":"https:\/\/www.ifun.de\/mical-erreicht-die-mac-menueleiste-109045\/","title":{"rendered":"miCal erreicht die Mac-Men\u00fcleiste"},"content":{"rendered":"<p>Der iOS-Kalender miCal, eine seit 2010 verf\u00fcgbare Universal-Applikation f\u00fcr iPhone, iPad und Apple Watch, bietet mit <a href=\"https:\/\/itunes.apple.com\/de\/app\/mical-der-kalender-f%C3%BCr-os-x\/id1178312602?mt=12&#038;uo=4&#038;at=10ltcU\">miCal f\u00fcr Mac<\/a> nun auch einen Kompagnon f\u00fcr Mac-Nutzer an.<\/p>\n<p><a href=\"https:\/\/images.ifun.de\/wp-content\/uploads\/2017\/06\/mical-kalender.jpg\"><img decoding=\"async\" src=\"https:\/\/images.ifun.de\/wp-content\/uploads\/2017\/06\/mical-kalender.jpg\" alt=\"Mical Kalender\" width=\"500\" class=\"aligncenter size-full wp-image-109048\" srcset=\"https:\/\/images.ifun.de\/wp-content\/uploads\/2017\/06\/mical-kalender.jpg 1000w, https:\/\/images.ifun.de\/wp-content\/uploads\/2017\/06\/mical-kalender-300x228.jpg 300w, https:\/\/images.ifun.de\/wp-content\/uploads\/2017\/06\/mical-kalender-768x584.jpg 768w\" sizes=\"(max-width: 1000px) 100vw, 1000px\" \/><\/a><\/p>\n<p>Anders als auf Apples mobilen Ger\u00e4ten konkurriert der 4,49 Euro teure Download jedoch nicht mit dem System-Kalender eures Macs, sondern bietet sich als erg\u00e4nzende Men\u00fcleisten-Applikation an. <\/p>\n<p>Unseren Geschmack trifft die frisch ver\u00f6ffentlichte 20MB-Applikation nicht. So lassen sich die monatlichen Hintergrundbilder nicht austauschen, das Men\u00fcleistensymbol wird durchg\u00e4ngig in blau angezeigt und st\u00f6rt den einheitlich monochromen Look unserer Men\u00fcleiste und die Konfigurations-Optionen bieten nicht die gleiche Flexibilit\u00e4t wie unser Favorit <a href=\"https:\/\/www.ifun.de\/itsycal-grosse-aktualisierung-fuer-den-kleinen-menueleisten-kalender-103592\/\">Itsycal<\/a>. <\/p>\n<p><a href=\"https:\/\/images.ifun.de\/wp-content\/uploads\/2017\/06\/termin-hinzufuegen.jpg\"><img loading=\"lazy\" decoding=\"async\" src=\"https:\/\/images.ifun.de\/wp-content\/uploads\/2017\/06\/termin-hinzufuegen.jpg\" alt=\"Termin Hinzufuegen\" width=\"808\" height=\"292\" class=\"aligncenter size-full wp-image-109051\" srcset=\"https:\/\/images.ifun.de\/wp-content\/uploads\/2017\/06\/termin-hinzufuegen.jpg 808w, https:\/\/images.ifun.de\/wp-content\/uploads\/2017\/06\/termin-hinzufuegen-300x108.jpg 300w, https:\/\/images.ifun.de\/wp-content\/uploads\/2017\/06\/termin-hinzufuegen-768x278.jpg 768w\" sizes=\"auto, (max-width: 808px) 100vw, 808px\" \/><\/a><\/p>\n<p>Davon abgesehen macht miCal f\u00fcr Mac jedoch einen durchdachten Eindruck. Tastaturk\u00fcrzel erm\u00f6glichen das schnelle Anlegen neuer Termine, Info-Symbole informieren \u00fcber gesetzte Erinnerungen und wiederkehrende Kalender-Eintr\u00e4ge, Kalenderwochen lassen sich bei Bedarf dauerhaft einblenden.<\/p>\n<p>Kurz: Fans der iOS-Applikation sollten sich den Mac-Download anschauen, der Alternative Itsycal vor dem Spontankauf aber zumindest einen Besuch abstatten. <\/p>\n<!-- WP-Appbox (Version: 4.5.12 \/\/ Store: appstore \/\/ ID: 1178312602) -->\t<!-- app-link -->\n\t<div id=\"article-single-app-preview\">\n\t\t<div id=\"article-single-app-preview-header\">\n\t\t\t<span class=\"title\">Laden im App Store<\/span>\n\t\t<\/div>\n\t\t<div id=\"article-single-app-preview-content\">\n\t\t\t<div id=\"article-single-app-preview-img\"><img loading=\"lazy\" decoding=\"async\" src=\"\/\/is1-ssl.mzstatic.com\/image\/thumb\/Purple114\/v4\/2d\/80\/8b\/2d808bca-74cd-e80e-ed7b-6fb57d8c868a\/AppIcon-0-0-85-220-0-0-0-0-4-0-0-0-2x-sRGB-0-0-0-0-0.png\/200x200ib-75.png\" alt=\"miCal - der Kalender f\u00fcr OS X\"  height=\"72\" width=\"72\" class=\"asl-icon-img\" \/><\/div>\n\t\t\t<div id=\"article-single-app-preview-desc\">\n\t\t\t\t<span class=\"name\">miCal - der Kalender f\u00fcr OS X<\/span><br \/>\n\t\t\t\t<span class=\"seller\">Entwickler: <a target=\"_blank\" rel=\"nofollow\" href=\"https:\/\/apps.apple.com\/de\/developer\/entwicklungsschmiede-ug-co-kg\/id322660753\">entwicklungsschmiede UG & Co KG<\/a><\/span>\n\t\t\t<\/div>\n\t\t\t<a target=\"_blank\" rel=\"nofollow\" href=\"https:\/\/apps.apple.com\/de\/app\/mical-der-kalender-f%C3%BCr-os-x\/id1178312602?mt=12\"><div id=\"article-single-app-preview-download\">Preis: 4,99\u00a0\u20ac<br \/>\n\t\t\t<span class=\"size\">Laden<\/span><\/div><\/a>\n\t\t<\/div>\n\t\t<!-- <div id=\"article-single-app-preview-footer\"><\/div>\t-->\n\t<\/div>\n\t<!-- app-link\/ende --><!-- \/WP-Appbox -->\n<!-- WP-Appbox (Version: 4.5.12 \/\/ Store: appstore \/\/ ID: 777512000) -->\t<!-- app-link -->\n\t<div id=\"article-single-app-preview\">\n\t\t<div id=\"article-single-app-preview-header\">\n\t\t\t<span class=\"title\">Laden im App Store<\/span>\n\t\t<\/div>\n\t\t<div id=\"article-single-app-preview-content\">\n\t\t\t<div id=\"article-single-app-preview-img\"><img loading=\"lazy\" decoding=\"async\" src=\"\/\/is1-ssl.mzstatic.com\/image\/thumb\/Purple221\/v4\/63\/d4\/2b\/63d42bed-d02a-d1d1-4fea-4cb06ee0a151\/AppIcon-0-0-1x_U007emarketing-0-8-0-0-85-220.png\/200x200ia-75.png\" alt=\"miCal - der Kalender\"  height=\"72\" width=\"72\" class=\"asl-icon-img\" \/><\/div>\n\t\t\t<div id=\"article-single-app-preview-desc\">\n\t\t\t\t<span class=\"name\">miCal - der Kalender<\/span><br \/>\n\t\t\t\t<span class=\"seller\">Entwickler: <a target=\"_blank\" rel=\"nofollow\" href=\"https:\/\/apps.apple.com\/de\/developer\/entwicklungsschmiede-ug-co-kg\/id322660753\">entwicklungsschmiede UG & Co KG<\/a><\/span>\n\t\t\t<\/div>\n\t\t\t<a target=\"_blank\" rel=\"nofollow\" href=\"https:\/\/apps.apple.com\/de\/app\/mical-der-kalender\/id777512000\"><div id=\"article-single-app-preview-download\">Preis: 2,69\u00a0\u20ac<br \/>\n\t\t\t<span class=\"size\">Laden<\/span><\/div><\/a>\n\t\t<\/div>\n\t\t<!-- <div id=\"article-single-app-preview-footer\"><\/div>\t-->\n\t<\/div>\n\t<!-- app-link\/ende --><!-- \/WP-Appbox -->\n","protected":false},"excerpt":{"rendered":"<a href=\"https:\/\/www.ifun.de\/mical-erreicht-die-mac-menueleiste-109045\/\"><img width=\"150\" height=\"150\" src=\"https:\/\/images.ifun.de\/wp-content\/uploads\/2017\/06\/mical-kalender-150x150.jpg\" class=\"alignright tfe wp-post-image\" alt=\"Mical Kalender\" decoding=\"async\" loading=\"lazy\" \/><\/a><p>Der iOS-Kalender miCal, eine seit 2010 verf\u00fcgbare Universal-Applikation f\u00fcr iPhone, iPad und Apple Watch, bietet mit miCal f\u00fcr Mac nun auch einen Kompagnon f\u00fcr Mac-Nutzer an. Anders als auf Apples mobilen Ger\u00e4ten konkurriert der 4,49 Euro teure Download jedoch nicht mit dem System-Kalender eures Macs, sondern bietet sich als erg\u00e4nzende Men\u00fcleisten-Applikation an. Unseren Geschmack trifft [&hellip;]<\/p>\n","protected":false},"author":1,"featured_media":109048,"comment_status":"open","ping_status":"closed","sticky":false,"template":"","format":"standard","meta":{"_acf_changed":false,"footnotes":""},"categories":[5],"tags":[151,6321,2051],"class_list":["post-109045","post","type-post","status-publish","format-standard","has-post-thumbnail","hentry","category-apps","tag-kalender","tag-mac","tag-menueleiste"],"acf":[],"aioseo_notices":[],"subheadline":["Mini-Kalender"],"featured_image":["https:\/\/images.ifun.de\/wp-content\/uploads\/2017\/06\/laufen-mical-mac.jpg"],"rest_api_enabler":{"subheadline":"Mini-Kalender","featured_image":"https:\/\/images.ifun.de\/wp-content\/uploads\/2017\/06\/laufen-mical-mac.jpg"},"_links":{"self":[{"href":"https:\/\/www.ifun.de\/apiv2\/wp\/v2\/posts\/109045","targetHints":{"allow":["GET"]}}],"collection":[{"href":"https:\/\/www.ifun.de\/apiv2\/wp\/v2\/posts"}],"about":[{"href":"https:\/\/www.ifun.de\/apiv2\/wp\/v2\/types\/post"}],"author":[{"embeddable":true,"href":"https:\/\/www.ifun.de\/apiv2\/wp\/v2\/users\/1"}],"replies":[{"embeddable":true,"href":"https:\/\/www.ifun.de\/apiv2\/wp\/v2\/comments?post=109045"}],"version-history":[{"count":5,"href":"https:\/\/www.ifun.de\/apiv2\/wp\/v2\/posts\/109045\/revisions"}],"predecessor-version":[{"id":109053,"href":"https:\/\/www.ifun.de\/apiv2\/wp\/v2\/posts\/109045\/revisions\/109053"}],"wp:featuredmedia":[{"embeddable":true,"href":"https:\/\/www.ifun.de\/apiv2\/wp\/v2\/media\/109048"}],"wp:attachment":[{"href":"https:\/\/www.ifun.de\/apiv2\/wp\/v2\/media?parent=109045"}],"wp:term":[{"taxonomy":"category","embeddable":true,"href":"https:\/\/www.ifun.de\/apiv2\/wp\/v2\/categories?post=109045"},{"taxonomy":"post_tag","embeddable":true,"href":"https:\/\/www.ifun.de\/apiv2\/wp\/v2\/tags?post=109045"}],"curies":[{"name":"wp","href":"https:\/\/api.w.org\/{rel}","templated":true}]}}