{"id":108610,"date":"2017-06-12T18:28:16","date_gmt":"2017-06-12T16:28:16","guid":{"rendered":"https:\/\/www.ifun.de\/?p=108610"},"modified":"2017-06-12T18:28:16","modified_gmt":"2017-06-12T16:28:16","slug":"teuer-aber-super-ipad-pro-erntet-ueberall-lob","status":"publish","type":"post","link":"https:\/\/www.ifun.de\/teuer-aber-super-ipad-pro-erntet-ueberall-lob-108610\/","title":{"rendered":"Teuer aber super: iPad Pro erntet \u00fcberall Lob"},"content":{"rendered":"<p>Schm\u00e4lere R\u00e4nder, mehr Power. Das <a href=\"http:\/\/aos.prf.hn\/click\/camref:ihXz\/creativeref:305134\" title=\"iPad Pro\">neue iPad Pro<\/a> mit 10,5-Zoll-Bildschirm trifft in diesen Tagen bei fr\u00fchen Bestellern ein. Zeitgleich werden die ersten umfassenden Reviews von Onlinemedien ver\u00f6ffentlicht, denen Apple das Tablet bereits ein paar Tage fr\u00fcher \u00fcberlassen hat. Die Tester sind im Gro\u00dfen und Ganzen einer Meinung: Apple hat hier richtig gut abgeliefert, das neue iPad ist ein wahres Power-Paket.<\/p>\n<p><a href=\"https:\/\/images.ifun.de\/wp-content\/uploads\/2017\/06\/ipad-pro.jpg\"><img loading=\"lazy\" decoding=\"async\" src=\"https:\/\/images.ifun.de\/wp-content\/uploads\/2017\/06\/ipad-pro.jpg\" alt=\"Ipad Pro\" width=\"500\" height=\"441\" class=\"alignnone size-full wp-image-108612\" srcset=\"https:\/\/images.ifun.de\/wp-content\/uploads\/2017\/06\/ipad-pro.jpg 500w, https:\/\/images.ifun.de\/wp-content\/uploads\/2017\/06\/ipad-pro-300x265.jpg 300w\" sizes=\"auto, (max-width: 500px) 100vw, 500px\" \/><\/a><\/p>\n<p>Besonderes Lob f\u00e4hrt der erneut verbesserte iPad-Bildschirm ein. Farbdarstellung und Helligkeit sind hervorragend und die erh\u00f6hte Bildwiederholrate sorgt nicht nur f\u00fcr fl\u00fcssigere Animationen, sondern erlaubt auch die Verz\u00f6gerung bei der Benutzung des Apple Pencil weiter zu reduzieren. Aber die Verbesserungen auf Hardwareseite sind l\u00e4ngst nicht alles, mit der Freigabe von iOS 11 im Herbst steigern sich die M\u00f6glichkeiten der produktiven Verwendung des neuen iPad Pro noch einmal deutlich, beispielsweise durch die neuen Drag-and-Drop-Funktionen oder Apples \u201eDateisystem-Zugriff\u201c in Form der neuen Files-App.<\/p>\n<p>Unsere erste Leseempfehlung hier ist der kompetente Review des US-Magazins <a href=\"https:\/\/www.theverge.com\/2017\/6\/12\/15779156\/apple-new-ipad-pro-review-2017-10-5-tablet-ios\">The Verge<\/a>, alternativ k\u00f6nnt ihr euch auch sechs Minuten Zeit f\u00fcr das unten eingebettete Video nehmen. Im Anschluss gibt\u2019s noch ein paar Links zu weiteren, ausf\u00fchrlichen Besprechungen des neuen Apple-Tablets.<\/p>\n<p><div class=\"responsive-video\"><iframe loading=\"lazy\" width=\"700\" height=\"394\" src=\"https:\/\/www.youtube-nocookie.com\/embed\/-Hf5prRZIeg?rel=0&amp;showinfo=0?ecver=1\" frameborder=\"0\" allowfullscreen><\/iframe><\/div><\/p>\n<ul>\n<li><a href=\"https:\/\/techcrunch.com\/2017\/06\/12\/apple-pays-off-its-future-of-computing-promise-with-ipad-pro\/\">TechCrunch &#8211; Apple pays off its future-of-computing promise with iPad Pro<\/a><\/li>\n<li><a href=\"https:\/\/www.nytimes.com\/2017\/06\/12\/technology\/ipad-pro-review-apple.html\">NYT &#8211; New iPad Pro Inches Toward Replacing PC, but Falls Short<\/a><\/li>\n<li><a href=\"https:\/\/arstechnica.com\/apple\/2017\/06\/review-10-5-inch-ipad-pro-is-pro-hardware-patiently-waiting-for-pro-software\/\">ArsTechnica &#8211; The 10.5-inch iPad Pro is much more \u201cpro\u201d than what it replaces<\/a><\/li>\n<li><a href=\"http:\/\/uk.businessinsider.com\/apple-ipad-pro-10-5-inch-review-2017-6\">Business Insider &#8211; Apple&#39;s new iPad Pro is the best tablet<\/a><\/li>\n<li><a href=\"https:\/\/www.cnet.com\/uk\/products\/apple-ipad-pro-10-5-inch-2017\/review\/2\/\">CNET &#8211; iPad Pro review: Apple&#39;s tablet wants to be your everything<\/a><\/li>\n<\/ul>\n","protected":false},"excerpt":{"rendered":"<a href=\"https:\/\/www.ifun.de\/teuer-aber-super-ipad-pro-erntet-ueberall-lob-108610\/\"><img width=\"150\" height=\"150\" src=\"https:\/\/images.ifun.de\/wp-content\/uploads\/2017\/06\/pad-pro-10-5-zoll-150x150.jpg\" class=\"alignright tfe wp-post-image\" alt=\"Pad Pro 10 5 Zoll\" decoding=\"async\" loading=\"lazy\" \/><\/a><p>Schm\u00e4lere R\u00e4nder, mehr Power. Das neue iPad Pro mit 10,5-Zoll-Bildschirm trifft in diesen Tagen bei fr\u00fchen Bestellern ein. Zeitgleich werden die ersten umfassenden Reviews von Onlinemedien ver\u00f6ffentlicht, denen Apple das Tablet bereits ein paar Tage fr\u00fcher \u00fcberlassen hat. Die Tester sind im Gro\u00dfen und Ganzen einer Meinung: Apple hat hier richtig gut abgeliefert, das neue [&hellip;]<\/p>\n","protected":false},"author":2,"featured_media":108613,"comment_status":"open","ping_status":"closed","sticky":false,"template":"","format":"standard","meta":{"_acf_changed":false,"footnotes":""},"categories":[10],"tags":[],"class_list":["post-108610","post","type-post","status-publish","format-standard","has-post-thumbnail","hentry","category-ipad"],"acf":[],"aioseo_notices":[],"featured_image":["https:\/\/images.ifun.de\/wp-content\/uploads\/2017\/06\/pad-pro-10-5-zoll.jpg"],"subheadline":["Erste Reviews ver\u00f6ffentlicht"],"rest_api_enabler":{"featured_image":"https:\/\/images.ifun.de\/wp-content\/uploads\/2017\/06\/pad-pro-10-5-zoll.jpg","subheadline":"Erste Reviews ver\u00f6ffentlicht"},"_links":{"self":[{"href":"https:\/\/www.ifun.de\/apiv2\/wp\/v2\/posts\/108610","targetHints":{"allow":["GET"]}}],"collection":[{"href":"https:\/\/www.ifun.de\/apiv2\/wp\/v2\/posts"}],"about":[{"href":"https:\/\/www.ifun.de\/apiv2\/wp\/v2\/types\/post"}],"author":[{"embeddable":true,"href":"https:\/\/www.ifun.de\/apiv2\/wp\/v2\/users\/2"}],"replies":[{"embeddable":true,"href":"https:\/\/www.ifun.de\/apiv2\/wp\/v2\/comments?post=108610"}],"version-history":[{"count":2,"href":"https:\/\/www.ifun.de\/apiv2\/wp\/v2\/posts\/108610\/revisions"}],"predecessor-version":[{"id":108614,"href":"https:\/\/www.ifun.de\/apiv2\/wp\/v2\/posts\/108610\/revisions\/108614"}],"wp:featuredmedia":[{"embeddable":true,"href":"https:\/\/www.ifun.de\/apiv2\/wp\/v2\/media\/108613"}],"wp:attachment":[{"href":"https:\/\/www.ifun.de\/apiv2\/wp\/v2\/media?parent=108610"}],"wp:term":[{"taxonomy":"category","embeddable":true,"href":"https:\/\/www.ifun.de\/apiv2\/wp\/v2\/categories?post=108610"},{"taxonomy":"post_tag","embeddable":true,"href":"https:\/\/www.ifun.de\/apiv2\/wp\/v2\/tags?post=108610"}],"curies":[{"name":"wp","href":"https:\/\/api.w.org\/{rel}","templated":true}]}}