{"id":108187,"date":"2017-06-04T09:51:20","date_gmt":"2017-06-04T07:51:20","guid":{"rendered":"https:\/\/www.ifun.de\/?p=108187"},"modified":"2017-06-05T19:39:13","modified_gmt":"2017-06-05T17:39:13","slug":"live-uebertragung-der-apple-keynote-morgen-ab-19-uhr-was-zaubert-tim-cook-aus-dem-hut","status":"publish","type":"post","link":"https:\/\/www.ifun.de\/live-uebertragung-der-apple-keynote-morgen-ab-19-uhr-was-zaubert-tim-cook-aus-dem-hut-108187\/","title":{"rendered":"Live-\u00dcbertragung der Apple-Keynote Montag ab 19 Uhr: Was zaubert Tim Cook aus dem Hut?"},"content":{"rendered":"<p>Montag ab 19 Uhr findet die Er\u00f6ffnungsveranstaltung zur Apple-Entwicklerkonferenz WWDC statt. Wer die Keynote von Tim Cook \u00fcber Apple TV live mitverfolgen will, installiert sich am besten gleich die f\u00fcr diesen Anlass in neuer Version ver\u00f6ffentlichte App <a rel=\"noindex, nofollow\" rel=\"noindex, nofollow\" href=\"http:\/\/www.ifun.de\/app\/1090599922\">Apple Events<\/a>. Der Download steht kostenlos im App Store f\u00fcr Apple TV bereit.<\/p>\n<p>Alternativ besteht <a href=\"https:\/\/www.apple.com\/apple-events\/june-2017\/\">die M\u00f6glichkeit<\/a>, den Live-Stream der Veranstaltung mit Apples Webbrowser Safari am Mac oder auf einem iOS-Ger\u00e4t abzurufen. Windows-Nutzer ben\u00f6tigen mindestens Windows 10 und den Microsoft-Browser Edge. Wer noch ein \u00e4lteres Apple TV der zweiten oder dritten Generation benutzt, sollte darauf ebenfalls eine aktualisierte Version der Apple-Events-App vorfinden.<\/p>\n<p><a href=\"https:\/\/images.ifun.de\/wp-content\/uploads\/2017\/06\/apple-wwdc-keynote-app-apple-tv.jpg\"><img loading=\"lazy\" decoding=\"async\" src=\"https:\/\/images.ifun.de\/wp-content\/uploads\/2017\/06\/apple-wwdc-keynote-app-apple-tv.jpg\" alt=\"Apple Wwdc Keynote App Apple Tv\" width=\"700\" height=\"394\" class=\"alignnone size-full wp-image-108189\" srcset=\"https:\/\/images.ifun.de\/wp-content\/uploads\/2017\/06\/apple-wwdc-keynote-app-apple-tv.jpg 700w, https:\/\/images.ifun.de\/wp-content\/uploads\/2017\/06\/apple-wwdc-keynote-app-apple-tv-300x169.jpg 300w\" sizes=\"auto, (max-width: 700px) 100vw, 700px\" \/><\/a><\/p>\n<h2>Was erwarten wir zur WWDC 2017?<\/h2>\n<p>Zun\u00e4chst sollten wir nicht vergessen, dass es sich bei der WWDC um Apples allj\u00e4hrliche Entwicklerkonferenz handelt. Im Vordergrund steht daher traditionell ein Ausblick auf iOS 11, macOS 10.13, watchOS 4 und tvOS 11. Apple wird umfassend auf die Neuerungen der kommenden Betriebssystemgenerationen eingehen, wohl auch schon erste Testversionen f\u00fcr Entwickler freigeben oder zumindest ank\u00fcndigen und als geplanten Freigabetermin f\u00fchr alle Nutzer wie jedes Jahr den Herbst angeben.<\/p>\n<p>Ein Teil der Neuerungen k\u00f6nnte aber direkt im Zusammenhang mit neuen Hardware-Produkten stehen. Sollte Apple beispielsweise tats\u00e4chlich einen Siri-Lautsprecher in Konkurrenz zu Amazon Alexa oder Google Home ank\u00fcndigen, so k\u00f6nnten Entwickler im Rahmen der Konferenz schon auf kommende Interaktionsm\u00f6glichkeiten vorbereitet werden. Eine Ank\u00fcndigung im Rahmen der WWDC h\u00e4tte hier direkten Bezug. Ebenso ist vorstellbar, dass neue iPads oder eine neue Apple-TV-Generation die M\u00f6glichkeit bieten, zus\u00e4tzliche Softwarefunktionen zu nutzen. Die Pr\u00e4sentation <a href=\"https:\/\/www.ifun.de\/apples-neues-ipad-lineup-97-105-und-129-aber-ohne-mini-107756\/\" title=\"Apples neues iPad-Lineup: 9,7\u2033, 10,5\u2033 und 12,9\u2033 aber ohne Mini?\">neuer iPad-Pro-Modelle<\/a> oder eines neuen Apple TV 4K sind daher ebenfalls im Gespr\u00e4ch. Wir erinnern in diesem Zusammenhang auch f\u00fcr die f\u00fcr morgen erwartete Ank\u00fcndigung einer <a href=\"https:\/\/www.ifun.de\/amazon-prime-video-fuer-apple-tv-soll-am-5-juni-angekuendigt-werden-107381\/\" title=\"Amazon Video f\u00fcr Apple TV soll am 5. Juni angek\u00fcndigt werden\">Amazon-Video-App f\u00fcr Apple TV<\/a>.<\/p>\n<p><a href=\"https:\/\/images.ifun.de\/wp-content\/uploads\/2017\/06\/tim-cook-keynote.jpg\"><img loading=\"lazy\" decoding=\"async\" src=\"https:\/\/images.ifun.de\/wp-content\/uploads\/2017\/06\/tim-cook-keynote.jpg\" alt=\"Tim Cook Keynote\" width=\"700\" height=\"377\" class=\"alignnone size-full wp-image-108192\" srcset=\"https:\/\/images.ifun.de\/wp-content\/uploads\/2017\/06\/tim-cook-keynote.jpg 700w, https:\/\/images.ifun.de\/wp-content\/uploads\/2017\/06\/tim-cook-keynote-300x162.jpg 300w\" sizes=\"auto, (max-width: 700px) 100vw, 700px\" \/><\/a><\/p>\n<p>Ger\u00fcchten zufolge soll Apple auch Aktualisierungen f\u00fcr Notebooks, darunter auch das MacBook Pro planen. Die k\u00e4me nur rund 200 Tage nach der Vorstellung der Touch-Bar-Modelle \u00fcberraschend, w\u00e4re aber als Reaktion auf die Kritik an der ersten Generation dieser Ger\u00e4te durchaus vorstellbar. Gerade aus Entwicklerkreisen musste der Hersteller massive Kritik an den Leistungsdaten der Ger\u00e4te, beispielsweise der Begrenzung auf maximal 16 GB Arbeitsspeicher einstecken. Beim MacBook 12\u201c wie auch beim MacBook Air w\u00fcrden Updates dagegen in den gewohnten Zeitplan passen.<\/p>\n<p>An Spannung fehlt es mit Blick auf die morgige Veranstaltung also keinesfalls. Die Live-\u00dcbertragung beginnt um 19 Uhr unserer Zeit und l\u00e4sst sich wie gesagt <a href=\"https:\/\/www.apple.com\/apple-events\/june-2017\/\">hier per Webbrowser<\/a> oder \u00fcber die <a rel=\"noindex, nofollow\" rel=\"noindex, nofollow\" href=\"http:\/\/www.ifun.de\/app\/1090599922\">Apple-TV-App<\/a> mitverfolgen. Wir werden parallel dazu auf ifun.de und iphone-ticker.de \u00fcber alle relevanten Ank\u00fcndigungen und Neuerungen berichten.<img loading=\"lazy\" decoding=\"async\" src=\"http:\/\/vg09.met.vgwort.de\/na\/969a6e1d90ab4393b13efb2ebcadb555\" width=\"1\" height=\"1\" class=\"tracking\"><\/p>\n","protected":false},"excerpt":{"rendered":"<a href=\"https:\/\/www.ifun.de\/live-uebertragung-der-apple-keynote-morgen-ab-19-uhr-was-zaubert-tim-cook-aus-dem-hut-108187\/\"><img width=\"150\" height=\"150\" src=\"https:\/\/images.ifun.de\/wp-content\/uploads\/2017\/06\/wwdc-2017-header-150x150.jpg\" class=\"alignright tfe wp-post-image\" alt=\"Wwdc 2017 Header\" decoding=\"async\" loading=\"lazy\" \/><\/a><p>Montag ab 19 Uhr findet die Er\u00f6ffnungsveranstaltung zur Apple-Entwicklerkonferenz WWDC statt. Wer die Keynote von Tim Cook \u00fcber Apple TV live mitverfolgen will, installiert sich am besten gleich die f\u00fcr diesen Anlass in neuer Version ver\u00f6ffentlichte App Apple Events. Der Download steht kostenlos im App Store f\u00fcr Apple TV bereit. Alternativ besteht die M\u00f6glichkeit, den [&hellip;]<\/p>\n","protected":false},"author":2,"featured_media":108190,"comment_status":"open","ping_status":"closed","sticky":false,"template":"","format":"standard","meta":{"_acf_changed":false,"footnotes":""},"categories":[3],"tags":[342,867,31,353],"class_list":["post-108187","post","type-post","status-publish","format-standard","has-post-thumbnail","hentry","category-apple","tag-keynote","tag-live","tag-video","tag-wwdc"],"acf":[],"aioseo_notices":[],"subheadline":["Auch Apple-TV-App bereit"],"featured_image":["https:\/\/images.ifun.de\/wp-content\/uploads\/2017\/06\/wwdc-2017-header.jpg"],"rest_api_enabler":{"subheadline":"Auch Apple-TV-App bereit","featured_image":"https:\/\/images.ifun.de\/wp-content\/uploads\/2017\/06\/wwdc-2017-header.jpg"},"_links":{"self":[{"href":"https:\/\/www.ifun.de\/apiv2\/wp\/v2\/posts\/108187","targetHints":{"allow":["GET"]}}],"collection":[{"href":"https:\/\/www.ifun.de\/apiv2\/wp\/v2\/posts"}],"about":[{"href":"https:\/\/www.ifun.de\/apiv2\/wp\/v2\/types\/post"}],"author":[{"embeddable":true,"href":"https:\/\/www.ifun.de\/apiv2\/wp\/v2\/users\/2"}],"replies":[{"embeddable":true,"href":"https:\/\/www.ifun.de\/apiv2\/wp\/v2\/comments?post=108187"}],"version-history":[{"count":6,"href":"https:\/\/www.ifun.de\/apiv2\/wp\/v2\/posts\/108187\/revisions"}],"predecessor-version":[{"id":108203,"href":"https:\/\/www.ifun.de\/apiv2\/wp\/v2\/posts\/108187\/revisions\/108203"}],"wp:featuredmedia":[{"embeddable":true,"href":"https:\/\/www.ifun.de\/apiv2\/wp\/v2\/media\/108190"}],"wp:attachment":[{"href":"https:\/\/www.ifun.de\/apiv2\/wp\/v2\/media?parent=108187"}],"wp:term":[{"taxonomy":"category","embeddable":true,"href":"https:\/\/www.ifun.de\/apiv2\/wp\/v2\/categories?post=108187"},{"taxonomy":"post_tag","embeddable":true,"href":"https:\/\/www.ifun.de\/apiv2\/wp\/v2\/tags?post=108187"}],"curies":[{"name":"wp","href":"https:\/\/api.w.org\/{rel}","templated":true}]}}