{"id":107998,"date":"2017-05-30T14:33:57","date_gmt":"2017-05-30T12:33:57","guid":{"rendered":"https:\/\/www.ifun.de\/?p=107998"},"modified":"2017-05-30T14:37:44","modified_gmt":"2017-05-30T12:37:44","slug":"avm-zeigt-neue-fritzbox-6591-cable","status":"publish","type":"post","link":"https:\/\/www.ifun.de\/avm-zeigt-neue-fritzbox-6591-cable-107998\/","title":{"rendered":"AVM zeigt neue FRITZ!Box 6591 Cable"},"content":{"rendered":"<p>Der Berliner Netzwerkausstatter AVM verschickt seine Produktank\u00fcndigungen in j\u00fcngster Zeit im Monatsrhythmus. W\u00e4hrend die FRITZ!Box-Macher ihre neuen Top-Modelle, die FRITZ!Box 7590 und die FRITZ!Box 6590 Cable, erst Ende M\u00e4rz <a href=\"https:\/\/www.ifun.de\/fritzbox-7590-und-6590-cable-avm-praesentiert-neue-spitzenmodelle-105302\/\">pr\u00e4sentierten<\/a> steht mit der heute pr\u00e4sentierten FRITZ!Box 6591 Cable bereits der Prototyp des Nachfolgers f\u00fcr Kabelkunden in der Spur.<\/p>\n<p><a href=\"https:\/\/images.ifun.de\/wp-content\/uploads\/2017\/05\/fritzbox.jpg\"><img decoding=\"async\" src=\"https:\/\/images.ifun.de\/wp-content\/uploads\/2017\/05\/fritzbox.jpg\" alt=\"Fritzbox\" width=\"500\" class=\"aligncenter size-full wp-image-108000\" srcset=\"https:\/\/images.ifun.de\/wp-content\/uploads\/2017\/05\/fritzbox.jpg 1000w, https:\/\/images.ifun.de\/wp-content\/uploads\/2017\/05\/fritzbox-300x214.jpg 300w, https:\/\/images.ifun.de\/wp-content\/uploads\/2017\/05\/fritzbox-768x548.jpg 768w\" sizes=\"(max-width: 1000px) 100vw, 1000px\" \/><\/a><\/p>\n<p>Vorgestellt im Rahmen der Fachmesse ANGA COM, die noch bis zum 1. Juni in K\u00f6ln stattfindet, beansprucht das heute pr\u00e4sentierte Modell ein wichtiges alleinstellungsmerkmal f\u00fcr sich. Die FRITZ!Box 6591 Cable ist das erste Modell, das den DOCSIS 3.1-Standard unterst\u00fctzt und so Spitzengeschwindigkeiten von bis zu 6 GBit\/s im Downstream bzw. 2 GBit\/s im Upstream erreichen kann.<\/p>\n<blockquote><p>[&#8230;] FRITZ!Box 6591 Cable ist abw\u00e4rtskompatibel zu DOCSIS 3.0 mit einer 32&#215;8-Kanalb\u00fcndelung. Auch der gleichzeitige Betrieb von DOCSIS 3.0 und 3.1 in den Netzen ist mit der FRITZ!Box 6591 Cable m\u00f6glich. Weiterhin verf\u00fcgt die k\u00fcnftige FRITZ!Box 6591 Cable \u00fcber eine komplette Ausstattung f\u00fcr WLAN, Telefonie und Smart Home: schnelles, intelligentes Dualband WLAN AC+N, interner ISDN-S0-Anschluss, Anschlussm\u00f6glichkeiten f\u00fcr analoge Telefone sowie DECT-Basis f\u00fcr Schnurlostelefone und Smart-Home-Anwendungen. Vier Gigabit-LAN-Anschl\u00fcsse und zwei USB-3.0-Ports erm\u00f6glichen zus\u00e4tzlich eine vielseitige Heimvernetzung.<\/p><\/blockquote>\n<p>Laut AVM starten in den Kabelnetzen demn\u00e4chst die ersten Pilotprojekte mit DOCSIS 3.1. Mit der FRITZ!Box 6591 Cable bereiten sich die Router-Macher schon jetzt auf die kommende Ausbaustufe vor.<\/p>\n<h2>FRITZ!Box 7590 und 6590 Cable in den Startl\u00f6chern<\/h2>\n<p>Die zuletzt vorgestellten Spitzenmodelle sollen demn\u00e4chst am Markt erh\u00e4ltlich sein. W\u00e4hrend AVM den Verkaufsstart der FRITZ!Box 7590 im Mai versprach (wir h\u00e4tten noch 24 Stunden) soll die <a rel=\"noindex, nofollow\" href=\"http:\/\/www.ifun.de\/amzn\/B071H678RH\">FRITZ!Box 6590<\/a> Cable ab Juni erreichbar sein. Beide Modelle sind mit einer unverbindlichen Preisempfehlung von 269 Euro ausgezeichnet.<\/p>\n<script>\r\n  function open_amazon(link) {\r\n    if (navigator.userAgent.indexOf(\"Firefox\") != -1) {\r\n      window.open(link, '_blank');\r\n    } else {\r\n      var tag = document.createElement('a');\r\n      tag.setAttribute('href', link);\r\n      tag.innerHTML = \"amzn\";\r\n      tag.click();\r\n    }\r\n  }\r\n<\/script>\r\n    <div id=\"article-single-amazon-preview\" onclick=\"return open_amazon('https:\/\/www.amazon.de\/dp\/B071H678RH?tag=musicweb02&linkCode=ogi&th=1&psc=1');\">\n  <div id=\"article-single-amazon-preview-header\">\n    <span class=\"title\">Produkthinweis<\/span>\n      <\/div>\n  <div id=\"article-single-amazon-preview-content\">\n    <div id=\"article-single-amazon-preview-img\" style=\"background: url('https:\/\/m.media-amazon.com\/images\/I\/51WUQCxdQnL.jpg') center center no-repeat; background-size: cover;\"><\/div>\n    <div id=\"article-single-amazon-preview-desc\">\n      <span class=\"bezeichnung\"><a href=\"https:\/\/www.amazon.de\/dp\/B071H678RH?tag=musicweb02&linkCode=ogi&th=1&psc=1\" style=\"text-decoration: none; border-bottom: 0px; box-shadow: none;\">AVM FRITZ!Box 6590 Cable WLAN AC + N Router (DOCSIS-3.0-Kabelmodem, Dual-WLAN AC+N mit 1.733 Mbit\/s (5 GHz) + 800 MBit\/s...<\/a><\/span>\n      <span class=\"preis--aktuell\">249,00 EUR<\/span>\n      <span class=\"preis--alt\"><\/span>\n    <\/div>\n  <\/div>\n<\/div>\n<h2>FRITZ!Box 6591 Cable &#8211; Die Spezifikationen<\/h2>\n<ul>\n<li>2&#215;2 OFDM DOCSIS 3.1-Kanalb\u00fcndelung (6 GBit\/s Downstream, 2 GBit\/s im Upstream)<\/li>\n<li>32&#215;8 DOCSIS-3.0-Kanalb\u00fcndelung (1,7 GBit\/s Downstream, 240 MBit\/s Upstream)<\/li>\n<li>Konfigurierbarer Upstream-Filter von 5-204 MHz<\/li>\n<li>4&#215;4 Dualband WLAN AC+N mit Multi-User MIMO (1.733 MBit\/s + 800 MBit\/s)<\/li>\n<li>4 Gigabit-LAN-Ports<\/li>\n<li>2 USB-3.0-Ports<\/li>\n<li>DECT-Basis f\u00fcr bis zu 6 Telefone und Smart-Home-Anwendungen<\/li>\n<li>Interner ISDN-S\u2080-Bus f\u00fcr ISDN-Telefone oder ISDN-Telefonanlage<\/li>\n<li>2 Anschl\u00fcsse f\u00fcr analoges Telefon oder Fax<\/li>\n<li>\u00dcbertr\u00e4gt das Kabel-TV (DVB-C) zusammen mit FRITZ!App TV oder VLC-Player per WLAN auf mobile Ger\u00e4te im Heimnetz<\/li>\n<li>FRITZ!OS: mit Kindersicherung, Mediaserver, FRITZ!NAS, WLAN-Gastzugang, MyFRITZ!<\/li>\n<\/ul>\n","protected":false},"excerpt":{"rendered":"<a href=\"https:\/\/www.ifun.de\/avm-zeigt-neue-fritzbox-6591-cable-107998\/\"><img width=\"150\" height=\"150\" src=\"https:\/\/images.ifun.de\/wp-content\/uploads\/2017\/05\/fritzbox-150x150.jpg\" class=\"alignright tfe wp-post-image\" alt=\"Fritzbox\" decoding=\"async\" loading=\"lazy\" \/><\/a><p>Der Berliner Netzwerkausstatter AVM verschickt seine Produktank\u00fcndigungen in j\u00fcngster Zeit im Monatsrhythmus. W\u00e4hrend die FRITZ!Box-Macher ihre neuen Top-Modelle, die FRITZ!Box 7590 und die FRITZ!Box 6590 Cable, erst Ende M\u00e4rz pr\u00e4sentierten steht mit der heute pr\u00e4sentierten FRITZ!Box 6591 Cable bereits der Prototyp des Nachfolgers f\u00fcr Kabelkunden in der Spur. Vorgestellt im Rahmen der Fachmesse ANGA COM, [&hellip;]<\/p>\n","protected":false},"author":1,"featured_media":108000,"comment_status":"open","ping_status":"closed","sticky":false,"template":"","format":"standard","meta":{"_acf_changed":false,"footnotes":""},"categories":[1],"tags":[1654,1380,539,6325],"class_list":["post-107998","post","type-post","status-publish","format-standard","has-post-thumbnail","hentry","category-news","tag-avm","tag-fritzbox","tag-router","tag-zubehor"],"acf":[],"aioseo_notices":[],"subheadline":["Mit DOCSIS 3.1"],"featured_image":["https:\/\/images.ifun.de\/wp-content\/uploads\/2017\/03\/fritzbox.jpg"],"rest_api_enabler":{"subheadline":"Mit DOCSIS 3.1","featured_image":"https:\/\/images.ifun.de\/wp-content\/uploads\/2017\/03\/fritzbox.jpg"},"_links":{"self":[{"href":"https:\/\/www.ifun.de\/apiv2\/wp\/v2\/posts\/107998","targetHints":{"allow":["GET"]}}],"collection":[{"href":"https:\/\/www.ifun.de\/apiv2\/wp\/v2\/posts"}],"about":[{"href":"https:\/\/www.ifun.de\/apiv2\/wp\/v2\/types\/post"}],"author":[{"embeddable":true,"href":"https:\/\/www.ifun.de\/apiv2\/wp\/v2\/users\/1"}],"replies":[{"embeddable":true,"href":"https:\/\/www.ifun.de\/apiv2\/wp\/v2\/comments?post=107998"}],"version-history":[{"count":3,"href":"https:\/\/www.ifun.de\/apiv2\/wp\/v2\/posts\/107998\/revisions"}],"predecessor-version":[{"id":108002,"href":"https:\/\/www.ifun.de\/apiv2\/wp\/v2\/posts\/107998\/revisions\/108002"}],"wp:featuredmedia":[{"embeddable":true,"href":"https:\/\/www.ifun.de\/apiv2\/wp\/v2\/media\/108000"}],"wp:attachment":[{"href":"https:\/\/www.ifun.de\/apiv2\/wp\/v2\/media?parent=107998"}],"wp:term":[{"taxonomy":"category","embeddable":true,"href":"https:\/\/www.ifun.de\/apiv2\/wp\/v2\/categories?post=107998"},{"taxonomy":"post_tag","embeddable":true,"href":"https:\/\/www.ifun.de\/apiv2\/wp\/v2\/tags?post=107998"}],"curies":[{"name":"wp","href":"https:\/\/api.w.org\/{rel}","templated":true}]}}