{"id":107994,"date":"2017-05-30T12:55:42","date_gmt":"2017-05-30T10:55:42","guid":{"rendered":"https:\/\/www.ifun.de\/?p=107994"},"modified":"2017-05-30T12:56:05","modified_gmt":"2017-05-30T10:56:05","slug":"ios-11-zweites-ideenvideo-zeigt-ueberfaellige-ipad-verbesserungen","status":"publish","type":"post","link":"https:\/\/www.ifun.de\/ios-11-zweites-ideenvideo-zeigt-ueberfaellige-ipad-verbesserungen-107994\/","title":{"rendered":"iOS 11: Zweites Ideenvideo zeigt \u00fcberf\u00e4llige iPad-Verbesserungen"},"content":{"rendered":"<p>Nur knapp zwei Wochen, nachdem <a href=\"https:\/\/www.ifun.de\/ios-11-ideenvideo-zeigt-ueberfaellige-ipad-verbesserungen-107691\/\">das Konzept-Video<\/a> des Interface-Designers Sam Beckett die Vorfreude auf Apples anstehende Pr\u00e4sentation der iOS-Aktualisierung auf Version 11 anheizte, legt der Videoblogger Jeff Benjamin jetzt f\u00fcnf weitere W\u00fcnsche an Apples iPad-Abteilung nach.<\/p>\n<p><a href=\"https:\/\/images.ifun.de\/wp-content\/uploads\/2017\/05\/mauszeiger.jpg\"><img decoding=\"async\" class=\"aligncenter size-full wp-image-107995\" src=\"https:\/\/images.ifun.de\/wp-content\/uploads\/2017\/05\/mauszeiger.jpg\" alt=\"Mauszeiger\" width=\"500\" srcset=\"https:\/\/images.ifun.de\/wp-content\/uploads\/2017\/05\/mauszeiger.jpg 1000w, https:\/\/images.ifun.de\/wp-content\/uploads\/2017\/05\/mauszeiger-300x188.jpg 300w, https:\/\/images.ifun.de\/wp-content\/uploads\/2017\/05\/mauszeiger-768x480.jpg 768w\" sizes=\"(max-width: 1000px) 100vw, 1000px\" \/><\/a><\/p>\n<p>W\u00e4hrend Beckett f\u00fcr die Integration einer Ablage f\u00fcr kopierte Inhalte, f\u00fcr eine verbesserte Auswahl von Anwendungen im Zwei-Fenster-Betrieb und f\u00fcr einen vollwertigen Finder pl\u00e4dierte, fordert Benjamin den Einbau von Pro-Funktionen.<\/p>\n<h2>Mausbetrieb, mehrere Nutzer-Accounts<\/h2>\n<p>iOS 11 sollte das iPad nicht nur mit einer Unterst\u00fctzung f\u00fcr den Maus-Betrieb versorgen, sondern auch das Aufsetzen mehrere Nutzer-Accounts unterst\u00fctzen, 3D Touch implementieren, die Multitasking-Ansicht auf vier Apps ausweiten und die bislang nur f\u00fcr den Mac angebotenen Pro-Apps Cupertinos auch auf dem Tablet ablegen.<\/p>\n<p>Zwar d\u00fcrften der Ruf nach einer Maus-Unterst\u00fctzung und einer vollwertigen iPad-Ausgabe der Apple-Anwendung &#8222;Final Cut Pro X&#8220; unerh\u00f6rt bleiben, die angesprochene Nutzer-Verwaltung und eine Aufwertung der Multitasking-Ansicht k\u00f6nnten am kommenden Montag jedoch durchaus Teil des live \u00fcbertragenen Apple-B\u00fchnenprogramms sein.<\/p>\n<p><div class=\"responsive-video\"><iframe loading=\"lazy\" src=\"https:\/\/www.youtube-nocookie.com\/embed\/L23CIX3nB2k?start=9\" width=\"700\" height=\"371\" frameborder=\"0\" allowfullscreen=\"allowfullscreen\"><\/iframe><\/div><\/p>\n","protected":false},"excerpt":{"rendered":"<a href=\"https:\/\/www.ifun.de\/ios-11-zweites-ideenvideo-zeigt-ueberfaellige-ipad-verbesserungen-107994\/\"><img width=\"150\" height=\"150\" src=\"https:\/\/images.ifun.de\/wp-content\/uploads\/2017\/05\/ipad-ios-11-150x150.jpg\" class=\"alignright tfe wp-post-image\" alt=\"Ipad Ios 11\" decoding=\"async\" loading=\"lazy\" \/><\/a><p>Nur knapp zwei Wochen, nachdem das Konzept-Video des Interface-Designers Sam Beckett die Vorfreude auf Apples anstehende Pr\u00e4sentation der iOS-Aktualisierung auf Version 11 anheizte, legt der Videoblogger Jeff Benjamin jetzt f\u00fcnf weitere W\u00fcnsche an Apples iPad-Abteilung nach. W\u00e4hrend Beckett f\u00fcr die Integration einer Ablage f\u00fcr kopierte Inhalte, f\u00fcr eine verbesserte Auswahl von Anwendungen im Zwei-Fenster-Betrieb und [&hellip;]<\/p>\n","protected":false},"author":1,"featured_media":107996,"comment_status":"open","ping_status":"closed","sticky":false,"template":"","format":"standard","meta":{"_acf_changed":false,"footnotes":""},"categories":[10,1],"tags":[250,4739,3707,4740,31],"class_list":["post-107994","post","type-post","status-publish","format-standard","has-post-thumbnail","hentry","category-ipad","category-news","tag-design","tag-ios","tag-ios-11","tag-ipad","tag-video"],"acf":[],"aioseo_notices":[],"subheadline":["iPad Pro-Funktion in iOS 11"],"featured_image":["https:\/\/images.ifun.de\/wp-content\/uploads\/2017\/05\/ipad-ios-11.jpg"],"rest_api_enabler":{"subheadline":"iPad Pro-Funktion in iOS 11","featured_image":"https:\/\/images.ifun.de\/wp-content\/uploads\/2017\/05\/ipad-ios-11.jpg"},"_links":{"self":[{"href":"https:\/\/www.ifun.de\/apiv2\/wp\/v2\/posts\/107994","targetHints":{"allow":["GET"]}}],"collection":[{"href":"https:\/\/www.ifun.de\/apiv2\/wp\/v2\/posts"}],"about":[{"href":"https:\/\/www.ifun.de\/apiv2\/wp\/v2\/types\/post"}],"author":[{"embeddable":true,"href":"https:\/\/www.ifun.de\/apiv2\/wp\/v2\/users\/1"}],"replies":[{"embeddable":true,"href":"https:\/\/www.ifun.de\/apiv2\/wp\/v2\/comments?post=107994"}],"version-history":[{"count":1,"href":"https:\/\/www.ifun.de\/apiv2\/wp\/v2\/posts\/107994\/revisions"}],"predecessor-version":[{"id":107997,"href":"https:\/\/www.ifun.de\/apiv2\/wp\/v2\/posts\/107994\/revisions\/107997"}],"wp:featuredmedia":[{"embeddable":true,"href":"https:\/\/www.ifun.de\/apiv2\/wp\/v2\/media\/107996"}],"wp:attachment":[{"href":"https:\/\/www.ifun.de\/apiv2\/wp\/v2\/media?parent=107994"}],"wp:term":[{"taxonomy":"category","embeddable":true,"href":"https:\/\/www.ifun.de\/apiv2\/wp\/v2\/categories?post=107994"},{"taxonomy":"post_tag","embeddable":true,"href":"https:\/\/www.ifun.de\/apiv2\/wp\/v2\/tags?post=107994"}],"curies":[{"name":"wp","href":"https:\/\/api.w.org\/{rel}","templated":true}]}}