{"id":10735,"date":"2011-03-21T16:59:10","date_gmt":"2011-03-21T15:59:10","guid":{"rendered":"http:\/\/www.ifun.de\/?p=10735"},"modified":"2011-03-22T07:58:11","modified_gmt":"2011-03-22T06:58:11","slug":"ipad-verkaufsstart-am-freitag-die-deutschen-apple-stores-bereiten-sich-vor","status":"publish","type":"post","link":"https:\/\/www.ifun.de\/ipad-verkaufsstart-am-freitag-die-deutschen-apple-stores-bereiten-sich-vor-10735\/","title":{"rendered":"iPad-Verkaufsstart am Freitag: Die Vorbereitungen in den deutschen Apple Stores laufen"},"content":{"rendered":"<p><img loading=\"lazy\" decoding=\"async\" src=\"http:\/\/images.ifun.de\/wp-content\/uploads\/2011\/03\/warten.jpg\" alt=\"\" title=\"warten\" width=\"246\" height=\"186\" class=\"alignright size-full wp-image-10736\" \/>Entgegen aller Bef\u00fcrchtungen gehen wir davon aus, dass der iPad-Verkaufsstart in Deutschland diesen Freitag planm\u00e4\u00dfig stattfindet.<\/p>\n<p>Parallel zur M\u00f6glichkeit der Online-Bestellung bei Apple wird das neue iPad auch in den vier deutschen Apple-Ladengesch\u00e4ften vorr\u00e4tig sein, hier m\u00f6glicherweise jedoch zun\u00e4chst in begrenzten St\u00fcckzahlen. Die in M\u00fcnchen, Frankfurt, Oberhausen und Hamburg beheimateten Apple Stores bereiten sich bereits auf den zu erwartenden starken Andrang vor, so finden beispielsweise am Freitag keinerlei Workshops statt, ebenso ist es nicht m\u00f6glich, einen Support-Termin f\u00fcr die Genius-Bar zu vereinbaren.<\/p>\n<p>Interessenten empfehlen wir auf jeden Fall, fr\u00fch vor Ort zu sein. Infos zu den \u00d6ffnungszeiten der einzelnen Filialen findet ihr <a href=\"http:\/\/www.apple.com\/de\/retail\/\">hier<\/a>.<br \/>\nInwieweit auch andere Apple-Vertriebspartner das iPad ab Freitag liefern k\u00f6nnen, ist momentan noch nicht bekannt.<\/p>\n<p>Ebenfalls ab Freitag wird sich das neue iPad dann auch online bei Apple bestellen lassen. Sobald eine entsprechende Option im deutschen Apple Store verf\u00fcgbar ist, werden wir euch benachrichtigen. Auch hier empfehlen wir, die Kaufentscheidung im Vorfeld zu t\u00e4tigen und eure Bestellung dann schnellstm\u00f6glich abzusetzen. Ladet euch am besten unsere <a rel=\"noindex, nofollow\" href=\"http:\/\/www.ifun.de\/app\/369902977\">kostenlose Push-App<\/a> damit ihr die Nachricht sofort erhaltet.<\/p>\n","protected":false},"excerpt":{"rendered":"<a href=\"https:\/\/www.ifun.de\/ipad-verkaufsstart-am-freitag-die-deutschen-apple-stores-bereiten-sich-vor-10735\/\"><img width=\"150\" height=\"125\" src=\"https:\/\/images.ifun.de\/wp-content\/uploads\/2011\/03\/verkaufsstart-150x125.png\" class=\"alignright tfe wp-post-image\" alt=\"\" decoding=\"async\" loading=\"lazy\" \/><\/a><p>Die Vorbereitungen in den deutschen Apple Stores laufen.<\/p>\n","protected":false},"author":2,"featured_media":10769,"comment_status":"open","ping_status":"closed","sticky":false,"template":"","format":"standard","meta":{"footnotes":""},"categories":[7,10],"tags":[49,4740,253],"class_list":["post-10735","post","type-post","status-publish","format-standard","has-post-thumbnail","hentry","category-featured","category-ipad","tag-apple-store","tag-ipad","tag-ipad-2"],"aioseo_notices":[],"aioseo_head":"\n\t\t<!-- All in One SEO Pro 5.0.1.1 - aioseo.com -->\n\t<meta name=\"description\" content=\"Die Vorbereitungen in den deutschen Apple Stores laufen.\" \/>\n\t<meta name=\"robots\" content=\"max-image-preview:large\" \/>\n\t<meta name=\"author\" content=\"Chris\"\/>\n\t<meta name=\"google-site-verification\" content=\"uH_IhWlZO-QDb51DGwVoGT_GCZmfJp98klL3XmbE3ow\" \/>\n\t<link rel=\"canonical\" href=\"https:\/\/www.ifun.de\/ipad-verkaufsstart-am-freitag-die-deutschen-apple-stores-bereiten-sich-vor-10735\/\" \/>\n\t<meta name=\"generator\" content=\"All in One SEO Pro (AIOSEO) 5.0.1.1\" \/>\n\t\t<meta property=\"og:locale\" content=\"de_DE\" \/>\n\t\t<meta property=\"og:site_name\" content=\"ifun.de | Apple-News seit 2001\" \/>\n\t\t<meta property=\"og:type\" content=\"article\" \/>\n\t\t<meta property=\"og:title\" content=\"iPad-Verkaufsstart am Freitag: Die Vorbereitungen in den deutschen Apple Stores laufen | ifun.de\" \/>\n\t\t<meta property=\"og:description\" content=\"Die Vorbereitungen in den deutschen Apple Stores laufen.\" \/>\n\t\t<meta property=\"og:url\" content=\"https:\/\/www.ifun.de\/ipad-verkaufsstart-am-freitag-die-deutschen-apple-stores-bereiten-sich-vor-10735\/\" \/>\n\t\t<meta property=\"og:image\" content=\"https:\/\/images.ifun.de\/wp-content\/uploads\/2011\/03\/verkaufsstart.png\" \/>\n\t\t<meta property=\"og:image:secure_url\" content=\"https:\/\/images.ifun.de\/wp-content\/uploads\/2011\/03\/verkaufsstart.png\" \/>\n\t\t<meta property=\"og:image:width\" content=\"194\" \/>\n\t\t<meta property=\"og:image:height\" content=\"125\" \/>\n\t\t<meta property=\"article:published_time\" content=\"2011-03-21T15:59:10+00:00\" \/>\n\t\t<meta property=\"article:modified_time\" content=\"2011-03-22T06:58:11+00:00\" \/>\n\t\t<meta property=\"article:publisher\" content=\"https:\/\/facebook.com\/ifun.de\" \/>\n\t\t<meta name=\"twitter:card\" content=\"summary_large_image\" \/>\n\t\t<meta name=\"twitter:site\" content=\"@ifun_news\" \/>\n\t\t<meta name=\"twitter:title\" content=\"iPad-Verkaufsstart am Freitag: Die Vorbereitungen in den deutschen Apple Stores laufen | ifun.de\" \/>\n\t\t<meta name=\"twitter:description\" content=\"Die Vorbereitungen in den deutschen Apple Stores laufen.\" \/>\n\t\t<meta name=\"twitter:creator\" content=\"@ifun_news\" \/>\n\t\t<meta name=\"twitter:image\" content=\"https:\/\/images.ifun.de\/wp-content\/uploads\/2011\/03\/verkaufsstart.png\" \/>\n\t\t<script type=\"application\/ld+json\" class=\"aioseo-schema\">\n\t\t\t{\"@context\":\"https:\\\/\\\/schema.org\",\"@graph\":[{\"@type\":\"Article\",\"@id\":\"https:\\\/\\\/www.ifun.de\\\/ipad-verkaufsstart-am-freitag-die-deutschen-apple-stores-bereiten-sich-vor-10735\\\/#article\",\"name\":\"iPad-Verkaufsstart am Freitag: Die Vorbereitungen in den deutschen Apple Stores laufen | ifun.de\",\"headline\":\"iPad-Verkaufsstart am Freitag: Die Vorbereitungen in den deutschen Apple Stores laufen\",\"author\":{\"@id\":\"https:\\\/\\\/www.ifun.de\\\/author\\\/chris\\\/#author\"},\"publisher\":{\"@id\":\"https:\\\/\\\/www.ifun.de\\\/#organization\"},\"image\":{\"@type\":\"ImageObject\",\"url\":\"https:\\\/\\\/images.ifun.de\\\/wp-content\\\/uploads\\\/2011\\\/03\\\/verkaufsstart.png\",\"width\":194,\"height\":125},\"datePublished\":\"2011-03-21T16:59:10+01:00\",\"dateModified\":\"2011-03-22T07:58:11+01:00\",\"inLanguage\":\"de-DE\",\"commentCount\":62,\"mainEntityOfPage\":{\"@id\":\"https:\\\/\\\/www.ifun.de\\\/ipad-verkaufsstart-am-freitag-die-deutschen-apple-stores-bereiten-sich-vor-10735\\\/#webpage\"},\"isPartOf\":{\"@id\":\"https:\\\/\\\/www.ifun.de\\\/ipad-verkaufsstart-am-freitag-die-deutschen-apple-stores-bereiten-sich-vor-10735\\\/#webpage\"},\"articleSection\":\"Featured, iPad, Apple Store, iPad, iPad-2\"},{\"@type\":\"BreadcrumbList\",\"@id\":\"https:\\\/\\\/www.ifun.de\\\/ipad-verkaufsstart-am-freitag-die-deutschen-apple-stores-bereiten-sich-vor-10735\\\/#breadcrumblist\",\"itemListElement\":[{\"@type\":\"ListItem\",\"@id\":\"https:\\\/\\\/www.ifun.de#listItem\",\"position\":1,\"name\":\"Home\",\"item\":\"https:\\\/\\\/www.ifun.de\",\"nextItem\":{\"@type\":\"ListItem\",\"@id\":\"https:\\\/\\\/www.ifun.de\\\/category\\\/featured\\\/#listItem\",\"name\":\"Featured\"}},{\"@type\":\"ListItem\",\"@id\":\"https:\\\/\\\/www.ifun.de\\\/category\\\/featured\\\/#listItem\",\"position\":2,\"name\":\"Featured\",\"item\":\"https:\\\/\\\/www.ifun.de\\\/category\\\/featured\\\/\",\"nextItem\":{\"@type\":\"ListItem\",\"@id\":\"https:\\\/\\\/www.ifun.de\\\/ipad-verkaufsstart-am-freitag-die-deutschen-apple-stores-bereiten-sich-vor-10735\\\/#listItem\",\"name\":\"iPad-Verkaufsstart am Freitag: Die Vorbereitungen in den deutschen Apple Stores laufen\"},\"previousItem\":{\"@type\":\"ListItem\",\"@id\":\"https:\\\/\\\/www.ifun.de#listItem\",\"name\":\"Home\"}},{\"@type\":\"ListItem\",\"@id\":\"https:\\\/\\\/www.ifun.de\\\/ipad-verkaufsstart-am-freitag-die-deutschen-apple-stores-bereiten-sich-vor-10735\\\/#listItem\",\"position\":3,\"name\":\"iPad-Verkaufsstart am Freitag: Die Vorbereitungen in den deutschen Apple Stores laufen\",\"previousItem\":{\"@type\":\"ListItem\",\"@id\":\"https:\\\/\\\/www.ifun.de\\\/category\\\/featured\\\/#listItem\",\"name\":\"Featured\"}}]},{\"@type\":\"Organization\",\"@id\":\"https:\\\/\\\/www.ifun.de\\\/#organization\",\"name\":\"ifun.de\",\"description\":\"Apple-News seit 2001\",\"url\":\"https:\\\/\\\/www.ifun.de\\\/\",\"telephone\":\"+493057707123\",\"logo\":{\"@type\":\"ImageObject\",\"url\":\"https:\\\/\\\/images.ifun.de\\\/wp-content\\\/uploads\\\/2026\\\/02\\\/apple-touch-icon.png\",\"@id\":\"https:\\\/\\\/www.ifun.de\\\/ipad-verkaufsstart-am-freitag-die-deutschen-apple-stores-bereiten-sich-vor-10735\\\/#organizationLogo\",\"width\":512,\"height\":512,\"caption\":\"Apple Touch Icon\"},\"image\":{\"@id\":\"https:\\\/\\\/www.ifun.de\\\/ipad-verkaufsstart-am-freitag-die-deutschen-apple-stores-bereiten-sich-vor-10735\\\/#organizationLogo\"},\"sameAs\":[\"https:\\\/\\\/facebook.com\\\/ifun.de\",\"https:\\\/\\\/x.com\\\/ifun_news\"]},{\"@type\":\"Person\",\"@id\":\"https:\\\/\\\/www.ifun.de\\\/author\\\/chris\\\/#author\",\"url\":\"https:\\\/\\\/www.ifun.de\\\/author\\\/chris\\\/\",\"name\":\"Chris\"},{\"@type\":\"WebPage\",\"@id\":\"https:\\\/\\\/www.ifun.de\\\/ipad-verkaufsstart-am-freitag-die-deutschen-apple-stores-bereiten-sich-vor-10735\\\/#webpage\",\"url\":\"https:\\\/\\\/www.ifun.de\\\/ipad-verkaufsstart-am-freitag-die-deutschen-apple-stores-bereiten-sich-vor-10735\\\/\",\"name\":\"iPad-Verkaufsstart am Freitag: Die Vorbereitungen in den deutschen Apple Stores laufen | ifun.de\",\"description\":\"Die Vorbereitungen in den deutschen Apple Stores laufen.\",\"inLanguage\":\"de-DE\",\"isPartOf\":{\"@id\":\"https:\\\/\\\/www.ifun.de\\\/#website\"},\"breadcrumb\":{\"@id\":\"https:\\\/\\\/www.ifun.de\\\/ipad-verkaufsstart-am-freitag-die-deutschen-apple-stores-bereiten-sich-vor-10735\\\/#breadcrumblist\"},\"author\":{\"@id\":\"https:\\\/\\\/www.ifun.de\\\/author\\\/chris\\\/#author\"},\"creator\":{\"@id\":\"https:\\\/\\\/www.ifun.de\\\/author\\\/chris\\\/#author\"},\"image\":{\"@type\":\"ImageObject\",\"url\":\"https:\\\/\\\/images.ifun.de\\\/wp-content\\\/uploads\\\/2011\\\/03\\\/verkaufsstart.png\",\"@id\":\"https:\\\/\\\/www.ifun.de\\\/ipad-verkaufsstart-am-freitag-die-deutschen-apple-stores-bereiten-sich-vor-10735\\\/#mainImage\",\"width\":194,\"height\":125},\"primaryImageOfPage\":{\"@id\":\"https:\\\/\\\/www.ifun.de\\\/ipad-verkaufsstart-am-freitag-die-deutschen-apple-stores-bereiten-sich-vor-10735\\\/#mainImage\"},\"datePublished\":\"2011-03-21T16:59:10+01:00\",\"dateModified\":\"2011-03-22T07:58:11+01:00\"},{\"@type\":\"WebSite\",\"@id\":\"https:\\\/\\\/www.ifun.de\\\/#website\",\"url\":\"https:\\\/\\\/www.ifun.de\\\/\",\"name\":\"ifun.de\",\"description\":\"Apple-News seit 2001\",\"inLanguage\":\"de-DE\",\"publisher\":{\"@id\":\"https:\\\/\\\/www.ifun.de\\\/#organization\"}}]}\n\t\t<\/script>\n\t\t<!-- All in One SEO Pro -->\r\n\t\t<title>iPad-Verkaufsstart am Freitag: Die Vorbereitungen in den deutschen Apple Stores laufen | ifun.de<\/title>\n\n","aioseo_head_json":{"title":"iPad-Verkaufsstart am Freitag: Die Vorbereitungen in den deutschen Apple Stores laufen | ifun.de","description":"Die Vorbereitungen in den deutschen Apple Stores laufen.","canonical_url":"https:\/\/www.ifun.de\/ipad-verkaufsstart-am-freitag-die-deutschen-apple-stores-bereiten-sich-vor-10735\/","robots":"max-image-preview:large","keywords":"","webmasterTools":{"google-site-verification":"uH_IhWlZO-QDb51DGwVoGT_GCZmfJp98klL3XmbE3ow","miscellaneous":""},"schema":{"@context":"https:\/\/schema.org","@graph":[{"@type":"Article","@id":"https:\/\/www.ifun.de\/ipad-verkaufsstart-am-freitag-die-deutschen-apple-stores-bereiten-sich-vor-10735\/#article","name":"iPad-Verkaufsstart am Freitag: Die Vorbereitungen in den deutschen Apple Stores laufen | ifun.de","headline":"iPad-Verkaufsstart am Freitag: Die Vorbereitungen in den deutschen Apple Stores laufen","author":{"@id":"https:\/\/www.ifun.de\/author\/chris\/#author"},"publisher":{"@id":"https:\/\/www.ifun.de\/#organization"},"image":{"@type":"ImageObject","url":"https:\/\/images.ifun.de\/wp-content\/uploads\/2011\/03\/verkaufsstart.png","width":194,"height":125},"datePublished":"2011-03-21T16:59:10+01:00","dateModified":"2011-03-22T07:58:11+01:00","inLanguage":"de-DE","commentCount":62,"mainEntityOfPage":{"@id":"https:\/\/www.ifun.de\/ipad-verkaufsstart-am-freitag-die-deutschen-apple-stores-bereiten-sich-vor-10735\/#webpage"},"isPartOf":{"@id":"https:\/\/www.ifun.de\/ipad-verkaufsstart-am-freitag-die-deutschen-apple-stores-bereiten-sich-vor-10735\/#webpage"},"articleSection":"Featured, iPad, Apple Store, iPad, iPad-2"},{"@type":"BreadcrumbList","@id":"https:\/\/www.ifun.de\/ipad-verkaufsstart-am-freitag-die-deutschen-apple-stores-bereiten-sich-vor-10735\/#breadcrumblist","itemListElement":[{"@type":"ListItem","@id":"https:\/\/www.ifun.de#listItem","position":1,"name":"Home","item":"https:\/\/www.ifun.de","nextItem":{"@type":"ListItem","@id":"https:\/\/www.ifun.de\/category\/featured\/#listItem","name":"Featured"}},{"@type":"ListItem","@id":"https:\/\/www.ifun.de\/category\/featured\/#listItem","position":2,"name":"Featured","item":"https:\/\/www.ifun.de\/category\/featured\/","nextItem":{"@type":"ListItem","@id":"https:\/\/www.ifun.de\/ipad-verkaufsstart-am-freitag-die-deutschen-apple-stores-bereiten-sich-vor-10735\/#listItem","name":"iPad-Verkaufsstart am Freitag: Die Vorbereitungen in den deutschen Apple Stores laufen"},"previousItem":{"@type":"ListItem","@id":"https:\/\/www.ifun.de#listItem","name":"Home"}},{"@type":"ListItem","@id":"https:\/\/www.ifun.de\/ipad-verkaufsstart-am-freitag-die-deutschen-apple-stores-bereiten-sich-vor-10735\/#listItem","position":3,"name":"iPad-Verkaufsstart am Freitag: Die Vorbereitungen in den deutschen Apple Stores laufen","previousItem":{"@type":"ListItem","@id":"https:\/\/www.ifun.de\/category\/featured\/#listItem","name":"Featured"}}]},{"@type":"Organization","@id":"https:\/\/www.ifun.de\/#organization","name":"ifun.de","description":"Apple-News seit 2001","url":"https:\/\/www.ifun.de\/","telephone":"+493057707123","logo":{"@type":"ImageObject","url":"https:\/\/images.ifun.de\/wp-content\/uploads\/2026\/02\/apple-touch-icon.png","@id":"https:\/\/www.ifun.de\/ipad-verkaufsstart-am-freitag-die-deutschen-apple-stores-bereiten-sich-vor-10735\/#organizationLogo","width":512,"height":512,"caption":"Apple Touch Icon"},"image":{"@id":"https:\/\/www.ifun.de\/ipad-verkaufsstart-am-freitag-die-deutschen-apple-stores-bereiten-sich-vor-10735\/#organizationLogo"},"sameAs":["https:\/\/facebook.com\/ifun.de","https:\/\/x.com\/ifun_news"]},{"@type":"Person","@id":"https:\/\/www.ifun.de\/author\/chris\/#author","url":"https:\/\/www.ifun.de\/author\/chris\/","name":"Chris"},{"@type":"WebPage","@id":"https:\/\/www.ifun.de\/ipad-verkaufsstart-am-freitag-die-deutschen-apple-stores-bereiten-sich-vor-10735\/#webpage","url":"https:\/\/www.ifun.de\/ipad-verkaufsstart-am-freitag-die-deutschen-apple-stores-bereiten-sich-vor-10735\/","name":"iPad-Verkaufsstart am Freitag: Die Vorbereitungen in den deutschen Apple Stores laufen | ifun.de","description":"Die Vorbereitungen in den deutschen Apple Stores laufen.","inLanguage":"de-DE","isPartOf":{"@id":"https:\/\/www.ifun.de\/#website"},"breadcrumb":{"@id":"https:\/\/www.ifun.de\/ipad-verkaufsstart-am-freitag-die-deutschen-apple-stores-bereiten-sich-vor-10735\/#breadcrumblist"},"author":{"@id":"https:\/\/www.ifun.de\/author\/chris\/#author"},"creator":{"@id":"https:\/\/www.ifun.de\/author\/chris\/#author"},"image":{"@type":"ImageObject","url":"https:\/\/images.ifun.de\/wp-content\/uploads\/2011\/03\/verkaufsstart.png","@id":"https:\/\/www.ifun.de\/ipad-verkaufsstart-am-freitag-die-deutschen-apple-stores-bereiten-sich-vor-10735\/#mainImage","width":194,"height":125},"primaryImageOfPage":{"@id":"https:\/\/www.ifun.de\/ipad-verkaufsstart-am-freitag-die-deutschen-apple-stores-bereiten-sich-vor-10735\/#mainImage"},"datePublished":"2011-03-21T16:59:10+01:00","dateModified":"2011-03-22T07:58:11+01:00"},{"@type":"WebSite","@id":"https:\/\/www.ifun.de\/#website","url":"https:\/\/www.ifun.de\/","name":"ifun.de","description":"Apple-News seit 2001","inLanguage":"de-DE","publisher":{"@id":"https:\/\/www.ifun.de\/#organization"}}]},"og:locale":"de_DE","og:site_name":"ifun.de | Apple-News seit 2001","og:type":"article","og:title":"iPad-Verkaufsstart am Freitag: Die Vorbereitungen in den deutschen Apple Stores laufen | ifun.de","og:description":"Die Vorbereitungen in den deutschen Apple Stores laufen.","og:url":"https:\/\/www.ifun.de\/ipad-verkaufsstart-am-freitag-die-deutschen-apple-stores-bereiten-sich-vor-10735\/","og:image":"https:\/\/images.ifun.de\/wp-content\/uploads\/2011\/03\/verkaufsstart.png","og:image:secure_url":"https:\/\/images.ifun.de\/wp-content\/uploads\/2011\/03\/verkaufsstart.png","og:image:width":194,"og:image:height":125,"article:published_time":"2011-03-21T15:59:10+00:00","article:modified_time":"2011-03-22T06:58:11+00:00","article:publisher":"https:\/\/facebook.com\/ifun.de","twitter:card":"summary_large_image","twitter:site":"@ifun_news","twitter:title":"iPad-Verkaufsstart am Freitag: Die Vorbereitungen in den deutschen Apple Stores laufen | ifun.de","twitter:description":"Die Vorbereitungen in den deutschen Apple Stores laufen.","twitter:creator":"@ifun_news","twitter:image":"https:\/\/images.ifun.de\/wp-content\/uploads\/2011\/03\/verkaufsstart.png"},"aioseo_meta_data":{"post_id":"10735","title":null,"description":null,"keywords":null,"keyphrases":null,"primary_term":null,"canonical_url":null,"og_title":null,"og_description":null,"og_object_type":"default","og_image_type":"default","og_image_url":null,"og_image_width":null,"og_image_height":null,"og_image_custom_url":null,"og_image_custom_fields":null,"og_video":null,"og_custom_url":null,"og_article_section":null,"og_article_tags":null,"twitter_use_og":false,"twitter_card":"default","twitter_image_type":"default","twitter_image_url":null,"twitter_image_custom_url":null,"twitter_image_custom_fields":null,"twitter_title":null,"twitter_description":null,"schema":{"blockGraphs":[],"customGraphs":[],"default":{"data":{"Article":[],"Course":[],"Dataset":[],"FAQPage":[],"Movie":[],"Person":[],"Product":[],"ProductReview":[],"Car":[],"Recipe":[],"Service":[],"SoftwareApplication":[],"WebPage":[]},"graphName":"Article","isEnabled":true},"graphs":[]},"schema_type":"default","schema_type_options":null,"pillar_content":false,"robots_default":true,"robots_noindex":false,"robots_noarchive":false,"robots_nosnippet":false,"robots_nofollow":false,"robots_noimageindex":false,"robots_noodp":false,"robots_notranslate":false,"robots_max_snippet":null,"robots_max_videopreview":null,"robots_max_imagepreview":"large","priority":null,"frequency":null,"local_seo":null,"seo_analyzer_scan_date":null,"breadcrumb_settings":null,"limit_modified_date":false,"reviewed_by":null,"open_ai":null,"ai":null,"created":"2026-02-25 02:05:30","updated":"2026-03-26 10:51:56","focus_keyword":null,"additional_keywords":null,"truseo_locale":null},"aioseo_breadcrumb":"<div class=\"aioseo-breadcrumbs\"><span class=\"aioseo-breadcrumb\">\n\t<a href=\"https:\/\/www.ifun.de\" title=\"Home\">Home<\/a>\n<\/span><span class=\"aioseo-breadcrumb-separator\">\u00bb<\/span><span class=\"aioseo-breadcrumb\">\n\t<a href=\"https:\/\/www.ifun.de\/category\/featured\/\" title=\"Featured\">Featured<\/a>\n<\/span><span class=\"aioseo-breadcrumb-separator\">\u00bb<\/span><span class=\"aioseo-breadcrumb\">\n\tiPad-Verkaufsstart am Freitag: Die Vorbereitungen in den deutschen Apple Stores laufen\n<\/span><\/div>","aioseo_breadcrumb_json":[{"label":"Home","link":"https:\/\/www.ifun.de"},{"label":"Featured","link":"https:\/\/www.ifun.de\/category\/featured\/"},{"label":"iPad-Verkaufsstart am Freitag: Die Vorbereitungen in den deutschen Apple Stores laufen","link":"https:\/\/www.ifun.de\/ipad-verkaufsstart-am-freitag-die-deutschen-apple-stores-bereiten-sich-vor-10735\/"}],"featured_image":["http:\/\/images.ifun.de\/wp-content\/uploads\/2011\/03\/verkaufsstart.png"],"rest_api_enabler":{"featured_image":"http:\/\/images.ifun.de\/wp-content\/uploads\/2011\/03\/verkaufsstart.png"},"_links":{"self":[{"href":"https:\/\/www.ifun.de\/apiv2\/wp\/v2\/posts\/10735","targetHints":{"allow":["GET"]}}],"collection":[{"href":"https:\/\/www.ifun.de\/apiv2\/wp\/v2\/posts"}],"about":[{"href":"https:\/\/www.ifun.de\/apiv2\/wp\/v2\/types\/post"}],"author":[{"embeddable":true,"href":"https:\/\/www.ifun.de\/apiv2\/wp\/v2\/users\/2"}],"replies":[{"embeddable":true,"href":"https:\/\/www.ifun.de\/apiv2\/wp\/v2\/comments?post=10735"}],"version-history":[{"count":13,"href":"https:\/\/www.ifun.de\/apiv2\/wp\/v2\/posts\/10735\/revisions"}],"predecessor-version":[{"id":10770,"href":"https:\/\/www.ifun.de\/apiv2\/wp\/v2\/posts\/10735\/revisions\/10770"}],"wp:featuredmedia":[{"embeddable":true,"href":"https:\/\/www.ifun.de\/apiv2\/wp\/v2\/media\/10769"}],"wp:attachment":[{"href":"https:\/\/www.ifun.de\/apiv2\/wp\/v2\/media?parent=10735"}],"wp:term":[{"taxonomy":"category","embeddable":true,"href":"https:\/\/www.ifun.de\/apiv2\/wp\/v2\/categories?post=10735"},{"taxonomy":"post_tag","embeddable":true,"href":"https:\/\/www.ifun.de\/apiv2\/wp\/v2\/tags?post=10735"}],"curies":[{"name":"wp","href":"https:\/\/api.w.org\/{rel}","templated":true}]}}