{"id":106959,"date":"2017-05-03T07:47:35","date_gmt":"2017-05-03T05:47:35","guid":{"rendered":"https:\/\/www.ifun.de\/?p=106959"},"modified":"2017-05-03T08:50:54","modified_gmt":"2017-05-03T06:50:54","slug":"macbook-pro-im-video-luefter-reagieren-auf-magneten","status":"publish","type":"post","link":"https:\/\/www.ifun.de\/macbook-pro-im-video-luefter-reagieren-auf-magneten-106959\/","title":{"rendered":"MacBook Pro im Video: L\u00fcfter reagieren auf Magneten"},"content":{"rendered":"<p>Der t\u00fcrkische Youtuber Baran \u00d6ncel macht auf eine Eigenart der aktuellen MacBook Pro-Familie aufmerksam, die ihr beim mobilen Einsatz eurer Maschinen im Hinterkopf behalten k\u00f6nnt. <\/p>\n<p><a href=\"https:\/\/images.ifun.de\/wp-content\/uploads\/2017\/05\/luefter.jpg\"><img decoding=\"async\" src=\"https:\/\/images.ifun.de\/wp-content\/uploads\/2017\/05\/luefter.jpg\" alt=\"Luefter\" width=\"500\" class=\"aligncenter size-full wp-image-106960\" srcset=\"https:\/\/images.ifun.de\/wp-content\/uploads\/2017\/05\/luefter.jpg 1000w, https:\/\/images.ifun.de\/wp-content\/uploads\/2017\/05\/luefter-300x172.jpg 300w, https:\/\/images.ifun.de\/wp-content\/uploads\/2017\/05\/luefter-768x440.jpg 768w\" sizes=\"(max-width: 1000px) 100vw, 1000px\" \/><\/a><\/p>\n<p>Werden die neuen Rechner auf magnetischen Oberfl\u00e4chen abgestellt, machen die L\u00fcfter der Touch Bar-Modelle mit h\u00f6rbar unrunden Brumm-Ger\u00e4uschen auf sich aufmerksam. Kein Beinbruch, aber ein guter Grund, das MacBook Pro nicht auf einem Lautsprecher oder, wie im Video, auf einer magnetischen iPad-H\u00fclle zu positionieren. <\/p>\n<p>Die gute Nachricht: Verglichen mit dem Anfang der 2000er Jahre, in denen externe Magneten noch f\u00fcr einen Datenverlust auf den eigenen Rechnern sorgen konnten, gibt sich das aktuelle MacBook weitgehend unbeeindruckt von magnetischen Feldern. Festplatte, Monitor und Speaker sind nahezu immun, ein Datenverlust muss nicht bef\u00fcrchtet werden. <\/p>\n<p><div class=\"responsive-video\"><iframe loading=\"lazy\" width=\"700\" height=\"371\" src=\"https:\/\/www.youtube-nocookie.com\/embed\/y2s57O4dRzU\" frameborder=\"0\" allowfullscreen><\/iframe><\/div><\/p>\n<h2>MacBook Pro ohnehin ger\u00e4uschanf\u00e4llig<\/h2>\n<p>Die schlechte Nachricht: Auch ohne Magneten ist das Ende 2016 vorgestellte MacBook Pro ein Produzent merkw\u00fcrdiger Ger\u00e4usche.<br \/>\nZahlreiche Nutzerberichte zum Thema konnte ifun.de Mitte April unter der \u00dcberschrift &#8222;Ein gro\u00dfes Knarzen und Knacken: Das neue MacBook Pro macht Ger\u00e4usche&#8220; <a href=\"https:\/\/www.ifun.de\/ein-grosses-knarzen-und-knacken-das-neue-macbook-pro-macht-geraeusche-106330\/\">zusammenfassen<\/a>. <\/p>\n<p>Neben einem knackenden Monitor-Scharnier beklagten Anwender ein mit dem  Klick-Ger\u00e4usch des integrierten Trackpads vergleichbares &#8222;Plop&#8220;-Ger\u00e4usch beim Neustart des Rechners sowie \u00fcbersteuerte L\u00fcfter und metallische Kl\u00e4nge. Kritikpunkte die wir mit zahlreichen Beispiel-Videos <a href=\"https:\/\/www.ifun.de\/ein-grosses-knarzen-und-knacken-das-neue-macbook-pro-macht-geraeusche-106330\/\">hier versammelt<\/a> haben. <\/p>\n","protected":false},"excerpt":{"rendered":"<a href=\"https:\/\/www.ifun.de\/macbook-pro-im-video-luefter-reagieren-auf-magneten-106959\/\"><img width=\"150\" height=\"150\" src=\"https:\/\/images.ifun.de\/wp-content\/uploads\/2017\/05\/macbook-pro-luefter-150x150.jpg\" class=\"alignright tfe wp-post-image\" alt=\"Macbook Pro Luefter\" decoding=\"async\" loading=\"lazy\" \/><\/a><p>Der t\u00fcrkische Youtuber Baran \u00d6ncel macht auf eine Eigenart der aktuellen MacBook Pro-Familie aufmerksam, die ihr beim mobilen Einsatz eurer Maschinen im Hinterkopf behalten k\u00f6nnt. Werden die neuen Rechner auf magnetischen Oberfl\u00e4chen abgestellt, machen die L\u00fcfter der Touch Bar-Modelle mit h\u00f6rbar unrunden Brumm-Ger\u00e4uschen auf sich aufmerksam. Kein Beinbruch, aber ein guter Grund, das MacBook Pro [&hellip;]<\/p>\n","protected":false},"author":1,"featured_media":106961,"comment_status":"open","ping_status":"closed","sticky":false,"template":"","format":"standard","meta":{"_acf_changed":false,"footnotes":""},"categories":[20],"tags":[3685,224,604,31],"class_list":["post-106959","post","type-post","status-publish","format-standard","has-post-thumbnail","hentry","category-videos","tag-geraeusch","tag-macbook-pro","tag-magnet","tag-video"],"acf":[],"aioseo_notices":[],"featured_image":["https:\/\/images.ifun.de\/wp-content\/uploads\/2017\/05\/macbook-pro-luefter.jpg"],"subheadline":["Nicht wundern, Untergrund pr\u00fcfen"],"rest_api_enabler":{"featured_image":"https:\/\/images.ifun.de\/wp-content\/uploads\/2017\/05\/macbook-pro-luefter.jpg","subheadline":"Nicht wundern, Untergrund pr\u00fcfen"},"_links":{"self":[{"href":"https:\/\/www.ifun.de\/apiv2\/wp\/v2\/posts\/106959","targetHints":{"allow":["GET"]}}],"collection":[{"href":"https:\/\/www.ifun.de\/apiv2\/wp\/v2\/posts"}],"about":[{"href":"https:\/\/www.ifun.de\/apiv2\/wp\/v2\/types\/post"}],"author":[{"embeddable":true,"href":"https:\/\/www.ifun.de\/apiv2\/wp\/v2\/users\/1"}],"replies":[{"embeddable":true,"href":"https:\/\/www.ifun.de\/apiv2\/wp\/v2\/comments?post=106959"}],"version-history":[{"count":4,"href":"https:\/\/www.ifun.de\/apiv2\/wp\/v2\/posts\/106959\/revisions"}],"predecessor-version":[{"id":106965,"href":"https:\/\/www.ifun.de\/apiv2\/wp\/v2\/posts\/106959\/revisions\/106965"}],"wp:featuredmedia":[{"embeddable":true,"href":"https:\/\/www.ifun.de\/apiv2\/wp\/v2\/media\/106961"}],"wp:attachment":[{"href":"https:\/\/www.ifun.de\/apiv2\/wp\/v2\/media?parent=106959"}],"wp:term":[{"taxonomy":"category","embeddable":true,"href":"https:\/\/www.ifun.de\/apiv2\/wp\/v2\/categories?post=106959"},{"taxonomy":"post_tag","embeddable":true,"href":"https:\/\/www.ifun.de\/apiv2\/wp\/v2\/tags?post=106959"}],"curies":[{"name":"wp","href":"https:\/\/api.w.org\/{rel}","templated":true}]}}