{"id":106895,"date":"2017-05-01T13:27:36","date_gmt":"2017-05-01T11:27:36","guid":{"rendered":"https:\/\/www.ifun.de\/?p=106895"},"modified":"2017-05-01T13:27:36","modified_gmt":"2017-05-01T11:27:36","slug":"apple-park-aktuelle-luftaufnahmen-aus-cupertino-2","status":"publish","type":"post","link":"https:\/\/www.ifun.de\/apple-park-aktuelle-luftaufnahmen-aus-cupertino-2-106895\/","title":{"rendered":"Apple Park: Aktuelle Luftaufnahmen aus Cupertino"},"content":{"rendered":"<p>Wie zum Monatswechsel mittlerweile \u00fcblich, liefert Matthew Roberts aktuelle Luftaufnahmen vom Bauzustand der neuen Apple-Firmenzentrale in Cupertino.<\/p>\n<p>Das mit einer DJi-Drohne aufgenommene 3-Minuten-Video macht deutlich, dass die Arbeiten rund um die Geb\u00e4ude l\u00e4ngst noch nicht abgeschlossen sind. Auch bleibt die Frage offen, in wieweit im vergangenen Monat tats\u00e4chlich der Einzug der ersten Mitarbeiter realisiert wurde. Apple hat zu Jahresbeginn <a href=\"https:\/\/www.ifun.de\/apple-park-apples-neue-firmenzentrale-wird-ab-april-bezogen-104272\/\" title=\"Apple Park: Apples neue Firmenzentrale wird ab April bezogen\">angek\u00fcndigt<\/a>, dass mit dem Einzug in die neue Firmenzentrale im April begonnen wird, dies allerdings bereits mit der Einschr\u00e4nkung, dass es mehrere Monate dauern werde, bis alle mehr als 12.000 in dem neuen Geb\u00e4ude besch\u00e4ftigten Mitarbeiter dann tats\u00e4chlich an ihren Schreibtischen sitzen.<\/p>\n<p>Eindrucksvoll sind die Luftaufnehmen aus Cupertino dann doch immer wieder. Allein die Zahl der auf den D\u00e4chern der Geb\u00e4ude verbauten Solarzellen ist enorm. Sichtbare Fortschritte machen nun auch die Landschaftsg\u00e4rtner bei der Begr\u00fcnung der Parkfl\u00e4chen. Die gro\u00dfe Anzahl der f\u00fcr das Apple-Grundst\u00fcck ben\u00f6tigten B\u00e4ume hat dem Vernehmen nach daf\u00fcr gesorgt, dass die Baumschulen im Silicon Valley kaum noch liefern k\u00f6nnen.<\/p>\n<p><div class=\"responsive-video\"><iframe loading=\"lazy\" width=\"700\" height=\"394\" src=\"https:\/\/www.youtube-nocookie.com\/embed\/mFhcnzSmH-E?rel=0&amp;showinfo=0?ecver=1\" frameborder=\"0\" allowfullscreen><\/iframe><\/div><\/p>\n","protected":false},"excerpt":{"rendered":"<a href=\"https:\/\/www.ifun.de\/apple-park-aktuelle-luftaufnahmen-aus-cupertino-2-106895\/\"><img width=\"150\" height=\"150\" src=\"https:\/\/images.ifun.de\/wp-content\/uploads\/2017\/05\/apple-park-150x150.jpg\" class=\"alignright tfe wp-post-image\" alt=\"Apple Park\" decoding=\"async\" loading=\"lazy\" \/><\/a><p>Wie zum Monatswechsel mittlerweile \u00fcblich, liefert Matthew Roberts aktuelle Luftaufnahmen vom Bauzustand der neuen Apple-Firmenzentrale in Cupertino. Das mit einer DJi-Drohne aufgenommene 3-Minuten-Video macht deutlich, dass die Arbeiten rund um die Geb\u00e4ude l\u00e4ngst noch nicht abgeschlossen sind. Auch bleibt die Frage offen, in wieweit im vergangenen Monat tats\u00e4chlich der Einzug der ersten Mitarbeiter realisiert wurde. [&hellip;]<\/p>\n","protected":false},"author":2,"featured_media":106897,"comment_status":"open","ping_status":"closed","sticky":false,"template":"","format":"standard","meta":{"_acf_changed":false,"footnotes":""},"categories":[20],"tags":[3620,31],"class_list":["post-106895","post","type-post","status-publish","format-standard","has-post-thumbnail","hentry","category-videos","tag-apple-park","tag-video"],"acf":[],"aioseo_notices":[],"subheadline":["Baufortschritt aus der Luft"],"featured_image":["https:\/\/images.ifun.de\/wp-content\/uploads\/2017\/05\/apple-park.jpg"],"rest_api_enabler":{"subheadline":"Baufortschritt aus der Luft","featured_image":"https:\/\/images.ifun.de\/wp-content\/uploads\/2017\/05\/apple-park.jpg"},"_links":{"self":[{"href":"https:\/\/www.ifun.de\/apiv2\/wp\/v2\/posts\/106895","targetHints":{"allow":["GET"]}}],"collection":[{"href":"https:\/\/www.ifun.de\/apiv2\/wp\/v2\/posts"}],"about":[{"href":"https:\/\/www.ifun.de\/apiv2\/wp\/v2\/types\/post"}],"author":[{"embeddable":true,"href":"https:\/\/www.ifun.de\/apiv2\/wp\/v2\/users\/2"}],"replies":[{"embeddable":true,"href":"https:\/\/www.ifun.de\/apiv2\/wp\/v2\/comments?post=106895"}],"version-history":[{"count":1,"href":"https:\/\/www.ifun.de\/apiv2\/wp\/v2\/posts\/106895\/revisions"}],"predecessor-version":[{"id":106896,"href":"https:\/\/www.ifun.de\/apiv2\/wp\/v2\/posts\/106895\/revisions\/106896"}],"wp:featuredmedia":[{"embeddable":true,"href":"https:\/\/www.ifun.de\/apiv2\/wp\/v2\/media\/106897"}],"wp:attachment":[{"href":"https:\/\/www.ifun.de\/apiv2\/wp\/v2\/media?parent=106895"}],"wp:term":[{"taxonomy":"category","embeddable":true,"href":"https:\/\/www.ifun.de\/apiv2\/wp\/v2\/categories?post=106895"},{"taxonomy":"post_tag","embeddable":true,"href":"https:\/\/www.ifun.de\/apiv2\/wp\/v2\/tags?post=106895"}],"curies":[{"name":"wp","href":"https:\/\/api.w.org\/{rel}","templated":true}]}}