{"id":106072,"date":"2017-04-06T16:25:40","date_gmt":"2017-04-06T14:25:40","guid":{"rendered":"https:\/\/www.ifun.de\/?p=106072"},"modified":"2017-04-07T10:56:35","modified_gmt":"2017-04-07T08:56:35","slug":"cant-innovate-anymore-my-ass","status":"publish","type":"post","link":"https:\/\/www.ifun.de\/cant-innovate-anymore-my-ass-106072\/","title":{"rendered":"Can&#8217;t innovate anymore, my ass!"},"content":{"rendered":"<p>\u00abCan&#8217;t innovate anymore, my ass!\u00bb &#8211; Das Zitat des Apple-Managers Phil Schiller dreht seit der PR-Offensive Apples am vergangenen Dienstag seine Runden durchs Netz.<\/p>\n<p>Wir wollen uns zwei Minuten Zeit nehmen, den r\u00fcckblickend vielleicht etwas zu selbstsicheren Ausruf einzuordnen und eine Anekdote einstreuen, die auch all jene Leser, die Apples B\u00fchnenpr\u00e4sentation im Sommer 2013 nicht mitverfolgt haben, mit dem entsprechen Kontext versorgt.<\/p>\n<p><a href=\"https:\/\/images.ifun.de\/wp-content\/uploads\/2017\/04\/schiller-mac-pro.jpg\"><img decoding=\"async\" class=\"aligncenter size-full wp-image-106077\" src=\"https:\/\/images.ifun.de\/wp-content\/uploads\/2017\/04\/schiller-mac-pro.jpg\" alt=\"Schiller Mac Pro\" width=\"500\" srcset=\"https:\/\/images.ifun.de\/wp-content\/uploads\/2017\/04\/schiller-mac-pro.jpg 1000w, https:\/\/images.ifun.de\/wp-content\/uploads\/2017\/04\/schiller-mac-pro-300x226.jpg 300w, https:\/\/images.ifun.de\/wp-content\/uploads\/2017\/04\/schiller-mac-pro-768x578.jpg 768w\" sizes=\"(max-width: 1000px) 100vw, 1000px\" \/><\/a><\/p>\n<p>Also, lasst uns kurz zur\u00fcckblicken: Es ist Anfang 2013 und Apple k\u00e4mpft mit einem massiven Image-Problem. Der <a href=\"https:\/\/www.fastcompany.com\/3007802\/tech-forecast\/apple-television-rumors-have-new-ring\">Apple-Fernseher<\/a> (mit Fernbedienung im <a href=\"https:\/\/www.extremetech.com\/computing\/152491-apple-itv-expected-to-launch-this-year-featuring-finger-worn-iring-remote-control\">Fingerring<\/a>) will und will nicht erscheinen, Apples Tim Cook muss w\u00e4hrend seiner Keynote auf der &#8222;Goldman Sachs Technology and Internet&#8220;-Konferenz <a href=\"http:\/\/www.huffingtonpost.com\/2013\/02\/12\/apple-ceo-tim-cook-expensive-products_n_2670366.html\">erkl\u00e4ren<\/a>, warum Cupertinos Produkte so teuer sind und die Berichterstatter sind sich nach dem iPhone 4, der iPhone 4s und dem iPhone 5 sicher: Apple sind die Ideen ausgegangen.<\/p>\n<h2>Bei Apple ist die Luft raus<\/h2>\n<p>Die misslungene Einf\u00fchrung von Apple Maps, die seit Jahren unver\u00e4nderte Optik des mobilen iOS-Betriebssystems und die \u00fcberf\u00e4lligen Produkt-Neuvorstellung im Pro-Segment provozieren damals nahezu t\u00e4gliche kritische Artikel wie etwa &#8222;<a href=\"http:\/\/innovationexcellence.com\/blog\/2013\/05\/01\/apples-innovation-problem\/\">Apple&#8217;s Innovation Problem<\/a>&#8220; von Greg Satell oder <a href=\"https:\/\/blog.patrickbgibson.com\/2012\/11\/20\/apple-and-twitter\/\">diese<\/a> kopfsch\u00fcttelnde Bestandsaufnahme von Patrick Gibson.<\/p>\n<p>Am Konsens in weitern Teilen der Community gibt es nichts zu r\u00fctteln: Bei Apple ist die Luft raus.<\/p>\n<p>Kritik, die auch in Apples Chefetage ankommt und uns zum 10. Juni 2013 bringt.<\/p>\n<p>Damals, vor genau 1396 Tagen, \u00f6ffnete Apple die T\u00fcren seiner WWDC Entwickler-Konferenz und polterte der \u00fcberraschten Entwickler-Gemeinde nicht nur das komplett neu gestaltete iPhone-Betriebssystem iOS 7 auf den Tisch, sondern l\u00fcftete auch das Geheimnis um den neuen Mac Pro.<\/p>\n<p>Ein gl\u00e4nzender Zylinder in der Gr\u00f6\u00dfe eines Tischm\u00fclleimers sollte zuk\u00fcnftig die K\u00e4sereibe aus Aluminium abl\u00f6sen. Sechs Thunderbold-Ports sollten alle nur denkbaren Peripherie-Erweiterungen aufnehmen und der neue Formfaktor sollte f\u00fcr eine Revolution auf den Schreibtischen der Profi-Kunden sorgen.<\/p>\n<p>Apples Phil Schiller wartete damals zwar noch den Video-Einspieler des neuen Mac Pro ab, konnte das triumphierende Statement in Richtung der anwesenden Presse beim Betreten der B\u00fchne jedoch nicht unterdr\u00fccken: &#8222;Can&#8217;t innovate anymore, my ass!&#8220;<\/p>\n<p><div class=\"responsive-video\"><iframe loading=\"lazy\" src=\"https:\/\/www.youtube-nocookie.com\/embed\/ut_07QnzpnQ\" width=\"700\" height=\"371\" frameborder=\"0\" allowfullscreen=\"allowfullscreen\"><\/iframe><\/div><\/p>\n<p>Bei Apple, so der mehr als deutliche Subtext, sei noch lange nicht die Luft raus. Anstatt sich auf den nach wie vor steigenden Ums\u00e4tzen auszuruhen, h\u00e4tte das Unternehmen die vergangenen Monate damit verbracht die st\u00e4rkste Produktkategorie komplett neu zu erfinden.<\/p>\n<h2>Apples Stolz bei\u00dft Cupertino in die Wade<\/h2>\n<p>Die selbstbewusste Pr\u00e4sentation kam gut an &#8211; kommt nun aber, deutlich weniger selbstbewusst, wieder zur\u00fcck.<\/p>\n<p>Wie der Konzern am Dienstag vor einer Auswahl handgepickter Berichterstatter <a href=\"https:\/\/www.ifun.de\/apple-bestaetigt-neuer-mac-pro-neuer-imac-neue-monitore-105952\/\">eingestehen musste<\/a>, erwies sich die einst wegweisende Hardware-Architektur des Mac Pro als nicht sehr zukunftssicher.<\/p>\n<p>Temperaturprobleme im Inneren des Mac Pro machten die kontinuierliche Aufwertung der verbauten Komponenten nahezu unm\u00f6glich, fehlende Anschl\u00fcsse und die Inkompatibilit\u00e4t zu neuen Monitor-Standards lie\u00dfen den Tischm\u00fclleimer zum schnell alternden Zukunftsversprechen werden, das Apple nicht mehr einl\u00f6sen konnte und drei Jahre unangetastet zum gleichen Preis verkaufte.<\/p>\n<p>Das nun alles anders und mit einem neuen, modularen System auch wieder besser werden wird, hat Apple am Dienstag mehrfach Unterstrichen. 2017 soll es zwar noch nicht so weit sein, sp\u00e4ter aber&#8230;<\/p>\n<p>Dennoch: Apple bleibt die Antwort auf die brennendste aller Fragen schuldig: Warum hat Cupertino dem Niedergang des Mac Pro so lange zugesehen und nicht schon viel fr\u00fcher gehandelt?<\/p>\n<p>Nachdem Apple die Einstellung der hauseigenen Monitor-Sparte erst <a href=\"http:\/\/www.ifun.de\/apple-bestaetigt-keine-eigenen-bildschirme-mehr-99466\/\">Ende Oktober best\u00e4tigte<\/a>, im Rahmen der ungew\u00f6hnlichen Mac Pro-Vorank\u00fcndigung nun jedoch versicherte, die neuen Maschinen wieder mit eigenen Monitoren ausliefern zu wollen, darf angenommen werden, dass die Arbeiten am neuen Mac Pro erst im Laufe des letzten halben Jahres in Angriff genommen wurden.<\/p>\n","protected":false},"excerpt":{"rendered":"<a href=\"https:\/\/www.ifun.de\/cant-innovate-anymore-my-ass-106072\/\"><img width=\"150\" height=\"150\" src=\"https:\/\/images.ifun.de\/wp-content\/uploads\/2017\/04\/innovate-150x150.jpg\" class=\"alignright tfe wp-post-image\" alt=\"Innovate\" decoding=\"async\" loading=\"lazy\" \/><\/a><p>\u00abCan&#8217;t innovate anymore, my ass!\u00bb &#8211; Das Zitat des Apple-Managers Phil Schiller dreht seit der PR-Offensive Apples am vergangenen Dienstag seine Runden durchs Netz. Wir wollen uns zwei Minuten Zeit nehmen, den r\u00fcckblickend vielleicht etwas zu selbstsicheren Ausruf einzuordnen und eine Anekdote einstreuen, die auch all jene Leser, die Apples B\u00fchnenpr\u00e4sentation im Sommer 2013 nicht [&hellip;]<\/p>\n","protected":false},"author":1,"featured_media":106074,"comment_status":"open","ping_status":"closed","sticky":false,"template":"","format":"standard","meta":{"_acf_changed":false,"footnotes":""},"categories":[3,1783],"tags":[4736,1238,31],"class_list":["post-106072","post","type-post","status-publish","format-standard","has-post-thumbnail","hentry","category-apple","category-feature","tag-apple","tag-mac-pro","tag-video"],"acf":[],"aioseo_notices":[],"subheadline":["Stolz und Tischm\u00fclleimer"],"featured_image":["https:\/\/images.ifun.de\/wp-content\/uploads\/2017\/04\/innovate.jpg"],"rest_api_enabler":{"subheadline":"Stolz und Tischm\u00fclleimer","featured_image":"https:\/\/images.ifun.de\/wp-content\/uploads\/2017\/04\/innovate.jpg"},"_links":{"self":[{"href":"https:\/\/www.ifun.de\/apiv2\/wp\/v2\/posts\/106072","targetHints":{"allow":["GET"]}}],"collection":[{"href":"https:\/\/www.ifun.de\/apiv2\/wp\/v2\/posts"}],"about":[{"href":"https:\/\/www.ifun.de\/apiv2\/wp\/v2\/types\/post"}],"author":[{"embeddable":true,"href":"https:\/\/www.ifun.de\/apiv2\/wp\/v2\/users\/1"}],"replies":[{"embeddable":true,"href":"https:\/\/www.ifun.de\/apiv2\/wp\/v2\/comments?post=106072"}],"version-history":[{"count":8,"href":"https:\/\/www.ifun.de\/apiv2\/wp\/v2\/posts\/106072\/revisions"}],"predecessor-version":[{"id":106101,"href":"https:\/\/www.ifun.de\/apiv2\/wp\/v2\/posts\/106072\/revisions\/106101"}],"wp:featuredmedia":[{"embeddable":true,"href":"https:\/\/www.ifun.de\/apiv2\/wp\/v2\/media\/106074"}],"wp:attachment":[{"href":"https:\/\/www.ifun.de\/apiv2\/wp\/v2\/media?parent=106072"}],"wp:term":[{"taxonomy":"category","embeddable":true,"href":"https:\/\/www.ifun.de\/apiv2\/wp\/v2\/categories?post=106072"},{"taxonomy":"post_tag","embeddable":true,"href":"https:\/\/www.ifun.de\/apiv2\/wp\/v2\/tags?post=106072"}],"curies":[{"name":"wp","href":"https:\/\/api.w.org\/{rel}","templated":true}]}}