{"id":105536,"date":"2017-03-24T09:57:19","date_gmt":"2017-03-24T08:57:19","guid":{"rendered":"https:\/\/www.ifun.de\/?p=105536"},"modified":"2017-03-24T11:41:55","modified_gmt":"2017-03-24T10:41:55","slug":"wien-sie-sehen-sehen-sie-nichts","status":"publish","type":"post","link":"https:\/\/www.ifun.de\/wien-sie-sehen-sehen-sie-nichts-105536\/","title":{"rendered":"Wien Sie sehen, sehen Sie nichts"},"content":{"rendered":"<p><a href=\"https:\/\/www.ifun.de\/apple-schildergasse-die-15-deutschland-filiale-ist-bereit-105484\/\">Von K\u00f6ln<\/a> nach Wien. W\u00e4hrend Apple die neue Deutschland-Filiale in der K\u00f6lner Schildergasse bereits morgen <a href=\"https:\/\/www.ifun.de\/apple-schildergasse-die-15-deutschland-filiale-ist-bereit-105484\/\">er\u00f6ffnen wird<\/a>, wurde der Bau des ersten Apple Stores in \u00d6sterreich gerade erst bekannt. <\/p>\n<p><a href=\"https:\/\/images.ifun.de\/wp-content\/uploads\/2017\/03\/wien-1000.jpg\"><img decoding=\"async\" src=\"https:\/\/images.ifun.de\/wp-content\/uploads\/2017\/03\/wien-1000.jpg\" alt=\"Wien 1000\" width=\"500\" class=\"aligncenter size-full wp-image-105538\" srcset=\"https:\/\/images.ifun.de\/wp-content\/uploads\/2017\/03\/wien-1000.jpg 1000w, https:\/\/images.ifun.de\/wp-content\/uploads\/2017\/03\/wien-1000-300x225.jpg 300w, https:\/\/images.ifun.de\/wp-content\/uploads\/2017\/03\/wien-1000-768x576.jpg 768w\" sizes=\"(max-width: 1000px) 100vw, 1000px\" \/><\/a><\/p>\n<h6>Sichtschutz am Objekt K\u00e4rntner Stra\u00dfe | <a href=\"http:\/\/www.signa.at\/de\/\">Header-Bild: Signa Holding GmbH<\/a><\/h6>\n<p>Anfang Februar <a href=\"https:\/\/www.ifun.de\/apple-store-wien-apple-bestaetigt-bau-in-kaerntner-strasse-103800\/\">best\u00e4tigte Apple<\/a> den neuen Standort in der K\u00e4rntner Stra\u00dfe in Wien und ver\u00f6ffentlichte zeitgleich die ersten Stellenangebote f\u00fcr die Besetzung des neuen Stores. <\/p>\n<p>Ein Apple-Sprecher erkl\u00e4rte damals:<\/p>\n<blockquote><p>Unsere Apple Stores in Europa sind bei den Kunden unglaublich beliebt, und wir freuen uns darauf, unseren ersten in \u00d6sterreich zu er\u00f6ffnen. Wien ist eines der bedeutendsten Kulturzentren Europas, und wir bauen jetzt das Team auf, das unseren Kunden dort die Services, Schulungen und Unterhaltung bieten wird, die von Apple-Kunden weltweit so gesch\u00e4tzt werden.<\/p><\/blockquote>\n<p>Heute liefert ifun.de-Leser Niki einen kurzen Statusbericht und mehrere Fotos zum neuen Standort nach. Die Bauarbeiten am neuen Objekt haben bereits begonnen, der Sichtschutz ist angebracht. <\/p>\n<blockquote><p>Hallo ifun.de-Team! Ich bin heute am zuk\u00fcnftigen Apple Store in der K\u00e4rntner Stra\u00dfe in Wien vorbei gegangen &#8211; die Bauarbeiten haben bereits begonnen! Ich dachte, dass ich Euch Fotos vom aktuellen Status zukommen lasse, dass Ihr Eure Leser auch informieren k\u00f6nnt, wie es derzeit bei uns in Wien aussieht. Liebe Gr\u00fc\u00dfe aus Wien.<\/p><\/blockquote>\n<p><a href=\"https:\/\/images.ifun.de\/wp-content\/uploads\/2017\/03\/wien-1400-1-blur.jpg\"><img loading=\"lazy\" decoding=\"async\" src=\"https:\/\/images.ifun.de\/wp-content\/uploads\/2017\/03\/wien-1400-1-blur.jpg\" alt=\"Wien 1400 1 Blur\" width=\"1400\" height=\"1050\" class=\"aligncenter size-full wp-image-105547\" srcset=\"https:\/\/images.ifun.de\/wp-content\/uploads\/2017\/03\/wien-1400-1-blur.jpg 1400w, https:\/\/images.ifun.de\/wp-content\/uploads\/2017\/03\/wien-1400-1-blur-300x225.jpg 300w, https:\/\/images.ifun.de\/wp-content\/uploads\/2017\/03\/wien-1400-1-blur-768x576.jpg 768w, https:\/\/images.ifun.de\/wp-content\/uploads\/2017\/03\/wien-1400-1-blur-1024x768.jpg 1024w\" sizes=\"auto, (max-width: 1400px) 100vw, 1400px\" \/><\/a><\/p>\n<p><a href=\"https:\/\/images.ifun.de\/wp-content\/uploads\/2017\/03\/wien-1400-2-blur.jpg\"><img loading=\"lazy\" decoding=\"async\" src=\"https:\/\/images.ifun.de\/wp-content\/uploads\/2017\/03\/wien-1400-2-blur.jpg\" alt=\"Wien 1400 2 Blur\" width=\"1400\" height=\"1050\" class=\"aligncenter size-full wp-image-105548\" srcset=\"https:\/\/images.ifun.de\/wp-content\/uploads\/2017\/03\/wien-1400-2-blur.jpg 1400w, https:\/\/images.ifun.de\/wp-content\/uploads\/2017\/03\/wien-1400-2-blur-300x225.jpg 300w, https:\/\/images.ifun.de\/wp-content\/uploads\/2017\/03\/wien-1400-2-blur-768x576.jpg 768w, https:\/\/images.ifun.de\/wp-content\/uploads\/2017\/03\/wien-1400-2-blur-1024x768.jpg 1024w\" sizes=\"auto, (max-width: 1400px) 100vw, 1400px\" \/><\/a><br \/>\nDanke!<\/p>\n","protected":false},"excerpt":{"rendered":"<a href=\"https:\/\/www.ifun.de\/wien-sie-sehen-sehen-sie-nichts-105536\/\"><img width=\"150\" height=\"150\" src=\"https:\/\/images.ifun.de\/wp-content\/uploads\/2017\/03\/wien-1400-2-150x150.jpg\" class=\"alignright tfe wp-post-image\" alt=\"Wien 1400 2\" decoding=\"async\" loading=\"lazy\" \/><\/a><p>Von K\u00f6ln nach Wien. W\u00e4hrend Apple die neue Deutschland-Filiale in der K\u00f6lner Schildergasse bereits morgen er\u00f6ffnen wird, wurde der Bau des ersten Apple Stores in \u00d6sterreich gerade erst bekannt. Sichtschutz am Objekt K\u00e4rntner Stra\u00dfe | Header-Bild: Signa Holding GmbH Anfang Februar best\u00e4tigte Apple den neuen Standort in der K\u00e4rntner Stra\u00dfe in Wien und ver\u00f6ffentlichte zeitgleich [&hellip;]<\/p>\n","protected":false},"author":1,"featured_media":105540,"comment_status":"open","ping_status":"closed","sticky":false,"template":"","format":"standard","meta":{"_acf_changed":false,"footnotes":""},"categories":[3],"tags":[4736,49,357,3597],"class_list":["post-105536","post","type-post","status-publish","format-standard","has-post-thumbnail","hentry","category-apple","tag-apple","tag-apple-store","tag-osterreich","tag-wien"],"acf":[],"aioseo_notices":[],"subheadline":["Apple K\u00e4rntner Stra\u00dfe"],"featured_image":["https:\/\/images.ifun.de\/wp-content\/uploads\/2017\/02\/apple-wien.jpg"],"rest_api_enabler":{"subheadline":"Apple K\u00e4rntner Stra\u00dfe","featured_image":"https:\/\/images.ifun.de\/wp-content\/uploads\/2017\/02\/apple-wien.jpg"},"_links":{"self":[{"href":"https:\/\/www.ifun.de\/apiv2\/wp\/v2\/posts\/105536","targetHints":{"allow":["GET"]}}],"collection":[{"href":"https:\/\/www.ifun.de\/apiv2\/wp\/v2\/posts"}],"about":[{"href":"https:\/\/www.ifun.de\/apiv2\/wp\/v2\/types\/post"}],"author":[{"embeddable":true,"href":"https:\/\/www.ifun.de\/apiv2\/wp\/v2\/users\/1"}],"replies":[{"embeddable":true,"href":"https:\/\/www.ifun.de\/apiv2\/wp\/v2\/comments?post=105536"}],"version-history":[{"count":5,"href":"https:\/\/www.ifun.de\/apiv2\/wp\/v2\/posts\/105536\/revisions"}],"predecessor-version":[{"id":105549,"href":"https:\/\/www.ifun.de\/apiv2\/wp\/v2\/posts\/105536\/revisions\/105549"}],"wp:featuredmedia":[{"embeddable":true,"href":"https:\/\/www.ifun.de\/apiv2\/wp\/v2\/media\/105540"}],"wp:attachment":[{"href":"https:\/\/www.ifun.de\/apiv2\/wp\/v2\/media?parent=105536"}],"wp:term":[{"taxonomy":"category","embeddable":true,"href":"https:\/\/www.ifun.de\/apiv2\/wp\/v2\/categories?post=105536"},{"taxonomy":"post_tag","embeddable":true,"href":"https:\/\/www.ifun.de\/apiv2\/wp\/v2\/tags?post=105536"}],"curies":[{"name":"wp","href":"https:\/\/api.w.org\/{rel}","templated":true}]}}