{"id":104683,"date":"2017-03-05T08:03:45","date_gmt":"2017-03-05T07:03:45","guid":{"rendered":"https:\/\/www.ifun.de\/?p=104683"},"modified":"2017-03-06T09:39:22","modified_gmt":"2017-03-06T08:39:22","slug":"apple-store-koeln-schildergasse-oeffnet-am-25-maerz","status":"publish","type":"post","link":"https:\/\/www.ifun.de\/apple-store-koeln-schildergasse-oeffnet-am-25-maerz-104683\/","title":{"rendered":"Apple Store K\u00f6ln Schildergasse \u00f6ffnet am 25. M\u00e4rz"},"content":{"rendered":"<p>Mit <a href=\"http:\/\/www.apple.com\/de\/retail\/schildergasse\/\">Apple Schildergasse<\/a> er\u00f6ffnet der zweite Apple Store in K\u00f6ln am Samstag, 25. M\u00e4rz. Das Ladengesch\u00e4ft im sogenannten \u201ePohland-Haus\u201c ist die 15. Apple-Filiale in Deutschland, der erste Apple Store hierzulande wurde am 6. Dezember 2008 in der M\u00fcnchner Rosenstra\u00dfe er\u00f6ffnet.<\/p>\n<p><a href=\"https:\/\/images.ifun.de\/wp-content\/uploads\/2017\/03\/pohland-haus-koeln.jpg\"><img loading=\"lazy\" decoding=\"async\" src=\"https:\/\/images.ifun.de\/wp-content\/uploads\/2017\/03\/pohland-haus-koeln.jpg\" alt=\"Pohland Haus Koeln\" width=\"500\" height=\"667\" class=\"alignnone size-full wp-image-104686\" srcset=\"https:\/\/images.ifun.de\/wp-content\/uploads\/2017\/03\/pohland-haus-koeln.jpg 500w, https:\/\/images.ifun.de\/wp-content\/uploads\/2017\/03\/pohland-haus-koeln-225x300.jpg 225w\" sizes=\"auto, (max-width: 500px) 100vw, 500px\" \/><\/a><\/p>\n<p>Die Umbauarbeiten in K\u00f6ln haben sich drei Jahre lang hingezogen. Apple hat die R\u00e4umlichkeiten zum Jahresbeginn 2014 vom ehemaligen Herrenausstatter Pohland \u00fcbernommen. \u00dcber die geplante Er\u00f6ffnung in diesem Fr\u00fchjahr konnten wir bereits im November letzten Jahres <a href=\"https:\/\/www.ifun.de\/apple-store-im-koelner-pohland-haus-soll-im-fruehjahr-oeffnen-100312\/\">berichteten<\/a>, erstes eindeutiges Zeichen daf\u00fcr, dass die Umbauarbeiten tats\u00e4chlich vor dem Abschluss stehen, war dann die <a href=\"https:\/\/www.ifun.de\/apple-store-koeln-wenn-das-mal-nicht-die-vorbereitung-fuers-apfel-logo-ist-102008\/\" title=\"Apple Store K\u00f6ln: Wenn das mal nicht die Vorbereitung f\u00fcrs Apfel-Logo ist\">Montage des Apple-Logos<\/a> im Dezember.<\/p>\n<p>Zur Er\u00f6ffnung am 25. M\u00e4rz d\u00fcrfte es f\u00fcr die ersten Besucher wieder kostenlose T-Shirts geben. Eine konkrete Uhrzeit hat Apple noch nicht mitgeteilt. Die offizielle Adresse des neuen Apple Store lautet Schildergasse 1-9.<\/p>\n<p><h8>Via <a href=\"https:\/\/twitter.com\/storetellee\/status\/838118801866641408\">Storeteller<\/a><\/h8><\/p>\n","protected":false},"excerpt":{"rendered":"<a href=\"https:\/\/www.ifun.de\/apple-store-koeln-schildergasse-oeffnet-am-25-maerz-104683\/\"><img width=\"150\" height=\"150\" src=\"https:\/\/images.ifun.de\/wp-content\/uploads\/2017\/03\/pohland-haus-koeln-150x150.jpg\" class=\"alignright tfe wp-post-image\" alt=\"Pohland Haus Koeln\" decoding=\"async\" loading=\"lazy\" \/><\/a><p>Mit Apple Schildergasse er\u00f6ffnet der zweite Apple Store in K\u00f6ln am Samstag, 25. M\u00e4rz. Das Ladengesch\u00e4ft im sogenannten \u201ePohland-Haus\u201c ist die 15. Apple-Filiale in Deutschland, der erste Apple Store hierzulande wurde am 6. Dezember 2008 in der M\u00fcnchner Rosenstra\u00dfe er\u00f6ffnet. Die Umbauarbeiten in K\u00f6ln haben sich drei Jahre lang hingezogen. Apple hat die R\u00e4umlichkeiten zum [&hellip;]<\/p>\n","protected":false},"author":2,"featured_media":104686,"comment_status":"open","ping_status":"closed","sticky":false,"template":"","format":"standard","meta":{"_acf_changed":false,"footnotes":""},"categories":[3,1783],"tags":[49,350,3632],"class_list":["post-104683","post","type-post","status-publish","format-standard","has-post-thumbnail","hentry","category-apple","category-feature","tag-apple-store","tag-koln","tag-schildergasse"],"acf":[],"aioseo_notices":[],"subheadline":["Offiziell best\u00e4tigt"],"featured_image":["https:\/\/images.ifun.de\/wp-content\/uploads\/2017\/03\/apple-schildergasse-eroeffnung.jpg"],"rest_api_enabler":{"subheadline":"Offiziell best\u00e4tigt","featured_image":"https:\/\/images.ifun.de\/wp-content\/uploads\/2017\/03\/apple-schildergasse-eroeffnung.jpg"},"_links":{"self":[{"href":"https:\/\/www.ifun.de\/apiv2\/wp\/v2\/posts\/104683","targetHints":{"allow":["GET"]}}],"collection":[{"href":"https:\/\/www.ifun.de\/apiv2\/wp\/v2\/posts"}],"about":[{"href":"https:\/\/www.ifun.de\/apiv2\/wp\/v2\/types\/post"}],"author":[{"embeddable":true,"href":"https:\/\/www.ifun.de\/apiv2\/wp\/v2\/users\/2"}],"replies":[{"embeddable":true,"href":"https:\/\/www.ifun.de\/apiv2\/wp\/v2\/comments?post=104683"}],"version-history":[{"count":7,"href":"https:\/\/www.ifun.de\/apiv2\/wp\/v2\/posts\/104683\/revisions"}],"predecessor-version":[{"id":104692,"href":"https:\/\/www.ifun.de\/apiv2\/wp\/v2\/posts\/104683\/revisions\/104692"}],"wp:featuredmedia":[{"embeddable":true,"href":"https:\/\/www.ifun.de\/apiv2\/wp\/v2\/media\/104686"}],"wp:attachment":[{"href":"https:\/\/www.ifun.de\/apiv2\/wp\/v2\/media?parent=104683"}],"wp:term":[{"taxonomy":"category","embeddable":true,"href":"https:\/\/www.ifun.de\/apiv2\/wp\/v2\/categories?post=104683"},{"taxonomy":"post_tag","embeddable":true,"href":"https:\/\/www.ifun.de\/apiv2\/wp\/v2\/tags?post=104683"}],"curies":[{"name":"wp","href":"https:\/\/api.w.org\/{rel}","templated":true}]}}