{"id":103287,"date":"2017-01-29T11:31:57","date_gmt":"2017-01-29T10:31:57","guid":{"rendered":"https:\/\/www.ifun.de\/?p=103287"},"modified":"2017-01-29T11:51:59","modified_gmt":"2017-01-29T10:51:59","slug":"apple-zu-trumps-einreisestopp-fuer-muslime-wir-unterstuetzen-das-nicht","status":"publish","type":"post","link":"https:\/\/www.ifun.de\/apple-zu-trumps-einreisestopp-fuer-muslime-wir-unterstuetzen-das-nicht-103287\/","title":{"rendered":"Apple zu Trumps Einreisestopp f\u00fcr Muslime: &#8222;Wir unterst\u00fctzen das nicht&#8220;"},"content":{"rendered":"<p>Apple-Chef Tim Cook hat sich in einem Rundschreiben an Apple-Mitarbeiter zu dem letzte Woche vom US-Pr\u00e4sident Trump erlassenen <a href=\"http:\/\/www.tagesschau.de\/ausland\/trump-muslime-101.html\">Einreisestopp f\u00fcr Muslime<\/a> ge\u00e4u\u00dfert. Trumps vorgehen sei keine Praxis, die Apple unterst\u00fctze.<\/p>\n<p>Die amerikanische Webseite <a href=\"http:\/\/www.theverge.com\/2017\/1\/28\/14426560\/tim-cook-trumps-executive-orders-apple\">TheVerge<\/a> hat die Nachricht von Tim Cook in voller L\u00e4nge ver\u00f6ffentlicht. Der Apple-Chef macht darin deutlich, dass Apple die Zuwanderung als wichtigen Bestandteil nicht nur f\u00fcr die eigene Entwicklung, sondern auch die der USA sehe. Apple w\u00fcrde ohne Zuwanderer nicht existieren. Cook spielt hier m\u00f6glicherweise auch auf die Tatsache an, dass der Firmengr\u00fcnder Steve Jobs Sohn eines syrischen Einwanderers war.<\/p>\n<p><a href=\"https:\/\/images.ifun.de\/wp-content\/uploads\/2017\/01\/tim-cook-700.jpg\"><img loading=\"lazy\" decoding=\"async\" src=\"https:\/\/images.ifun.de\/wp-content\/uploads\/2017\/01\/tim-cook-700.jpg\" alt=\"Tim Cook 700\" width=\"700\" height=\"407\" class=\"alignnone size-full wp-image-103290\" srcset=\"https:\/\/images.ifun.de\/wp-content\/uploads\/2017\/01\/tim-cook-700.jpg 700w, https:\/\/images.ifun.de\/wp-content\/uploads\/2017\/01\/tim-cook-700-300x174.jpg 300w\" sizes=\"auto, (max-width: 700px) 100vw, 700px\" \/><\/a><\/p>\n<p>Cook versichert, dass Apple aktiv auf die US-Regierung zugehen werde, um auf die Auswirkungen dieser Regelung auf das Unternehmen aufmerksam zu machen. Zudem seien bereits Mitarbeiter aus Apples Personal- und Rechtsabteilung mit betroffenen Angestellten in Kontakt.<\/p>\n<p>Am Ende seines Schreibens zitiert Cook Martin Luther King mit den Worten &quot;We may have all come on different ships, but we are in the same boat now\u201c. Apple sei offen f\u00fcr alle Menschen, unabh\u00e4ngig davon, woher sie kommen, welche Sprache sie sprechen, wen sie lieben oder verehren.<\/p>\n<p>Neben Apple haben sich in den letzten Tagen auch Google, Facebook, Microsoft und weitere Technologiekonzerne teils mit Best\u00fcrzung \u00fcber den Pr\u00e4sidentenerlass <a href=\"https:\/\/www.bloomberg.com\/news\/articles\/2017-01-28\/google-facebook-reflect-tech-dismay-on-trump-immigration-order\">ge\u00e4u\u00dfert<\/a>. Die Regelung h\u00e4tte weitreichende Folgen f\u00fcr die Unternehmen, Google hat au\u00dfer Landes besch\u00e4ftigte und m\u00f6glicherweise betroffene Mitarbeiter dazu aufgefordert, schnellstm\u00f6glich wieder in die USA zur\u00fcckzukehren.<\/p>\n","protected":false},"excerpt":{"rendered":"<a href=\"https:\/\/www.ifun.de\/apple-zu-trumps-einreisestopp-fuer-muslime-wir-unterstuetzen-das-nicht-103287\/\"><img width=\"150\" height=\"150\" src=\"https:\/\/images.ifun.de\/wp-content\/uploads\/2017\/01\/tim-cook-700-150x150.jpg\" class=\"alignright tfe wp-post-image\" alt=\"Tim Cook 700\" decoding=\"async\" loading=\"lazy\" \/><\/a><p>Apple-Chef Tim Cook hat sich in einem Rundschreiben an Apple-Mitarbeiter zu dem letzte Woche vom US-Pr\u00e4sident Trump erlassenen Einreisestopp f\u00fcr Muslime ge\u00e4u\u00dfert. Trumps vorgehen sei keine Praxis, die Apple unterst\u00fctze. Die amerikanische Webseite TheVerge hat die Nachricht von Tim Cook in voller L\u00e4nge ver\u00f6ffentlicht. Der Apple-Chef macht darin deutlich, dass Apple die Zuwanderung als wichtigen [&hellip;]<\/p>\n","protected":false},"author":2,"featured_media":103290,"comment_status":"open","ping_status":"closed","sticky":false,"template":"","format":"standard","meta":{"_acf_changed":false,"footnotes":""},"categories":[3],"tags":[4736,810,3504],"class_list":["post-103287","post","type-post","status-publish","format-standard","has-post-thumbnail","hentry","category-apple","tag-apple","tag-politik","tag-trump"],"acf":[],"aioseo_notices":[],"featured_image":["https:\/\/images.ifun.de\/wp-content\/uploads\/2016\/03\/apple-cupertino-flaggen.jpg"],"rest_api_enabler":{"featured_image":"https:\/\/images.ifun.de\/wp-content\/uploads\/2016\/03\/apple-cupertino-flaggen.jpg"},"_links":{"self":[{"href":"https:\/\/www.ifun.de\/apiv2\/wp\/v2\/posts\/103287","targetHints":{"allow":["GET"]}}],"collection":[{"href":"https:\/\/www.ifun.de\/apiv2\/wp\/v2\/posts"}],"about":[{"href":"https:\/\/www.ifun.de\/apiv2\/wp\/v2\/types\/post"}],"author":[{"embeddable":true,"href":"https:\/\/www.ifun.de\/apiv2\/wp\/v2\/users\/2"}],"replies":[{"embeddable":true,"href":"https:\/\/www.ifun.de\/apiv2\/wp\/v2\/comments?post=103287"}],"version-history":[{"count":4,"href":"https:\/\/www.ifun.de\/apiv2\/wp\/v2\/posts\/103287\/revisions"}],"predecessor-version":[{"id":103292,"href":"https:\/\/www.ifun.de\/apiv2\/wp\/v2\/posts\/103287\/revisions\/103292"}],"wp:featuredmedia":[{"embeddable":true,"href":"https:\/\/www.ifun.de\/apiv2\/wp\/v2\/media\/103290"}],"wp:attachment":[{"href":"https:\/\/www.ifun.de\/apiv2\/wp\/v2\/media?parent=103287"}],"wp:term":[{"taxonomy":"category","embeddable":true,"href":"https:\/\/www.ifun.de\/apiv2\/wp\/v2\/categories?post=103287"},{"taxonomy":"post_tag","embeddable":true,"href":"https:\/\/www.ifun.de\/apiv2\/wp\/v2\/tags?post=103287"}],"curies":[{"name":"wp","href":"https:\/\/api.w.org\/{rel}","templated":true}]}}