{"id":103279,"date":"2017-01-27T17:36:46","date_gmt":"2017-01-27T16:36:46","guid":{"rendered":"https:\/\/www.ifun.de\/?p=103279"},"modified":"2017-01-27T17:39:33","modified_gmt":"2017-01-27T16:39:33","slug":"heute-vor-7-jahren-steve-jobs-praesentiert-das-erste-ipad","status":"publish","type":"post","link":"https:\/\/www.ifun.de\/heute-vor-7-jahren-steve-jobs-praesentiert-das-erste-ipad-103279\/","title":{"rendered":"Heute vor 7 Jahren: Steve Jobs pr\u00e4sentiert das erste iPad"},"content":{"rendered":"<p>\u00abGibt es einen Markt f\u00fcr eine dritte Ger\u00e4tekategorie, die mittig zwischen Laptop und Smartphone angesiedelt ist?\u00bb \u2013 Eine Frage, die aus heutiger Sicht kaum noch nachvollziehbar ist und gleichzeitig der Satz war, mit dem Steve Jobs vor genau sieben Jahren die Pr\u00e4sentation des ersten iPad eingeleitete.<\/p>\n<p><a href=\"https:\/\/images.ifun.de\/wp-content\/uploads\/2014\/01\/50035.jpg\"><img loading=\"lazy\" decoding=\"async\" class=\"aligncenter size-full wp-image-53940\" src=\"https:\/\/images.ifun.de\/wp-content\/uploads\/2014\/01\/50035.jpg\" alt=\"500\" width=\"500\" height=\"275\" srcset=\"https:\/\/images.ifun.de\/wp-content\/uploads\/2014\/01\/50035.jpg 500w, https:\/\/images.ifun.de\/wp-content\/uploads\/2014\/01\/50035-300x165.jpg 300w\" sizes=\"auto, (max-width: 500px) 100vw, 500px\" \/><\/a><\/p>\n<p>Wie wir heute wissen, gab es zwischen Smartphone und Notebook noch genug Platz f\u00fcr mehrere Millionen iPads. <\/p>\n<p>Zwar scheint Apple aktuell weit davon entfernt zu sein, noch mal 26 Millionen iPads wie im Q4\/13 absetzen zu k\u00f6nnen, d\u00fcrfte aber auch zur n\u00e4chsten Quartalszahlen-Bekanntgabe <a href=\"http:\/\/www.apple.com\/pr\/library\/2017\/01\/27FY-17-First-Quarter-Results-Conference-Call.html\">am 31. Januar<\/a> wieder \u00fcber die 10-Millionen-Marke kommen. <\/p>\n<h2>Die iPad-Pr\u00e4sentation von 2010 im Video<\/h2>\n<p>Einen Videomitschnitt der damaligen Pr\u00e4sentation haben wir unten eingebettet, nach rund f\u00fcnf Minuten geht\u2019s mit der iPad-Vorstellung los. Verkauft wurde das Apple-Tablet dann allerdings erst ab Anfang April 2010 in den USA und von Ende Mai 2010 an in Deutschland.<\/p>\n<p><div class=\"responsive-video\"><iframe loading=\"lazy\" width=\"700\" height=\"371\" src=\"https:\/\/www.youtube-nocookie.com\/embed\/jj6q_z2Ni9M\" frameborder=\"0\" allowfullscreen><\/iframe><\/div><\/p>\n","protected":false},"excerpt":{"rendered":"<a href=\"https:\/\/www.ifun.de\/heute-vor-7-jahren-steve-jobs-praesentiert-das-erste-ipad-103279\/\"><img width=\"150\" height=\"150\" src=\"https:\/\/images.ifun.de\/wp-content\/uploads\/2017\/01\/steve-jobs-ipad-150x150.jpg\" class=\"alignright tfe wp-post-image\" alt=\"Steve Jobs Ipad\" decoding=\"async\" loading=\"lazy\" \/><\/a><p>\u00abGibt es einen Markt f\u00fcr eine dritte Ger\u00e4tekategorie, die mittig zwischen Laptop und Smartphone angesiedelt ist?\u00bb \u2013 Eine Frage, die aus heutiger Sicht kaum noch nachvollziehbar ist und gleichzeitig der Satz war, mit dem Steve Jobs vor genau sieben Jahren die Pr\u00e4sentation des ersten iPad eingeleitete. Wie wir heute wissen, gab es zwischen Smartphone und [&hellip;]<\/p>\n","protected":false},"author":1,"featured_media":103280,"comment_status":"open","ping_status":"closed","sticky":false,"template":"","format":"standard","meta":{"_acf_changed":false,"footnotes":""},"categories":[20],"tags":[4736,4740,31],"class_list":["post-103279","post","type-post","status-publish","format-standard","has-post-thumbnail","hentry","category-videos","tag-apple","tag-ipad","tag-video"],"acf":[],"aioseo_notices":[],"subheadline":["Im Video"],"featured_image":["https:\/\/images.ifun.de\/wp-content\/uploads\/2017\/01\/steve-jobs-ipad.jpg"],"rest_api_enabler":{"subheadline":"Im Video","featured_image":"https:\/\/images.ifun.de\/wp-content\/uploads\/2017\/01\/steve-jobs-ipad.jpg"},"_links":{"self":[{"href":"https:\/\/www.ifun.de\/apiv2\/wp\/v2\/posts\/103279","targetHints":{"allow":["GET"]}}],"collection":[{"href":"https:\/\/www.ifun.de\/apiv2\/wp\/v2\/posts"}],"about":[{"href":"https:\/\/www.ifun.de\/apiv2\/wp\/v2\/types\/post"}],"author":[{"embeddable":true,"href":"https:\/\/www.ifun.de\/apiv2\/wp\/v2\/users\/1"}],"replies":[{"embeddable":true,"href":"https:\/\/www.ifun.de\/apiv2\/wp\/v2\/comments?post=103279"}],"version-history":[{"count":4,"href":"https:\/\/www.ifun.de\/apiv2\/wp\/v2\/posts\/103279\/revisions"}],"predecessor-version":[{"id":103284,"href":"https:\/\/www.ifun.de\/apiv2\/wp\/v2\/posts\/103279\/revisions\/103284"}],"wp:featuredmedia":[{"embeddable":true,"href":"https:\/\/www.ifun.de\/apiv2\/wp\/v2\/media\/103280"}],"wp:attachment":[{"href":"https:\/\/www.ifun.de\/apiv2\/wp\/v2\/media?parent=103279"}],"wp:term":[{"taxonomy":"category","embeddable":true,"href":"https:\/\/www.ifun.de\/apiv2\/wp\/v2\/categories?post=103279"},{"taxonomy":"post_tag","embeddable":true,"href":"https:\/\/www.ifun.de\/apiv2\/wp\/v2\/tags?post=103279"}],"curies":[{"name":"wp","href":"https:\/\/api.w.org\/{rel}","templated":true}]}}