{"id":102956,"date":"2017-01-20T10:36:24","date_gmt":"2017-01-20T09:36:24","guid":{"rendered":"https:\/\/www.ifun.de\/?p=102956"},"modified":"2017-01-20T11:58:14","modified_gmt":"2017-01-20T10:58:14","slug":"hat-der-ipod-noch-zukunft","status":"publish","type":"post","link":"https:\/\/www.ifun.de\/hat-der-ipod-noch-zukunft-102956\/","title":{"rendered":"Hat der iPod noch Zukunft?"},"content":{"rendered":"<p>Der <a href=\"http:\/\/www.apple.com\/de\/shop\/buy-ipod\/ipod-nano\">iPod nano<\/a> ist einer von drei noch bei Apple erh\u00e4ltlichen Musikplayern und wurde urspr\u00fcnglich am 7. September 2005 vorgestellt. Sechs Jahre sp\u00e4ter gab es im November 2011 etlichen Wirbel um die erste Generation des Ger\u00e4ts. \u00dcberhitzende Akkus veranlassten Apple dazu, eine weltweite R\u00fcckrufaktion einzuleiten. Weitere f\u00fcnf Jahre sp\u00e4ter wurde das Austauschprogramm nun von Apple eingestellt. Der Link dazu findet sich nicht mehr auf der <a href=\"http:\/\/www.apple.com\/de\/support\/ipodnano_replacement\/\" title=\"weltweite R\u00fcckrufaktion\">offiziellen Liste<\/a> mit allen von Apple initiierten Austausch- und Reparaturerweiterungsprogrammen.<\/p>\n<p><a href=\"https:\/\/images.ifun.de\/wp-content\/uploads\/2017\/01\/ipod-nano-generation-1.jpg\"><img loading=\"lazy\" decoding=\"async\" src=\"https:\/\/images.ifun.de\/wp-content\/uploads\/2017\/01\/ipod-nano-generation-1.jpg\" alt=\"Ipod Nano Generation 1\" width=\"500\" height=\"449\" class=\"alignnone size-full wp-image-102962\" srcset=\"https:\/\/images.ifun.de\/wp-content\/uploads\/2017\/01\/ipod-nano-generation-1.jpg 500w, https:\/\/images.ifun.de\/wp-content\/uploads\/2017\/01\/ipod-nano-generation-1-300x269.jpg 300w\" sizes=\"auto, (max-width: 500px) 100vw, 500px\" \/><\/a><\/p>\n<p>Mit Blick darauf, dass der betroffene Player in diesem Jahr seinen zw\u00f6lften Geburtstag feiert l\u00e4sst sich der Sachverhalt sicher verschmerzen. Aber nehmen wir das Ganze doch zum Anlass f\u00fcr einen kleinen R\u00fcckblick auf den iPod nano und die Fragestellung, wie es \u00fcberhaupt mit dem iPod weitergeht.<\/p>\n<p>Das unten eingebettete Video l\u00e4sst alle sieben Generationen des iPad nano noch einmal Revue passieren und blickt unter anderem auf die grandiose Pr\u00e4sentation der ersten Generation des Ger\u00e4ts durch den damaligen Apple-Chef Steve Jobs zur\u00fcck. Der Mini-Player mit Farbdisplay war insbesondere aufgrund seiner kompakten Form f\u00fcr damalige Verh\u00e4ltnisse revolution\u00e4r.<\/p>\n<p><div class=\"responsive-video\"><iframe loading=\"lazy\" width=\"700\" height=\"394\" src=\"https:\/\/www.youtube-nocookie.com\/embed\/moi9yL8Ky6M\" frameborder=\"0\" allowfullscreen><\/iframe><\/div><\/p>\n<h2>Hat der iPod noch Zukunft?<\/h2>\n<p>Wie geht\u2019s weiter mit dem iPod? Neben dem iPod nano hat Apple heute noch den iPod touch und den iPod shuffle im Programm. Alle drei Ger\u00e4te muss man auf der Apple-Webseite mittlerweile suchen, der iPod hat seinen eigenen Men\u00fcpunkt in der Hauptnavigation an Apple Music abgegeben und wird dort nur noch als Zubeh\u00f6r zum Musikh\u00f6ren gelistet. Sehen wir von neu hinzugekommenen Geh\u00e4usefarben ab, haben der iPod nano ebenso wie der iPod shuffle in der aktuellen Version mittlerweile mehr als drei Jahre auf dem Buckel, der iPod touch sah zuletzt im Sommer 2015 technische Verbesserungen. Ob Apple den Ger\u00e4ten auch in Zukunft noch Updates spendiert, ist fraglich. Konkrete Verkaufszahlen hat das Unternehmen schon l\u00e4nger nicht mehr bekannt gegeben und angesichts eines verst\u00e4rkten Fokus auf Streaming-Angebote und Cloud-Nutzung wollen die klassischen Musikabspielger\u00e4te irgendwie nicht mehr so recht ins Programm passen. Das Konzept scheint in Zeiten von iPhone, Smartwatches und Fitness-Zubeh\u00f6r mit \u00e4hnlichen Funktionen \u00fcberholt.<img loading=\"lazy\" decoding=\"async\" src=\"http:\/\/vg06.met.vgwort.de\/na\/043fb4743b754a55b9e90c5519ac68b4\" width=\"1\" height=\"1\" class=\"tracking\"><\/p>\n","protected":false},"excerpt":{"rendered":"<a href=\"https:\/\/www.ifun.de\/hat-der-ipod-noch-zukunft-102956\/\"><img width=\"150\" height=\"150\" src=\"https:\/\/images.ifun.de\/wp-content\/uploads\/2017\/01\/ipod-nano-150x150.jpg\" class=\"alignright tfe wp-post-image\" alt=\"Ipod Nano\" decoding=\"async\" loading=\"lazy\" \/><\/a><p>Der iPod nano ist einer von drei noch bei Apple erh\u00e4ltlichen Musikplayern und wurde urspr\u00fcnglich am 7. September 2005 vorgestellt. Sechs Jahre sp\u00e4ter gab es im November 2011 etlichen Wirbel um die erste Generation des Ger\u00e4ts. \u00dcberhitzende Akkus veranlassten Apple dazu, eine weltweite R\u00fcckrufaktion einzuleiten. Weitere f\u00fcnf Jahre sp\u00e4ter wurde das Austauschprogramm nun von Apple [&hellip;]<\/p>\n","protected":false},"author":2,"featured_media":102963,"comment_status":"open","ping_status":"closed","sticky":false,"template":"","format":"standard","meta":{"_acf_changed":false,"footnotes":""},"categories":[12,1783],"tags":[],"class_list":["post-102956","post","type-post","status-publish","format-standard","has-post-thumbnail","hentry","category-ipod","category-feature"],"acf":[],"aioseo_notices":[],"subheadline":["Apple setzt auf Streaming und Cloud-Nutzung"],"featured_image":["https:\/\/images.ifun.de\/wp-content\/uploads\/2017\/01\/ipod-nano.jpg"],"rest_api_enabler":{"subheadline":"Apple setzt auf Streaming und Cloud-Nutzung","featured_image":"https:\/\/images.ifun.de\/wp-content\/uploads\/2017\/01\/ipod-nano.jpg"},"_links":{"self":[{"href":"https:\/\/www.ifun.de\/apiv2\/wp\/v2\/posts\/102956","targetHints":{"allow":["GET"]}}],"collection":[{"href":"https:\/\/www.ifun.de\/apiv2\/wp\/v2\/posts"}],"about":[{"href":"https:\/\/www.ifun.de\/apiv2\/wp\/v2\/types\/post"}],"author":[{"embeddable":true,"href":"https:\/\/www.ifun.de\/apiv2\/wp\/v2\/users\/2"}],"replies":[{"embeddable":true,"href":"https:\/\/www.ifun.de\/apiv2\/wp\/v2\/comments?post=102956"}],"version-history":[{"count":9,"href":"https:\/\/www.ifun.de\/apiv2\/wp\/v2\/posts\/102956\/revisions"}],"predecessor-version":[{"id":102967,"href":"https:\/\/www.ifun.de\/apiv2\/wp\/v2\/posts\/102956\/revisions\/102967"}],"wp:featuredmedia":[{"embeddable":true,"href":"https:\/\/www.ifun.de\/apiv2\/wp\/v2\/media\/102963"}],"wp:attachment":[{"href":"https:\/\/www.ifun.de\/apiv2\/wp\/v2\/media?parent=102956"}],"wp:term":[{"taxonomy":"category","embeddable":true,"href":"https:\/\/www.ifun.de\/apiv2\/wp\/v2\/categories?post=102956"},{"taxonomy":"post_tag","embeddable":true,"href":"https:\/\/www.ifun.de\/apiv2\/wp\/v2\/tags?post=102956"}],"curies":[{"name":"wp","href":"https:\/\/api.w.org\/{rel}","templated":true}]}}