{"id":102509,"date":"2017-01-10T08:34:12","date_gmt":"2017-01-10T07:34:12","guid":{"rendered":"https:\/\/www.ifun.de\/?p=102509"},"modified":"2017-01-10T10:22:57","modified_gmt":"2017-01-10T09:22:57","slug":"externer-monitor-am-mac-mini-app-regelt-die-helligkeit","status":"publish","type":"post","link":"https:\/\/www.ifun.de\/externer-monitor-am-mac-mini-app-regelt-die-helligkeit-102509\/","title":{"rendered":"Externer Monitor am Mac: Mini-App regelt die Helligkeit"},"content":{"rendered":"<p>Als bekennende <a href=\"https:\/\/www.ifun.de\/iqunix-edin-universelles-macbook-dock-fuer-den-monitorbetrieb-100358\/\">Dock-Nutzer<\/a>, haben wir eines unser neuen MacBook Pro-Modelle im <a rel=\"noindex, nofollow\" href=\"http:\/\/www.ifun.de\/amzn\/B018G8E6BG\">iQunix Edin<\/a> versenkt und nutzen dieses in Kombination mit <a href=\"http:\/\/ifun.de\/applestore\/http:\/\/store.apple.com\/de\/go\/product\/HKMY2\">dem 4K-Modell<\/a> der von Apple angebotenen LG UltraFine Monitore. <\/p>\n<p><a href=\"https:\/\/images.ifun.de\/wp-content\/uploads\/2017\/01\/hengedock.jpg\"><img loading=\"lazy\" decoding=\"async\" src=\"https:\/\/images.ifun.de\/wp-content\/uploads\/2017\/01\/hengedock.jpg\" alt=\"Hengedock\" width=\"500\" height=\"375\" class=\"aligncenter size-full wp-image-102423\" srcset=\"https:\/\/images.ifun.de\/wp-content\/uploads\/2017\/01\/hengedock.jpg 500w, https:\/\/images.ifun.de\/wp-content\/uploads\/2017\/01\/hengedock-300x225.jpg 300w\" sizes=\"auto, (max-width: 500px) 100vw, 500px\" \/><\/a><\/p>\n<p>So umstritten Apples Entscheidung, ausschlie\u00dflich auf USB-C-Anschl\u00fcsse zu setzen, auch ausfallen mag: In Kombination mit dem LG-Monitor \u00fcberzeugt die simple Ein-Kabel-Verbindung auf auf ganzer Linie. Der LG-Monitor bietet eine brillantes Bild, eine hervorragende (!) Audio-Wiedergabe und ist fest mit unserer Peripherie verbunden. Sobald das MacBook angeschlossen wird, \u00fcbertr\u00e4gt das USB-C-Kabel nicht nur das Bild, das Audio-Signal und den Ladestrom, sondern stellt auch die Verbindungen zum Scanner, zum Drucker und zum Lightning-Kabel her, die stets mit dem Monitor verbunden sind. <\/p>\n<p>So zufrieden wir dem Hardware-Setup aktuell sind, so entt\u00e4uschend f\u00e4llt die Software aus. LGs Screen Manager &#8211; <a href=\"https:\/\/www.ifun.de\/ultrafine-monitore-das-ist-lgs-screen-manager-102157\/\">hier auf ifun.de besprochen<\/a> &#8211; haben wir nur installiert, um uns \u00fcber m\u00f6gliche Firmware-Aktualisierungen benachrichtigen zu lassen. <\/p>\n<p>Vor allem jedoch st\u00f6rt der komplizierte Zugriff auf die Bildschirm-Helligkeit des externen Monitors. Da LGs Ger\u00e4te auf Hardware-Tasten verzichten, ist man als Anwender entweder auf die Systemeinstellungen angewiesen (hier bietet die Sektion &#8222;Monitore&#8220; einen Helligkeitsregler an) oder auf die Tastenkombination CTRL+Heller. Diese arbeitet auf den LG-Monitoren aktuell jedoch mit einer so starken Verz\u00f6gerung, dass wir uns auf die Suche nach Alternativen gemacht haben. <\/p>\n<p><a href=\"https:\/\/images.ifun.de\/wp-content\/uploads\/2017\/01\/helligkeit-700.jpg\"><img loading=\"lazy\" decoding=\"async\" src=\"https:\/\/images.ifun.de\/wp-content\/uploads\/2017\/01\/helligkeit-700.jpg\" alt=\"Helligkeit 700\" width=\"700\" height=\"252\" class=\"aligncenter size-full wp-image-102510\" srcset=\"https:\/\/images.ifun.de\/wp-content\/uploads\/2017\/01\/helligkeit-700.jpg 700w, https:\/\/images.ifun.de\/wp-content\/uploads\/2017\/01\/helligkeit-700-300x108.jpg 300w\" sizes=\"auto, (max-width: 700px) 100vw, 700px\" \/><\/a><\/p>\n<p>Vorhang auf f\u00fcr die &#8222;<a href=\"https:\/\/github.com\/noestreich\/DDC-CI-Tools-for-OS-X\">LG UltraFine Helligkeit.app<\/a>&#8222;. Ein schnell zusammengeschraubtes Freeware-Projekt, dass <a href=\"https:\/\/github.com\/jontaylor\/DDC-CI-Tools-for-OS-X\">auf dem Code<\/a> von Jonathan Taylor basiert und einen einfachen Schieberegler zur Konfiguration der Display-Helligkeit anbietet. Die App k\u00f6nnt ihr <a href=\"https:\/\/github.com\/noestreich\/DDC-CI-Tools-for-OS-X\">hier aus dem Netz<\/a> laden und bei Bedarf auch mit anderen Monitoren testen. <\/p>\n<script>\r\n  function open_amazon(link) {\r\n    if (navigator.userAgent.indexOf(\"Firefox\") != -1) {\r\n      window.open(link, '_blank');\r\n    } else {\r\n      var tag = document.createElement('a');\r\n      tag.setAttribute('href', link);\r\n      tag.innerHTML = \"amzn\";\r\n      tag.click();\r\n    }\r\n  }\r\n<\/script>\r\n    <div id=\"article-single-amazon-preview\" onclick=\"return open_amazon('https:\/\/www.amazon.de\/dp\/B018G8E6BG?tag=musicweb02&linkCode=ogi&th=1&psc=1');\">\n  <div id=\"article-single-amazon-preview-header\">\n    <span class=\"title\">Produkthinweis<\/span>\n      <\/div>\n  <div id=\"article-single-amazon-preview-content\">\n    <div id=\"article-single-amazon-preview-img\" style=\"background: url('https:\/\/m.media-amazon.com\/images\/I\/316gQHtIt6L.jpg') center center no-repeat; background-size: cover;\"><\/div>\n    <div id=\"article-single-amazon-preview-desc\">\n      <span class=\"bezeichnung\"><a href=\"https:\/\/www.amazon.de\/dp\/B018G8E6BG?tag=musicweb02&linkCode=ogi&th=1&psc=1\" style=\"text-decoration: none; border-bottom: 0px; box-shadow: none;\">iQunix Edin for Macbook Pro\/Air ,Vertical Desktop Aluminium Adjustable Stand<\/a><\/span>\n      <span class=\"preis--aktuell\"><\/span>\n      <span class=\"preis--alt\"><\/span>\n    <\/div>\n  <\/div>\n<\/div>\n","protected":false},"excerpt":{"rendered":"<a href=\"https:\/\/www.ifun.de\/externer-monitor-am-mac-mini-app-regelt-die-helligkeit-102509\/\"><img width=\"150\" height=\"150\" src=\"https:\/\/images.ifun.de\/wp-content\/uploads\/2017\/01\/helligkeit-Feature-150x150.jpg\" class=\"alignright tfe wp-post-image\" alt=\"Helligkeit Feature\" decoding=\"async\" loading=\"lazy\" \/><\/a><p>Als bekennende Dock-Nutzer, haben wir eines unser neuen MacBook Pro-Modelle im iQunix Edin versenkt und nutzen dieses in Kombination mit dem 4K-Modell der von Apple angebotenen LG UltraFine Monitore. So umstritten Apples Entscheidung, ausschlie\u00dflich auf USB-C-Anschl\u00fcsse zu setzen, auch ausfallen mag: In Kombination mit dem LG-Monitor \u00fcberzeugt die simple Ein-Kabel-Verbindung auf auf ganzer Linie. Der [&hellip;]<\/p>\n","protected":false},"author":1,"featured_media":102511,"comment_status":"open","ping_status":"closed","sticky":false,"template":"","format":"standard","meta":{"_acf_changed":false,"footnotes":""},"categories":[16],"tags":[4737,70,879,6321,765],"class_list":["post-102509","post","type-post","status-publish","format-standard","has-post-thumbnail","hentry","category-mac","tag-apps","tag-download","tag-freeware","tag-mac","tag-monitor"],"acf":[],"aioseo_notices":[],"subheadline":["F\u00fcr unseren LG UltraFine"],"featured_image":["https:\/\/images.ifun.de\/wp-content\/uploads\/2017\/01\/Helligkeit-app-feature.jpg"],"rest_api_enabler":{"subheadline":"F\u00fcr unseren LG UltraFine","featured_image":"https:\/\/images.ifun.de\/wp-content\/uploads\/2017\/01\/Helligkeit-app-feature.jpg"},"_links":{"self":[{"href":"https:\/\/www.ifun.de\/apiv2\/wp\/v2\/posts\/102509","targetHints":{"allow":["GET"]}}],"collection":[{"href":"https:\/\/www.ifun.de\/apiv2\/wp\/v2\/posts"}],"about":[{"href":"https:\/\/www.ifun.de\/apiv2\/wp\/v2\/types\/post"}],"author":[{"embeddable":true,"href":"https:\/\/www.ifun.de\/apiv2\/wp\/v2\/users\/1"}],"replies":[{"embeddable":true,"href":"https:\/\/www.ifun.de\/apiv2\/wp\/v2\/comments?post=102509"}],"version-history":[{"count":3,"href":"https:\/\/www.ifun.de\/apiv2\/wp\/v2\/posts\/102509\/revisions"}],"predecessor-version":[{"id":102522,"href":"https:\/\/www.ifun.de\/apiv2\/wp\/v2\/posts\/102509\/revisions\/102522"}],"wp:featuredmedia":[{"embeddable":true,"href":"https:\/\/www.ifun.de\/apiv2\/wp\/v2\/media\/102511"}],"wp:attachment":[{"href":"https:\/\/www.ifun.de\/apiv2\/wp\/v2\/media?parent=102509"}],"wp:term":[{"taxonomy":"category","embeddable":true,"href":"https:\/\/www.ifun.de\/apiv2\/wp\/v2\/categories?post=102509"},{"taxonomy":"post_tag","embeddable":true,"href":"https:\/\/www.ifun.de\/apiv2\/wp\/v2\/tags?post=102509"}],"curies":[{"name":"wp","href":"https:\/\/api.w.org\/{rel}","templated":true}]}}