{"id":102296,"date":"2017-01-04T12:01:44","date_gmt":"2017-01-04T11:01:44","guid":{"rendered":"https:\/\/www.ifun.de\/?p=102296"},"modified":"2017-01-04T12:01:44","modified_gmt":"2017-01-04T11:01:44","slug":"velux-integra-bei-schlechter-luft-geht-das-fenster-auf","status":"publish","type":"post","link":"https:\/\/www.ifun.de\/velux-integra-bei-schlechter-luft-geht-das-fenster-auf-102296\/","title":{"rendered":"Velux Integra: Bei schlechter Luft geht das Fenster auf"},"content":{"rendered":"<p>Heimautomatisierung ist auf der derzeit in Las Vegas stattfindenden Elektronikmesse CES ein gro\u00dfes Thema. Der Fensterbauer Velux hat in diesem Rahmen eine interessante Erweiterung f\u00fcr seine automatischen Integra-Dachfenster vorgestellt. Diese sollen sich bei Bedarf k\u00fcnftig selbst\u00e4ndig zum L\u00fcften \u00f6ffnen.<\/p>\n<p><a href=\"https:\/\/images.ifun.de\/wp-content\/uploads\/2017\/01\/velux-active-smarthome.jpg\"><img loading=\"lazy\" decoding=\"async\" src=\"https:\/\/images.ifun.de\/wp-content\/uploads\/2017\/01\/velux-active-smarthome.jpg\" alt=\"Velux Active Smarthome\" width=\"500\" height=\"245\" class=\"alignnone size-full wp-image-102299\" srcset=\"https:\/\/images.ifun.de\/wp-content\/uploads\/2017\/01\/velux-active-smarthome.jpg 500w, https:\/\/images.ifun.de\/wp-content\/uploads\/2017\/01\/velux-active-smarthome-300x147.jpg 300w\" sizes=\"auto, (max-width: 500px) 100vw, 500px\" \/><\/a><\/p>\n<p>Basis f\u00fcr das neue System bilden die von <a href=\"http:\/\/www.velux.de\">Velux<\/a> lizensierten Sensoren aus der Netatmo-Wetterstation. Wenn der CO2-Wert, Luftfeuchtigkeit oder auch die Temperatur nicht in Ordnung ist, k\u00f6nnen die Fenster durch \u00d6ffnen bzw. Schlie\u00dfen automatisch reagieren. Auf der selben Basis will Velux seine Sonnenschutzl\u00f6sungen automatisieren. Erg\u00e4nzend wird sich das System auch \u00fcber eine App bedienen lassen.<\/p>\n<p><div class=\"responsive-video\"><iframe loading=\"lazy\" width=\"700\" height=\"394\" src=\"https:\/\/www.youtube-nocookie.com\/embed\/y7m93zxQmpA\" frameborder=\"0\" allowfullscreen><\/iframe><\/div><\/p>\n<p>Im Starterpack ist neben einer Basisstation und einer mit den Sensoren ausgestatteten Fernbedienungsoption auch ein \u201eIch geh weg\u201c-Schalter enthalten. Wird dieser gedr\u00fcckt, schlie\u00dfen sich alle verbundenen Fenster selbstt\u00e4tig.<\/p>\n<p>Die Integration basiert auf dem neu angek\u00fcndigten Partnerprogramm \u201eWith&nbsp;Netatmo\u201c. In Frankreich ist der Elektronikanbieter <a href=\"https:\/\/www.legrand.fr\">Legrand<\/a> diesbez\u00fcglich Premierenpartner von Netatmo. Legrand hat dort mit C\u00e9liane ein aus Schaltern und Steckdosen bestehendes Heimautomatisierungssystem vorgestellt, dass auch zu HomeKit und Amazons Alexa kompatibel sein wird. Informationen zu Preis und Verf\u00fcgbarkeit liegen uns noch nicht vor.<\/p>\n","protected":false},"excerpt":{"rendered":"<a href=\"https:\/\/www.ifun.de\/velux-integra-bei-schlechter-luft-geht-das-fenster-auf-102296\/\"><img width=\"150\" height=\"150\" src=\"https:\/\/images.ifun.de\/wp-content\/uploads\/2017\/01\/velux-fenster-150x150.jpg\" class=\"alignright tfe wp-post-image\" alt=\"Velux Fenster\" decoding=\"async\" loading=\"lazy\" \/><\/a><p>Heimautomatisierung ist auf der derzeit in Las Vegas stattfindenden Elektronikmesse CES ein gro\u00dfes Thema. Der Fensterbauer Velux hat in diesem Rahmen eine interessante Erweiterung f\u00fcr seine automatischen Integra-Dachfenster vorgestellt. Diese sollen sich bei Bedarf k\u00fcnftig selbst\u00e4ndig zum L\u00fcften \u00f6ffnen. Basis f\u00fcr das neue System bilden die von Velux lizensierten Sensoren aus der Netatmo-Wetterstation. Wenn der [&hellip;]<\/p>\n","protected":false},"author":2,"featured_media":102300,"comment_status":"open","ping_status":"closed","sticky":false,"template":"","format":"standard","meta":{"_acf_changed":false,"footnotes":""},"categories":[22],"tags":[1787,1572,3548],"class_list":["post-102296","post","type-post","status-publish","format-standard","has-post-thumbnail","hentry","category-zubehor","tag-netatmo","tag-smarthome","tag-velux"],"acf":[],"aioseo_notices":[],"subheadline":["Netatmo-Partnerschaft"],"featured_image":["https:\/\/images.ifun.de\/wp-content\/uploads\/2017\/01\/velux-fenster.jpg"],"rest_api_enabler":{"subheadline":"Netatmo-Partnerschaft","featured_image":"https:\/\/images.ifun.de\/wp-content\/uploads\/2017\/01\/velux-fenster.jpg"},"_links":{"self":[{"href":"https:\/\/www.ifun.de\/apiv2\/wp\/v2\/posts\/102296","targetHints":{"allow":["GET"]}}],"collection":[{"href":"https:\/\/www.ifun.de\/apiv2\/wp\/v2\/posts"}],"about":[{"href":"https:\/\/www.ifun.de\/apiv2\/wp\/v2\/types\/post"}],"author":[{"embeddable":true,"href":"https:\/\/www.ifun.de\/apiv2\/wp\/v2\/users\/2"}],"replies":[{"embeddable":true,"href":"https:\/\/www.ifun.de\/apiv2\/wp\/v2\/comments?post=102296"}],"version-history":[{"count":4,"href":"https:\/\/www.ifun.de\/apiv2\/wp\/v2\/posts\/102296\/revisions"}],"predecessor-version":[{"id":102302,"href":"https:\/\/www.ifun.de\/apiv2\/wp\/v2\/posts\/102296\/revisions\/102302"}],"wp:featuredmedia":[{"embeddable":true,"href":"https:\/\/www.ifun.de\/apiv2\/wp\/v2\/media\/102300"}],"wp:attachment":[{"href":"https:\/\/www.ifun.de\/apiv2\/wp\/v2\/media?parent=102296"}],"wp:term":[{"taxonomy":"category","embeddable":true,"href":"https:\/\/www.ifun.de\/apiv2\/wp\/v2\/categories?post=102296"},{"taxonomy":"post_tag","embeddable":true,"href":"https:\/\/www.ifun.de\/apiv2\/wp\/v2\/tags?post=102296"}],"curies":[{"name":"wp","href":"https:\/\/api.w.org\/{rel}","templated":true}]}}