{"id":102198,"date":"2017-01-02T07:57:47","date_gmt":"2017-01-02T06:57:47","guid":{"rendered":"https:\/\/www.ifun.de\/?p=102198"},"modified":"2017-01-02T07:57:47","modified_gmt":"2017-01-02T06:57:47","slug":"mediathekview-neustart-fuer-den-mediatheken-downloader","status":"publish","type":"post","link":"https:\/\/www.ifun.de\/mediathekview-neustart-fuer-den-mediatheken-downloader-102198\/","title":{"rendered":"MediathekView: Neustart f\u00fcr den Mediatheken-Downloader"},"content":{"rendered":"<p>Nach dem durchwachsenen Jahresabschluss, der beinahe das Aus f\u00fcr die plattform\u00fcbergreifende Freeware-Anwendung <a href=\"https:\/\/mediathekview.de\/\">MediathekView<\/a> bedeutet h\u00e4tte &#8211; ifun.de <a href=\"https:\/\/www.ifun.de\/mediathekview-in-70-tagen-ist-schluss-99106\/\">berichtete<\/a> <a href=\"https:\/\/www.ifun.de\/mac-app-mediathekview-fortbestehen-doch-gesichert-99180\/\">damals<\/a> <a href=\"https:\/\/www.ifun.de\/zum-tatort-jubilaeum-mediathekview-wird-weiterentwickelt-100093\/\">ausf\u00fchrlich<\/a> &#8211; startet der Download zum kombinierten Zugriff auf die Online-Mediatheken der \u00d6ffentlich-Rechtlichen jetzt neu durch.<\/p>\n<p><a href=\"https:\/\/images.ifun.de\/wp-content\/uploads\/2016\/08\/land.jpg\"><img loading=\"lazy\" decoding=\"async\" class=\"aligncenter size-full wp-image-96179\" src=\"https:\/\/images.ifun.de\/wp-content\/uploads\/2016\/08\/land.jpg\" alt=\"Land\" width=\"500\" height=\"214\" srcset=\"https:\/\/images.ifun.de\/wp-content\/uploads\/2016\/08\/land.jpg 500w, https:\/\/images.ifun.de\/wp-content\/uploads\/2016\/08\/land-300x128.jpg 300w\" sizes=\"auto, (max-width: 500px) 100vw, 500px\" \/><\/a><\/p>\n<p>So pr\u00e4sentiert sich die f\u00fcr Windows, Mac und Linux verf\u00fcgbare App jetzt nicht nur auf der neuen Webseite <a href=\"https:\/\/mediathekview.de\/\">mediathekview.de<\/a>, sonder legt mit Version 13 auch eine gro\u00dfe Aktualisierung vor, die neben dem nativen Vollbildmodus f\u00fcr macOS zahlreiche Funktionserweiterungen mitbringt.<\/p>\n<p>Aktuell scheint der DMG-Download f\u00fcr Mac-Anwender zwar noch mit leichten Problemen zu k\u00e4mpfen &#8211; bis diese aus der Welt ger\u00e4umt wurden k\u00f6nnt ihr jedoch zum <a href=\"https:\/\/mediathekview.de\/download\/\">tar.gz-Download<\/a> greifen und einfach die hier inkludierte &#8222;MediathekView.jar&#8220; mit einem Doppelklick starten.<\/p>\n<p><a href=\"https:\/\/images.ifun.de\/wp-content\/uploads\/2016\/08\/mediathek.jpg\"><img loading=\"lazy\" decoding=\"async\" class=\"aligncenter size-full wp-image-96178\" src=\"https:\/\/images.ifun.de\/wp-content\/uploads\/2016\/08\/mediathek.jpg\" alt=\"Mediathek\" width=\"700\" height=\"427\" srcset=\"https:\/\/images.ifun.de\/wp-content\/uploads\/2016\/08\/mediathek.jpg 700w, https:\/\/images.ifun.de\/wp-content\/uploads\/2016\/08\/mediathek-300x183.jpg 300w\" sizes=\"auto, (max-width: 700px) 100vw, 700px\" \/><\/a><\/p>\n<h2>MediathekView v.13: Die Neuerungen im \u00dcberblick:<\/h2>\n<ul>\n<li>die interne Verarbeitung der Einstellungen ist \u00fcberarbeitet, (Farben m\u00fcssen neu eingerichtet werden),<\/li>\n<li>Restart der Downloads (nur direkte Downloads die das Programm selbst abwickelt)<\/li>\n<li>Anzahl Button (Tab Filme) l\u00e4sst sich einstellen<\/li>\n<li>Dialog Bandbreite\/Filminfo k\u00f6nnen mit Klick rechte Maus Randlos und nicht mehr onTop angezeigt werden<\/li>\n<li>Neuer Filter &#8222;nur UT&#8220;<\/li>\n<li>Tab Filme: mehrere Downloads lassen sich gemeinsam starten<\/li>\n<li>Filter max Dauer: der Filter Dauer kann jetzt Mindest- oder Maxdauer sein, ist auch im Abo m\u00f6glich<\/li>\n<li>die Sortierung der Tabelle (Tab Filme) wird im Filter mit gespeichert<\/li>\n<li>Tab Abo: \u00c4ndern geht jetzt auch gleichzeitig von mehren Abos<\/li>\n<li>OSX Fullscreen support<\/li>\n<\/ul>\n","protected":false},"excerpt":{"rendered":"<a href=\"https:\/\/www.ifun.de\/mediathekview-neustart-fuer-den-mediatheken-downloader-102198\/\"><img decoding=\"async\" width=\"150\" src=\"https:\/\/images.ifun.de\/wp-content\/uploads\/2016\/08\/land.jpg\" class=\"alignright wp-post-image tfe\" alt=\"Land\" title=\"\" \/><\/a><p>Nach dem durchwachsenen Jahresabschluss, der beinahe das Aus f\u00fcr die plattform\u00fcbergreifende Freeware-Anwendung MediathekView bedeutet h\u00e4tte &#8211; ifun.de berichtete damals ausf\u00fchrlich &#8211; startet der Download zum kombinierten Zugriff auf die Online-Mediatheken der \u00d6ffentlich-Rechtlichen jetzt neu durch. So pr\u00e4sentiert sich die f\u00fcr Windows, Mac und Linux verf\u00fcgbare App jetzt nicht nur auf der neuen Webseite mediathekview.de, sonder [&hellip;]<\/p>\n","protected":false},"author":1,"featured_media":0,"comment_status":"open","ping_status":"closed","sticky":false,"template":"","format":"standard","meta":{"_acf_changed":false,"footnotes":""},"categories":[5],"tags":[70,58,6321,52,59],"class_list":["post-102198","post","type-post","status-publish","format-standard","hentry","category-apps","tag-download","tag-fernsehen","tag-mac","tag-software","tag-tv"],"acf":[],"aioseo_notices":[],"featured_image":["https:\/\/images.ifun.de\/wp-content\/uploads\/2016\/08\/mediathek-f.jpg"],"subheadline":["ARD, ZDF, ARTE und Co."],"rest_api_enabler":{"featured_image":"https:\/\/images.ifun.de\/wp-content\/uploads\/2016\/08\/mediathek-f.jpg","subheadline":"ARD, ZDF, ARTE und Co."},"_links":{"self":[{"href":"https:\/\/www.ifun.de\/apiv2\/wp\/v2\/posts\/102198","targetHints":{"allow":["GET"]}}],"collection":[{"href":"https:\/\/www.ifun.de\/apiv2\/wp\/v2\/posts"}],"about":[{"href":"https:\/\/www.ifun.de\/apiv2\/wp\/v2\/types\/post"}],"author":[{"embeddable":true,"href":"https:\/\/www.ifun.de\/apiv2\/wp\/v2\/users\/1"}],"replies":[{"embeddable":true,"href":"https:\/\/www.ifun.de\/apiv2\/wp\/v2\/comments?post=102198"}],"version-history":[{"count":1,"href":"https:\/\/www.ifun.de\/apiv2\/wp\/v2\/posts\/102198\/revisions"}],"predecessor-version":[{"id":102199,"href":"https:\/\/www.ifun.de\/apiv2\/wp\/v2\/posts\/102198\/revisions\/102199"}],"wp:attachment":[{"href":"https:\/\/www.ifun.de\/apiv2\/wp\/v2\/media?parent=102198"}],"wp:term":[{"taxonomy":"category","embeddable":true,"href":"https:\/\/www.ifun.de\/apiv2\/wp\/v2\/categories?post=102198"},{"taxonomy":"post_tag","embeddable":true,"href":"https:\/\/www.ifun.de\/apiv2\/wp\/v2\/tags?post=102198"}],"curies":[{"name":"wp","href":"https:\/\/api.w.org\/{rel}","templated":true}]}}