{"id":102008,"date":"2016-12-27T07:01:27","date_gmt":"2016-12-27T06:01:27","guid":{"rendered":"https:\/\/www.ifun.de\/?p=102008"},"modified":"2016-12-27T07:04:47","modified_gmt":"2016-12-27T06:04:47","slug":"apple-store-koeln-wenn-das-mal-nicht-die-vorbereitung-fuers-apfel-logo-ist","status":"publish","type":"post","link":"https:\/\/www.ifun.de\/apple-store-koeln-wenn-das-mal-nicht-die-vorbereitung-fuers-apfel-logo-ist-102008\/","title":{"rendered":"Apple Store K\u00f6ln: Wenn das mal nicht die Vorbereitung f\u00fcrs Apfel-Logo ist"},"content":{"rendered":"<p>Zum Start in die letzte Woche des Jahres 2016 zun\u00e4chst ein Gru\u00df nach K\u00f6ln. Falls ihr euch fragt, wo denn dort das Apple-Logo montiert werden k\u00f6nnte, lohnt ein Blick das Bild unten. Die eigent\u00fcmliche Anordnung der Bohrungen l\u00e4sst sich kaum anders deuten.<\/p>\n<p><a href=\"https:\/\/images.ifun.de\/wp-content\/uploads\/2016\/12\/apple-store-koeln-logo-halterung.jpg\"><img loading=\"lazy\" decoding=\"async\" src=\"https:\/\/images.ifun.de\/wp-content\/uploads\/2016\/12\/apple-store-koeln-logo-halterung.jpg\" alt=\"Apple Store Koeln Logo Halterung\" width=\"500\" height=\"889\" class=\"alignnone size-full wp-image-102014\" srcset=\"https:\/\/images.ifun.de\/wp-content\/uploads\/2016\/12\/apple-store-koeln-logo-halterung.jpg 500w, https:\/\/images.ifun.de\/wp-content\/uploads\/2016\/12\/apple-store-koeln-logo-halterung-169x300.jpg 169w\" sizes=\"auto, (max-width: 500px) 100vw, 500px\" \/><\/a><\/p>\n<h6>Bild: <a href=\"https:\/\/twitter.com\/barte9\/status\/813456705988259840\">@barte9<\/a>, via <a href=\"https:\/\/twitter.com\/storetellee\/status\/813472648671928320\">Storeteller<\/a><\/h6>\n<p>Laut unserem aktuellen Kenntnisstand ist die Er\u00f6ffnung der Apple-Filiale in der K\u00f6lner Schildergasse derzeit sp\u00e4testens Anfang Februar 2017 geplant. Apple selbst sieht wie \u00fcblich davon ab, einen Termin, geschweige die kommende 15. deutsche Filiale \u00fcberhaupt zu best\u00e4tigen. Zweifel daran, dass Apple hinter den Umbauarbeiten in K\u00f6ln steckt, gibt es allerdings kaum noch.<\/p>\n<p>Das sogenannte Pohland-Haus in der K\u00f6lner Schildergasse 49 hat seinen Namen von dem dort Ende 2013 ausgezogenen Herrenausstatter. Mit den Umbauarbeiten wurde Anfang 2014 begonnen, zwischenzeitlich waren im M\u00e4rz letzten Jahres dort sogar mal die charakteristischen \u201eApple-Tische\u201c <a href=\"https:\/\/www.ifun.de\/neuer-apple-store-in-koeln-im-pohland-haus-stehen-die-tische-74070\/\">zu sehen<\/a> &#8211; dem Vernehmen nach allerdings nur f\u00fcr \u201eVisualisierungszwecke\u201c.<\/p>\n<p><a href=\"https:\/\/images.ifun.de\/wp-content\/uploads\/2016\/12\/pohland-haus-koeln.jpg\"><img loading=\"lazy\" decoding=\"async\" src=\"https:\/\/images.ifun.de\/wp-content\/uploads\/2016\/12\/pohland-haus-koeln.jpg\" alt=\"Pohland Haus Koeln\" width=\"700\" height=\"934\" class=\"alignnone size-full wp-image-102010\" srcset=\"https:\/\/images.ifun.de\/wp-content\/uploads\/2016\/12\/pohland-haus-koeln.jpg 700w, https:\/\/images.ifun.de\/wp-content\/uploads\/2016\/12\/pohland-haus-koeln-225x300.jpg 225w\" sizes=\"auto, (max-width: 700px) 100vw, 700px\" \/><\/a><\/p>\n<p><h8>Vielen Dank an @barte9, Claus, Peter und Christian f\u00fcr die Fotos!<\/h8><\/p>\n","protected":false},"excerpt":{"rendered":"<a href=\"https:\/\/www.ifun.de\/apple-store-koeln-wenn-das-mal-nicht-die-vorbereitung-fuers-apfel-logo-ist-102008\/\"><img width=\"150\" height=\"150\" src=\"https:\/\/images.ifun.de\/wp-content\/uploads\/2016\/12\/pohland-haus-koeln-150x150.jpg\" class=\"alignright tfe wp-post-image\" alt=\"Pohland Haus Koeln\" decoding=\"async\" loading=\"lazy\" \/><\/a><p>Zum Start in die letzte Woche des Jahres 2016 zun\u00e4chst ein Gru\u00df nach K\u00f6ln. Falls ihr euch fragt, wo denn dort das Apple-Logo montiert werden k\u00f6nnte, lohnt ein Blick das Bild unten. Die eigent\u00fcmliche Anordnung der Bohrungen l\u00e4sst sich kaum anders deuten. Bild: @barte9, via Storeteller Laut unserem aktuellen Kenntnisstand ist die Er\u00f6ffnung der Apple-Filiale [&hellip;]<\/p>\n","protected":false},"author":2,"featured_media":102010,"comment_status":"open","ping_status":"closed","sticky":false,"template":"","format":"standard","meta":{"_acf_changed":false,"footnotes":""},"categories":[3],"tags":[49,350],"class_list":["post-102008","post","type-post","status-publish","format-standard","has-post-thumbnail","hentry","category-apple","tag-apple-store","tag-koln"],"acf":[],"aioseo_notices":[],"subheadline":["Pohland-Haus vor der Er\u00f6ffnung"],"featured_image":["https:\/\/images.ifun.de\/wp-content\/uploads\/2016\/11\/koeln-apple-store-header.jpg"],"rest_api_enabler":{"subheadline":"Pohland-Haus vor der Er\u00f6ffnung","featured_image":"https:\/\/images.ifun.de\/wp-content\/uploads\/2016\/11\/koeln-apple-store-header.jpg"},"_links":{"self":[{"href":"https:\/\/www.ifun.de\/apiv2\/wp\/v2\/posts\/102008","targetHints":{"allow":["GET"]}}],"collection":[{"href":"https:\/\/www.ifun.de\/apiv2\/wp\/v2\/posts"}],"about":[{"href":"https:\/\/www.ifun.de\/apiv2\/wp\/v2\/types\/post"}],"author":[{"embeddable":true,"href":"https:\/\/www.ifun.de\/apiv2\/wp\/v2\/users\/2"}],"replies":[{"embeddable":true,"href":"https:\/\/www.ifun.de\/apiv2\/wp\/v2\/comments?post=102008"}],"version-history":[{"count":5,"href":"https:\/\/www.ifun.de\/apiv2\/wp\/v2\/posts\/102008\/revisions"}],"predecessor-version":[{"id":102016,"href":"https:\/\/www.ifun.de\/apiv2\/wp\/v2\/posts\/102008\/revisions\/102016"}],"wp:featuredmedia":[{"embeddable":true,"href":"https:\/\/www.ifun.de\/apiv2\/wp\/v2\/media\/102010"}],"wp:attachment":[{"href":"https:\/\/www.ifun.de\/apiv2\/wp\/v2\/media?parent=102008"}],"wp:term":[{"taxonomy":"category","embeddable":true,"href":"https:\/\/www.ifun.de\/apiv2\/wp\/v2\/categories?post=102008"},{"taxonomy":"post_tag","embeddable":true,"href":"https:\/\/www.ifun.de\/apiv2\/wp\/v2\/tags?post=102008"}],"curies":[{"name":"wp","href":"https:\/\/api.w.org\/{rel}","templated":true}]}}