{"id":101771,"date":"2016-12-20T11:03:11","date_gmt":"2016-12-20T10:03:11","guid":{"rendered":"https:\/\/www.ifun.de\/?p=101771"},"modified":"2016-12-20T11:58:57","modified_gmt":"2016-12-20T10:58:57","slug":"glaskuppel-auf-dem-stuttgarter-marktplatz-apple-hatte-angeblich-interesse-am-bunker-hotel","status":"publish","type":"post","link":"https:\/\/www.ifun.de\/glaskuppel-auf-dem-stuttgarter-marktplatz-apple-hatte-angeblich-interesse-am-bunker-hotel-101771\/","title":{"rendered":"Glaskuppel auf dem Stuttgarter Marktplatz: Apple hatte angeblich Interesse am &#8222;Bunker-Hotel&#8220;"},"content":{"rendered":"<p>Stuttgart wartet weiterhin auf einen zentralen Apple Store, die n\u00e4chstgelegene Apple-Filiale befindet sich im rund 20 Kilometer entfernten Sindelfingen. Ein Zustand, mit dem auch Apple selbst nicht zufrieden ist. In den letzten Jahren wurden mehrere Standorte in der Stuttgarter City wieder verworfen. Teils waren die Planungen hier bereits deutlich vorangeschritten, so soll Apple den geplanten Einzug ins Einkaufszentrum Milaneo auf Basis einer \u201eNotausstiegsklausel\u201c verworfen haben &#8211; angeblich war das Unternehmen mit dem Umfeld nicht zufrieden.<\/p>\n<p><a href=\"https:\/\/images.ifun.de\/wp-content\/uploads\/2016\/12\/glasprisma-marktplatz-stuttgart-detail.jpg\"><img loading=\"lazy\" decoding=\"async\" src=\"https:\/\/images.ifun.de\/wp-content\/uploads\/2016\/12\/glasprisma-marktplatz-stuttgart-detail.jpg\" alt=\"Glasprisma Marktplatz Stuttgart Detail\" width=\"500\" height=\"327\" class=\"alignnone size-full wp-image-101773\" srcset=\"https:\/\/images.ifun.de\/wp-content\/uploads\/2016\/12\/glasprisma-marktplatz-stuttgart-detail.jpg 500w, https:\/\/images.ifun.de\/wp-content\/uploads\/2016\/12\/glasprisma-marktplatz-stuttgart-detail-300x196.jpg 300w\" sizes=\"auto, (max-width: 500px) 100vw, 500px\" \/><\/a><\/p>\n<h6>Bilder: <a href=\"https:\/\/commons.wikimedia.org\/w\/index.php?curid=34708749\">NRarchitect<\/a><\/h6>\n<p>Auf der Suche nach einer repr\u00e4sentativen Niederlassung in der baden-w\u00fcrttembergischen Landeshauptstadt war zumindest zeitweise wohl auch eine unterirdische, \u00e4hnlich dem Apple Store in der New Yorker 5th Avenue mit einem gl\u00e4sernen Eingang ausgestattete Filiale im Gespr\u00e4ch. Angeblich war Apple bereit, f\u00fcr einen entsprechenden Ausbau der unter dem Stuttgarter Marktplatz liegenden Bunkerr\u00e4ume einen dreistelligen Millionenbetrag zu investieren. Die Zuverl\u00e4ssigkeit der Quelle hinter dieser Informationen k\u00f6nnen wir leider nicht \u00fcberpr\u00fcfen, grunds\u00e4tzlich sollte die Person aber die M\u00f6glichkeit haben, entsprechendes Insiderwissen zu erlangen.<\/p>\n<p>Die \u00d6rtlichkeit w\u00fcrde jedenfalls perfekt ins Apple-Portfolio passen. Der <a href=\"http:\/\/www.schutzbauten-stuttgart.de\/de-de\/bauwerke\/tiefbunker\/bw1marktplatzbunker.aspx\">Stuttgarter Marktplatzbunker<\/a> wurde nach dem Krieg noch zeitweise als Hotel genutzt und steht seit 1985 gr\u00f6\u00dftenteils leer. Ein Apple Store mit gl\u00e4sernem Eingang w\u00e4re zumindest indirekt die Realisierung eines bereits vorhandenen Architektenentwurfs. Das Stuttgarter B\u00fcro <a href=\"http:\/\/www.neugebauer-roesch.de\">Neugebauer und R\u00f6sch<\/a> hatte bereits 1995 eine unterirdische Einkaufsmeile mit einem 31 Meter langen und 14 Meter hohen Glasprisma als Eingang <a href=\"http:\/\/www.stadtanzeiger-im-netz.de\/lokales\/eppli-will-bunker-beleben\">vorgeschlagen<\/a> und mit diesem Entwurf einen inoffiziellen Realisierungswettbewerb gewonnen.<\/p>\n<h2>Kein Interesse seitens der Stadtverwaltung<\/h2>\n<p>Ebenso wie damals zeigt man sich im Stuttgarter Rathaus derartigen Pl\u00e4nen gegen\u00fcber angeblich auch heute noch abgeneigt. Gegen den Bau spricht auch die Tatsache, dass vor zehn Jahren im Rahmen eines Ideenwettbewerbs beschlossen wurde, den Marktplatz unver\u00e4ndert zu erhalten. Dies schlie\u00dft nat\u00fcrlich nicht zwingend aus, dass sich die Stadt ihre Haltung korrigiert, wenn ein Investor wie Apple mit dem Geldbeutel winkt. Der Einsch\u00e4tzung des Initiators des \u00e4lteren inoffiziellen Wettbewerbs, die Realisierung seiner Idee w\u00fcrde Stuttgart zu einem neuen Besuchermagnet und Wahrzeichen verhelfen, ist kaum zu widersprechen. Aktuell jedoch, so unsere Quelle, habe die Stadtverwaltung kein Interesse daran, dass direkt gegen\u00fcber dem Stuttgarter Rathaus ein dickes Apple-Logo prangt.<img loading=\"lazy\" decoding=\"async\" src=\"http:\/\/vg03.met.vgwort.de\/na\/f09f82d6ba3844c591260d1a5aa0a274\" width=\"1\" height=\"1\" class=\"tracking\"><\/p>\n","protected":false},"excerpt":{"rendered":"<a href=\"https:\/\/www.ifun.de\/glaskuppel-auf-dem-stuttgarter-marktplatz-apple-hatte-angeblich-interesse-am-bunker-hotel-101771\/\"><img width=\"150\" height=\"150\" src=\"https:\/\/images.ifun.de\/wp-content\/uploads\/2016\/12\/glasprisma-marktplatz-stuttgart-150x150.jpg\" class=\"alignright tfe wp-post-image\" alt=\"Glasprisma Marktplatz Stuttgart\" decoding=\"async\" loading=\"lazy\" \/><\/a><p>Stuttgart wartet weiterhin auf einen zentralen Apple Store, die n\u00e4chstgelegene Apple-Filiale befindet sich im rund 20 Kilometer entfernten Sindelfingen. Ein Zustand, mit dem auch Apple selbst nicht zufrieden ist. In den letzten Jahren wurden mehrere Standorte in der Stuttgarter City wieder verworfen. Teils waren die Planungen hier bereits deutlich vorangeschritten, so soll Apple den geplanten [&hellip;]<\/p>\n","protected":false},"author":2,"featured_media":101774,"comment_status":"open","ping_status":"closed","sticky":false,"template":"","format":"standard","meta":{"_acf_changed":false,"footnotes":""},"categories":[3],"tags":[49,245],"class_list":["post-101771","post","type-post","status-publish","format-standard","has-post-thumbnail","hentry","category-apple","tag-apple-store","tag-stuttgart"],"acf":[],"aioseo_notices":[],"featured_image":["https:\/\/images.ifun.de\/wp-content\/uploads\/2016\/12\/glasprisma-marktplatz-stuttgart.jpg"],"rest_api_enabler":{"featured_image":"https:\/\/images.ifun.de\/wp-content\/uploads\/2016\/12\/glasprisma-marktplatz-stuttgart.jpg"},"_links":{"self":[{"href":"https:\/\/www.ifun.de\/apiv2\/wp\/v2\/posts\/101771","targetHints":{"allow":["GET"]}}],"collection":[{"href":"https:\/\/www.ifun.de\/apiv2\/wp\/v2\/posts"}],"about":[{"href":"https:\/\/www.ifun.de\/apiv2\/wp\/v2\/types\/post"}],"author":[{"embeddable":true,"href":"https:\/\/www.ifun.de\/apiv2\/wp\/v2\/users\/2"}],"replies":[{"embeddable":true,"href":"https:\/\/www.ifun.de\/apiv2\/wp\/v2\/comments?post=101771"}],"version-history":[{"count":7,"href":"https:\/\/www.ifun.de\/apiv2\/wp\/v2\/posts\/101771\/revisions"}],"predecessor-version":[{"id":101780,"href":"https:\/\/www.ifun.de\/apiv2\/wp\/v2\/posts\/101771\/revisions\/101780"}],"wp:featuredmedia":[{"embeddable":true,"href":"https:\/\/www.ifun.de\/apiv2\/wp\/v2\/media\/101774"}],"wp:attachment":[{"href":"https:\/\/www.ifun.de\/apiv2\/wp\/v2\/media?parent=101771"}],"wp:term":[{"taxonomy":"category","embeddable":true,"href":"https:\/\/www.ifun.de\/apiv2\/wp\/v2\/categories?post=101771"},{"taxonomy":"post_tag","embeddable":true,"href":"https:\/\/www.ifun.de\/apiv2\/wp\/v2\/tags?post=101771"}],"curies":[{"name":"wp","href":"https:\/\/api.w.org\/{rel}","templated":true}]}}