{"id":101605,"date":"2016-12-15T14:31:43","date_gmt":"2016-12-15T13:31:43","guid":{"rendered":"https:\/\/www.ifun.de\/?p=101605"},"modified":"2016-12-15T14:32:11","modified_gmt":"2016-12-15T13:32:11","slug":"im-video-cook-und-musk-treffen-trump-und-seine-kinder","status":"publish","type":"post","link":"https:\/\/www.ifun.de\/im-video-cook-und-musk-treffen-trump-und-seine-kinder-101605\/","title":{"rendered":"Im Video: Cook und Musk treffen Trump und seine Kinder"},"content":{"rendered":"<p>\u00dcber die Einladung, die Amerikas zuk\u00fcnftiger Pr\u00e4sident den Chefs der gro\u00dfen amerikanischen IT-Unternehmen hat zukommen lassen, konnten wir bereits <a href=\"https:\/\/www.ifun.de\/am-mittwoch-tim-cook-und-larry-page-treffen-sich-mit-donald-trump-101410\/\">berichten<\/a>. Gestern nun fand das formlose Meeting zum Antrittsbesuch des neuen Pr\u00e4sidenten im Trump Tower statt &#8211; mittlerweile liegen die ersten Bewegtbilder des Zusammentreffens vor. Ein Treffen, an dem \u00fcbrigens nicht nur der Milliard\u00e4rs, sein Vize und die geladenen Silicon Valley-Spitzen, sondern auch die beiden \u00e4ltesten Kinder Trumps teilgenommen haben.<\/p>\n<p><a href=\"https:\/\/images.ifun.de\/wp-content\/uploads\/2016\/12\/sitzordnung.jpg\"><img loading=\"lazy\" decoding=\"async\" class=\"aligncenter size-full wp-image-101606\" src=\"https:\/\/images.ifun.de\/wp-content\/uploads\/2016\/12\/sitzordnung.jpg\" alt=\"Sitzordnung\" width=\"500\" height=\"463\" srcset=\"https:\/\/images.ifun.de\/wp-content\/uploads\/2016\/12\/sitzordnung.jpg 500w, https:\/\/images.ifun.de\/wp-content\/uploads\/2016\/12\/sitzordnung-300x278.jpg 300w\" sizes=\"auto, (max-width: 500px) 100vw, 500px\" \/><\/a><\/p>\n<h6><a href=\"http:\/\/www.wsj.com\/articles\/top-tech-execs-to-meet-trump-to-talk-jobs-regulations-1481724004\">Das Wall Street Journal zeigt die Sitzordnung<\/a><\/h6>\n<p>Schon im Vorfeld des Gipfels wurden Ger\u00fcchte laut, dass es das Team-Trump nicht leicht gehabt haben soll, die G\u00e4ste zum Mitwirken an dem, schon unter Obama kultivierten IT-Treffen mit der US-Regierung, zu \u00fcberzeugen.<\/p>\n<p>Apple Chef Tim Cook erschien trotz \u00f6ffentlich ge\u00e4u\u00dferter Kritik dennoch. Wir erinnern uns: Der designierte US-Pr\u00e4sident hatte den iPhone-Produzenten im Wahlkampf mehrfach angegriffen und unter anderem zu einem Boykott Apples aufgerufen, da sich das Unternehmen im Fall des \u201eSan Bernardino\u201c-Ger\u00e4tes gegen eine kritiklose Kooperation mit den amerikanischen Strafverfolgungsbeh\u00f6rden aussprach.<\/p>\n<p>Das Wall Street Journal <a href=\"http:\/\/www.wsj.com\/articles\/transcript-trumps-introductory-remarks-with-tech-executives-1481754651\">hat ein Transkript<\/a> des \u00f6ffentlichen Teils der Veranstaltung ver\u00f6ffentlicht und druckt unter anderem die Vorstellung des Apple-Chefs ab, der im Gegensatz zu anderen Teilnehmern auf die Nennung seiner Firma verzichtet hat.<\/p>\n<blockquote><p>\u201cTim Cook, very good to be here. And I look very forward to talking to the president-elect about the things that we can do to help you achieve some things you want.\u201d<\/p><\/blockquote>\n<p>&#8222;Some things&#8220; wohlgemerkt. Substanzielle Ergebnisse, die Inhalte der <a href=\"http:\/\/www.nytimes.com\/2016\/12\/14\/technology\/trump-tech-summit.html\">hoffentlich produktiv<\/a> verlaufenen Gespr\u00e4che und etwaige Konsens-Meinungen wurden leider nicht ver\u00f6ffentlicht .<\/p>\n<p><div class=\"responsive-video\"><iframe loading=\"lazy\" src=\"https:\/\/www.youtube-nocookie.com\/embed\/W2pU-70CqyE\" width=\"700\" height=\"371\" frameborder=\"0\" allowfullscreen=\"allowfullscreen\"><\/iframe><\/div><\/p>\n","protected":false},"excerpt":{"rendered":"<a href=\"https:\/\/www.ifun.de\/im-video-cook-und-musk-treffen-trump-und-seine-kinder-101605\/\"><img width=\"150\" height=\"150\" src=\"https:\/\/images.ifun.de\/wp-content\/uploads\/2016\/12\/trumpo-150x150.jpg\" class=\"alignright tfe wp-post-image\" alt=\"Trumpo\" decoding=\"async\" loading=\"lazy\" \/><\/a><p>\u00dcber die Einladung, die Amerikas zuk\u00fcnftiger Pr\u00e4sident den Chefs der gro\u00dfen amerikanischen IT-Unternehmen hat zukommen lassen, konnten wir bereits berichten. Gestern nun fand das formlose Meeting zum Antrittsbesuch des neuen Pr\u00e4sidenten im Trump Tower statt &#8211; mittlerweile liegen die ersten Bewegtbilder des Zusammentreffens vor. Ein Treffen, an dem \u00fcbrigens nicht nur der Milliard\u00e4rs, sein Vize [&hellip;]<\/p>\n","protected":false},"author":1,"featured_media":101607,"comment_status":"open","ping_status":"closed","sticky":false,"template":"","format":"standard","meta":{"_acf_changed":false,"footnotes":""},"categories":[3],"tags":[614,3504],"class_list":["post-101605","post","type-post","status-publish","format-standard","has-post-thumbnail","hentry","category-apple","tag-tim-cook","tag-trump"],"acf":[],"aioseo_notices":[],"featured_image":["https:\/\/images.ifun.de\/wp-content\/uploads\/2016\/12\/trumpo.jpg"],"subheadline":["\"...some things you want.\""],"rest_api_enabler":{"featured_image":"https:\/\/images.ifun.de\/wp-content\/uploads\/2016\/12\/trumpo.jpg","subheadline":"\"...some things you want.\""},"_links":{"self":[{"href":"https:\/\/www.ifun.de\/apiv2\/wp\/v2\/posts\/101605","targetHints":{"allow":["GET"]}}],"collection":[{"href":"https:\/\/www.ifun.de\/apiv2\/wp\/v2\/posts"}],"about":[{"href":"https:\/\/www.ifun.de\/apiv2\/wp\/v2\/types\/post"}],"author":[{"embeddable":true,"href":"https:\/\/www.ifun.de\/apiv2\/wp\/v2\/users\/1"}],"replies":[{"embeddable":true,"href":"https:\/\/www.ifun.de\/apiv2\/wp\/v2\/comments?post=101605"}],"version-history":[{"count":1,"href":"https:\/\/www.ifun.de\/apiv2\/wp\/v2\/posts\/101605\/revisions"}],"predecessor-version":[{"id":101608,"href":"https:\/\/www.ifun.de\/apiv2\/wp\/v2\/posts\/101605\/revisions\/101608"}],"wp:featuredmedia":[{"embeddable":true,"href":"https:\/\/www.ifun.de\/apiv2\/wp\/v2\/media\/101607"}],"wp:attachment":[{"href":"https:\/\/www.ifun.de\/apiv2\/wp\/v2\/media?parent=101605"}],"wp:term":[{"taxonomy":"category","embeddable":true,"href":"https:\/\/www.ifun.de\/apiv2\/wp\/v2\/categories?post=101605"},{"taxonomy":"post_tag","embeddable":true,"href":"https:\/\/www.ifun.de\/apiv2\/wp\/v2\/tags?post=101605"}],"curies":[{"name":"wp","href":"https:\/\/api.w.org\/{rel}","templated":true}]}}