{"id":10143,"date":"2011-03-02T19:28:47","date_gmt":"2011-03-02T18:28:47","guid":{"rendered":"http:\/\/www.ifun.de\/?p=10143"},"modified":"2011-03-02T20:31:38","modified_gmt":"2011-03-02T19:31:38","slug":"apple-stellt-ipad-2-vor-dunner-schneller-2-kameras-und-in-weis","status":"publish","type":"post","link":"https:\/\/www.ifun.de\/apple-stellt-ipad-2-vor-dunner-schneller-2-kameras-und-in-weis-10143\/","title":{"rendered":"Apple stellt iPad 2 vor: D\u00fcnner, schneller, 2 Kameras und in wei\u00df"},"content":{"rendered":"<p>Apple hat heute das <a href=\"http:\/\/www.apple.com\/de\/ipad\/\">iPad 2<\/a> vorgestellt. Das neue Modell kommt komplett \u00fcberarbeitet noch im M\u00e4rz in den Handel. Nur noch zwei Drittel so dick wie das Vorg\u00e4ngermodell kommt das neue iPad mit einem deutlich schnelleren A5-Prozessor und zwei Kameras. Dar\u00fcber hinaus wird das iPad fortan nicht mehr nur in schwarz sondern auch mit wei\u00dfer Bildschirmumrandung erh\u00e4ltlich sein.<\/p>\n<p><img loading=\"lazy\" decoding=\"async\" src=\"http:\/\/images.ifun.de\/wp-content\/uploads\/2011\/03\/ipad2.jpg\" alt=\"\" title=\"ipad2\" width=\"464\" height=\"224\" class=\"alignnone size-full wp-image-10152\" srcset=\"https:\/\/images.ifun.de\/wp-content\/uploads\/2011\/03\/ipad2.jpg 464w, https:\/\/images.ifun.de\/wp-content\/uploads\/2011\/03\/ipad2-300x144.jpg 300w\" sizes=\"auto, (max-width: 464px) 100vw, 464px\" \/><\/p>\n<p>Die Auslieferung ist f\u00fcr die USA ab dem 11. M\u00e4rz vorgesehen, ab dem 25. M\u00e4rz soll das neue iPad auch in Deutschland erh\u00e4tlich sein. Der Ger\u00e4tepreis bleibt unver\u00e4ndert. W\u00e4hrend das neue iPad in den USA bereits \u00fcber den Apple Online-Store verf\u00fcgbar ist, wurde der <a href=\"http:\/\/clk.tradedoubler.com\/click?p=3469&#038;a=747172&#038;g=17982018&#038;url=http:\/\/store.apple.com\/de\/go\/ipad\">deutsche Apple Store<\/a> noch nicht aktualisiert. Wir gehen davon aus, dass sich dies in K\u00fcrze \u00e4ndern.<\/p>\n<p>Apple bietet diverse neue Zubeh\u00f6rprodukte f\u00fcr das neue iPad an. Darunter ein HDMI-Adapter zur Bild\u00fcbertragung auf TV-Ger\u00e4te und sogenannte &#8222;Smart Covers&#8220;, in zehn Farben erh\u00e4ltliche hauchd\u00fcnne H\u00fcllen, die per Magnet auf der iPad-Front gehalten werden.<\/p>\n<p><strong>iOS 4.3 kommt am 11. M\u00e4rz<\/strong><br \/>\nParallel zum Verkaufsstart des neuen iPad in den USA wird Apple iOS 4.3 ver\u00f6ffentlichen. Neben Leistungsoptimierungen bringt die neue Systemversion diverse neue Funktionen und Erweiterungen, darunter die vom Mac bekannte Foto-Software &#8222;Photo Booth&#8220;.<br \/>\nWeiter wird Apple das Videoschnittprogramm iMovie, die Videochat-Software FaceTime und die Musiksoftware Garageband f\u00fcr das iPad ver\u00f6ffentlichen.<\/p>\n","protected":false},"excerpt":{"rendered":"<a href=\"https:\/\/www.ifun.de\/apple-stellt-ipad-2-vor-dunner-schneller-2-kameras-und-in-weis-10143\/\"><img width=\"150\" height=\"150\" src=\"https:\/\/images.ifun.de\/wp-content\/uploads\/2011\/03\/ipad2-150x150.jpg\" class=\"alignright tfe wp-post-image\" alt=\"\" decoding=\"async\" loading=\"lazy\" \/><\/a><p>Apple hat heute das iPad 2 vorgestellt. Das neue Modell kommt komplett \u00fcberarbeitet noch im M\u00e4rz in den Handel. Nur noch zwei Drittel so dick wie das Vorg\u00e4ngermodell kommt das neue iPad mit einem deutlich schnelleren A5-Prozessor und zwei Kameras. Dar\u00fcber hinaus wird das iPad fortan nicht mehr nur in schwarz sondern auch mit wei\u00dfer [&hellip;]<\/p>\n","protected":false},"author":2,"featured_media":10152,"comment_status":"open","ping_status":"closed","sticky":false,"template":"","format":"standard","meta":{"_acf_changed":false,"footnotes":""},"categories":[10],"tags":[4736,4740],"class_list":["post-10143","post","type-post","status-publish","format-standard","has-post-thumbnail","hentry","category-ipad","tag-apple","tag-ipad"],"acf":[],"aioseo_notices":[],"rest_api_enabler":[],"_links":{"self":[{"href":"https:\/\/www.ifun.de\/apiv2\/wp\/v2\/posts\/10143","targetHints":{"allow":["GET"]}}],"collection":[{"href":"https:\/\/www.ifun.de\/apiv2\/wp\/v2\/posts"}],"about":[{"href":"https:\/\/www.ifun.de\/apiv2\/wp\/v2\/types\/post"}],"author":[{"embeddable":true,"href":"https:\/\/www.ifun.de\/apiv2\/wp\/v2\/users\/2"}],"replies":[{"embeddable":true,"href":"https:\/\/www.ifun.de\/apiv2\/wp\/v2\/comments?post=10143"}],"version-history":[{"count":11,"href":"https:\/\/www.ifun.de\/apiv2\/wp\/v2\/posts\/10143\/revisions"}],"predecessor-version":[{"id":10169,"href":"https:\/\/www.ifun.de\/apiv2\/wp\/v2\/posts\/10143\/revisions\/10169"}],"wp:featuredmedia":[{"embeddable":true,"href":"https:\/\/www.ifun.de\/apiv2\/wp\/v2\/media\/10152"}],"wp:attachment":[{"href":"https:\/\/www.ifun.de\/apiv2\/wp\/v2\/media?parent=10143"}],"wp:term":[{"taxonomy":"category","embeddable":true,"href":"https:\/\/www.ifun.de\/apiv2\/wp\/v2\/categories?post=10143"},{"taxonomy":"post_tag","embeddable":true,"href":"https:\/\/www.ifun.de\/apiv2\/wp\/v2\/tags?post=10143"}],"curies":[{"name":"wp","href":"https:\/\/api.w.org\/{rel}","templated":true}]}}