{"id":100967,"date":"2016-11-30T16:20:21","date_gmt":"2016-11-30T15:20:21","guid":{"rendered":"https:\/\/www.ifun.de\/?p=100967"},"modified":"2016-11-30T17:20:28","modified_gmt":"2016-11-30T16:20:28","slug":"macbook-pro-2016-anwender-berichten-ueber-abstuerze-und-einfrieren-bei-backups","status":"publish","type":"post","link":"https:\/\/www.ifun.de\/macbook-pro-2016-anwender-berichten-ueber-abstuerze-und-einfrieren-bei-backups-100967\/","title":{"rendered":"MacBook Pro 2016: Anwender berichten \u00fcber Abst\u00fcrze und Einfrieren bei Backups"},"content":{"rendered":"<p>Anwenderberichten zufolge treten beim Versuch, einen Backup der Daten von einem neuen MacBook Pro 2016 zu erstellen, regelm\u00e4\u00dfig Systemabst\u00fcrze auf. Das Verhalten scheint unabh\u00e4ngig von der verwendeten Backup-Software vorrangig bei der Datensicherung auf eine per Kabel angeschlossene externe Festplatte aufzutreten.<\/p>\n<p><a href=\"https:\/\/images.ifun.de\/wp-content\/uploads\/2014\/10\/backup-ccc.jpg\"><img loading=\"lazy\" decoding=\"async\" src=\"https:\/\/images.ifun.de\/wp-content\/uploads\/2014\/10\/backup-ccc.jpg\" alt=\"backup-ccc\" width=\"500\" height=\"245\" class=\"alignnone size-full wp-image-68187\" srcset=\"https:\/\/images.ifun.de\/wp-content\/uploads\/2014\/10\/backup-ccc.jpg 500w, https:\/\/images.ifun.de\/wp-content\/uploads\/2014\/10\/backup-ccc-300x147.jpg 300w\" sizes=\"auto, (max-width: 500px) 100vw, 500px\" \/><\/a><\/p>\n<p>Im <a href=\"http:\/\/forums.macrumors.com\/threads\/new-mbp-2016-crashing-during-time-machine-backup.2017003\/page-4\">Leserforum<\/a> der US-Kollegen von Mac Rumors findet sich bereits ein l\u00e4ngerer Diskussionsstrang zu diesem Thema. \u00c4hnliche Berichte tauchen auch <a href=\"https:\/\/discussions.apple.com\/thread\/7755714\">Apples Support-Forum<\/a> auf, und mittlerweile sind bei uns vergleichbare Problemberichte auch von deutschen Nutzern eingegangen. Diese haben uns auf Nachfrage auch best\u00e4tigt, dass die Abst\u00fcrze unabh\u00e4ngig davon auftreten, ob ein USB-C-Adapter oder ein Originalkabel benutzt wird. Ebenso scheint es keinen direkten Zusammenhang mit dem Apple-Tool Time Machine zu geben, das Problem tritt den Berichten zufolge auch bei Verwendung von Drittanbieter-Tools wie <a href=\"https:\/\/bombich.com\/de\">Carbon Copy Cloner<\/a> auf.<\/p>\n<p>Konkret lassen sich bislang weder \u00fcber die Ursachen noch \u00fcber zu erfolgsversprechenden L\u00f6sungswegen Aussagen treffen. Erfahrungsberichte und Feedback eurerseits sind in den Kommentaren willkommen.<\/p>\n<p>UPDATE: Der Entwickler von Carbon Copy Cloner hat uns auf Anfrage hin mitgeteilt, dass sein Team den Sachverhalt derzeit untersucht. Momentan scheine es allerdings, als liege hier ein Hardware- oder Treiberfehler vor, den nur Apple beheben k\u00f6nne. Daher sollen betroffene Nutzer entsprechende Fehlerberichte nach M\u00f6glichkeit an Apple weiterleiten &#8211; auch um dort f\u00fcr mehr Aufmerksamkeit in dieser Angelegenheit zu sorgen..<\/p>\n","protected":false},"excerpt":{"rendered":"<a href=\"https:\/\/www.ifun.de\/macbook-pro-2016-anwender-berichten-ueber-abstuerze-und-einfrieren-bei-backups-100967\/\"><img decoding=\"async\" width=\"150\" src=\"https:\/\/images.ifun.de\/wp-content\/uploads\/2014\/10\/backup-ccc.jpg\" class=\"alignright wp-post-image tfe\" alt=\"backup-ccc\" title=\"\" \/><\/a><p>Anwenderberichten zufolge treten beim Versuch, einen Backup der Daten von einem neuen MacBook Pro 2016 zu erstellen, regelm\u00e4\u00dfig Systemabst\u00fcrze auf. Das Verhalten scheint unabh\u00e4ngig von der verwendeten Backup-Software vorrangig bei der Datensicherung auf eine per Kabel angeschlossene externe Festplatte aufzutreten. Im Leserforum der US-Kollegen von Mac Rumors findet sich bereits ein l\u00e4ngerer Diskussionsstrang zu diesem [&hellip;]<\/p>\n","protected":false},"author":2,"featured_media":0,"comment_status":"open","ping_status":"closed","sticky":false,"template":"","format":"standard","meta":{"_acf_changed":false,"footnotes":""},"categories":[16],"tags":[106,224,177,1028],"class_list":["post-100967","post","type-post","status-publish","format-standard","hentry","category-mac","tag-backup","tag-macbook-pro","tag-problem","tag-time-machine"],"acf":[],"aioseo_notices":[],"subheadline":["Time Machine und andere Tools betroffen"],"featured_image":["https:\/\/images.ifun.de\/wp-content\/uploads\/2016\/01\/belkin-usb-c-header.jpg"],"rest_api_enabler":{"subheadline":"Time Machine und andere Tools betroffen","featured_image":"https:\/\/images.ifun.de\/wp-content\/uploads\/2016\/01\/belkin-usb-c-header.jpg"},"_links":{"self":[{"href":"https:\/\/www.ifun.de\/apiv2\/wp\/v2\/posts\/100967","targetHints":{"allow":["GET"]}}],"collection":[{"href":"https:\/\/www.ifun.de\/apiv2\/wp\/v2\/posts"}],"about":[{"href":"https:\/\/www.ifun.de\/apiv2\/wp\/v2\/types\/post"}],"author":[{"embeddable":true,"href":"https:\/\/www.ifun.de\/apiv2\/wp\/v2\/users\/2"}],"replies":[{"embeddable":true,"href":"https:\/\/www.ifun.de\/apiv2\/wp\/v2\/comments?post=100967"}],"version-history":[{"count":5,"href":"https:\/\/www.ifun.de\/apiv2\/wp\/v2\/posts\/100967\/revisions"}],"predecessor-version":[{"id":100974,"href":"https:\/\/www.ifun.de\/apiv2\/wp\/v2\/posts\/100967\/revisions\/100974"}],"wp:attachment":[{"href":"https:\/\/www.ifun.de\/apiv2\/wp\/v2\/media?parent=100967"}],"wp:term":[{"taxonomy":"category","embeddable":true,"href":"https:\/\/www.ifun.de\/apiv2\/wp\/v2\/categories?post=100967"},{"taxonomy":"post_tag","embeddable":true,"href":"https:\/\/www.ifun.de\/apiv2\/wp\/v2\/tags?post=100967"}],"curies":[{"name":"wp","href":"https:\/\/api.w.org\/{rel}","templated":true}]}}