{"id":100468,"date":"2016-12-01T17:20:20","date_gmt":"2016-12-01T16:20:20","guid":{"rendered":"http:\/\/www.ifun.de\/?p=100468"},"modified":"2016-12-01T17:25:24","modified_gmt":"2016-12-01T16:25:24","slug":"bootcamp-treiber-update-soll-sound-probleme-beheben","status":"publish","type":"post","link":"https:\/\/www.ifun.de\/bootcamp-treiber-update-soll-sound-probleme-beheben-100468\/","title":{"rendered":"Bootcamp-Treiber: Update soll Sound-Probleme beheben"},"content":{"rendered":"<p><strong>Update vom 1. Dezember<\/strong>: \u00dcber den Apple-Software-Updater auf Windows-Systemen verteilt Cupertino <a href=\"http:\/\/appleinsider.com\/articles\/16\/11\/30\/apple-updates-boot-camp-audio-driver-that-was-causing-blown-macbook-pro-speakers\">jetzt<\/a> eine fehlerbehebende Version der Boot Camp-Treiber und adressiert die beobachteten Sound-Probleme, die zum Defekt der im MacBook Pro  verbauten Lautsprecher f\u00fchren konnten. Anwender die Boot Camp nicht nutzen und Windows nur in Virtualisierungsl\u00f6sungen wie Parallels genutzt haben, sind von dem Problem nicht betroffen. <\/p>\n<p><a href=\"https:\/\/images.ifun.de\/wp-content\/uploads\/2016\/11\/macbook-speaker.jpg\"><img loading=\"lazy\" decoding=\"async\" src=\"https:\/\/images.ifun.de\/wp-content\/uploads\/2016\/11\/macbook-speaker.jpg\" alt=\"Macbook Speaker\" width=\"500\" height=\"202\" class=\"aligncenter size-full wp-image-101032\" srcset=\"https:\/\/images.ifun.de\/wp-content\/uploads\/2016\/11\/macbook-speaker.jpg 500w, https:\/\/images.ifun.de\/wp-content\/uploads\/2016\/11\/macbook-speaker-300x121.jpg 300w\" sizes=\"auto, (max-width: 500px) 100vw, 500px\" \/><\/a><\/p>\n<p><strong>Original-Eintrag vom 21. November<\/strong>: Wenn die hiesigen Paket-Dienstleister am Dienstag damit beginnen, die neuen MacBook Pro-Modelle in der Republik zu verteilen, dann solltet ihr euch mit der vielleicht geplanten Windows-Installation noch etwas Zeit lassen. Wie zahlreiche Anwender berichten, kann es w\u00e4hrend der Installation der ben\u00f6tigten <a href=\"https:\/\/www.apple.com\/support\/bootcamp\/\">Bootcamp-Treiber<\/a> zu Problemen mit den Lautsprechern der neuen Apple Laptops kommen. <\/p>\n<p>So berichten amerikanische Anwender, die ihre neuen MacBooks mit einer zus\u00e4tzlichen Windows-Partition ausstatten wollten, \u00fcber pl\u00f6tzliche Aussetzer des Soundsystems. Nach einem kurzen aber lauten &#8222;Knacken&#8220; in den Speakern, verabschiedet sich die Audio-Wiedergabe auch unter macOS weitgehend. <\/p>\n<p>Ein Nutzer der Online-Community Reddit <a href=\"https:\/\/www.reddit.com\/r\/apple\/comments\/5e1g37\/warning_bootcamp_driver_causing_blown_speakers_in\/\">schreibt<\/a>: <\/p>\n<blockquote><p>Die meisten Leute h\u00f6ren unter Windows einen lauten &#8222;Pop&#8220; &#8211; so ist es auch mit ergangenen, obwohl meine Lautsprecher stumm geschaltet waren. Dies f\u00fchrte dazu, dass beide Lautsprecher durchgebrannt sind. Ich gehe morgen zur Genius Bar und werde berichten, was mir dort erz\u00e4hlt wurde. Seid vorsichtig, wenn ihr Bootcamp installiert!<\/p><\/blockquote>\n<p>Und auch in amerikanischen Online-Foren wird das Problem <a href=\"http:\/\/forums.macrumors.com\/threads\/15-2016-mbp-speaker-crackling.2015467\/\">diskutiert<\/a>:<\/p>\n<blockquote><p>Ich habe exakt das gleiche Problem. Ich habe Bootcamp genutzt um Windows zu installieren und der rechte Lautsprecher hat angefangen knackende T\u00f6ne auszugeben! Es hat sich angeh\u00f6rt, als ob im Speaker etwas kaputt gegangen ist. Jedes Mal, wenn ich Windows starte f\u00e4ngt einer der beiden Speaker an einen knackenden Ton zu produzieren. Ich muss das MacBook jetzt zur\u00fcckgeben. Inzwischen k\u00f6nnen beide Speaker nur noch mit 50% ihrer initialen Lautst\u00e4rke aufwarten.<\/p><\/blockquote>\n<p><div class=\"responsive-video\"><iframe loading=\"lazy\" width=\"700\" height=\"371\" src=\"https:\/\/www.youtube-nocookie.com\/embed\/zd_6AZINqMU\" frameborder=\"0\" allowfullscreen><\/iframe><\/div><\/p>\n","protected":false},"excerpt":{"rendered":"<a href=\"https:\/\/www.ifun.de\/bootcamp-treiber-update-soll-sound-probleme-beheben-100468\/\"><img width=\"150\" height=\"150\" src=\"https:\/\/images.ifun.de\/wp-content\/uploads\/2016\/11\/bootcamp-500-150x150.gif\" class=\"alignright tfe wp-post-image\" alt=\"Bootcamp 500\" decoding=\"async\" loading=\"lazy\" \/><\/a><p>Update vom 1. Dezember: \u00dcber den Apple-Software-Updater auf Windows-Systemen verteilt Cupertino jetzt eine fehlerbehebende Version der Boot Camp-Treiber und adressiert die beobachteten Sound-Probleme, die zum Defekt der im MacBook Pro verbauten Lautsprecher f\u00fchren konnten. Anwender die Boot Camp nicht nutzen und Windows nur in Virtualisierungsl\u00f6sungen wie Parallels genutzt haben, sind von dem Problem nicht betroffen. [&hellip;]<\/p>\n","protected":false},"author":1,"featured_media":100471,"comment_status":"open","ping_status":"closed","sticky":false,"template":"","format":"standard","meta":{"_acf_changed":false,"footnotes":""},"categories":[1],"tags":[],"class_list":["post-100468","post","type-post","status-publish","format-standard","has-post-thumbnail","hentry","category-news"],"acf":[],"aioseo_notices":[],"featured_image":["https:\/\/images.ifun.de\/wp-content\/uploads\/2016\/11\/bootcamp.gif"],"subheadline":["Lautsprecher-Kurzschluss"],"rest_api_enabler":{"featured_image":"https:\/\/images.ifun.de\/wp-content\/uploads\/2016\/11\/bootcamp.gif","subheadline":"Lautsprecher-Kurzschluss"},"_links":{"self":[{"href":"https:\/\/www.ifun.de\/apiv2\/wp\/v2\/posts\/100468","targetHints":{"allow":["GET"]}}],"collection":[{"href":"https:\/\/www.ifun.de\/apiv2\/wp\/v2\/posts"}],"about":[{"href":"https:\/\/www.ifun.de\/apiv2\/wp\/v2\/types\/post"}],"author":[{"embeddable":true,"href":"https:\/\/www.ifun.de\/apiv2\/wp\/v2\/users\/1"}],"replies":[{"embeddable":true,"href":"https:\/\/www.ifun.de\/apiv2\/wp\/v2\/comments?post=100468"}],"version-history":[{"count":6,"href":"https:\/\/www.ifun.de\/apiv2\/wp\/v2\/posts\/100468\/revisions"}],"predecessor-version":[{"id":101035,"href":"https:\/\/www.ifun.de\/apiv2\/wp\/v2\/posts\/100468\/revisions\/101035"}],"wp:featuredmedia":[{"embeddable":true,"href":"https:\/\/www.ifun.de\/apiv2\/wp\/v2\/media\/100471"}],"wp:attachment":[{"href":"https:\/\/www.ifun.de\/apiv2\/wp\/v2\/media?parent=100468"}],"wp:term":[{"taxonomy":"category","embeddable":true,"href":"https:\/\/www.ifun.de\/apiv2\/wp\/v2\/categories?post=100468"},{"taxonomy":"post_tag","embeddable":true,"href":"https:\/\/www.ifun.de\/apiv2\/wp\/v2\/tags?post=100468"}],"curies":[{"name":"wp","href":"https:\/\/api.w.org\/{rel}","templated":true}]}}