{"id":100376,"date":"2016-11-18T13:38:34","date_gmt":"2016-11-18T12:38:34","guid":{"rendered":"http:\/\/www.ifun.de\/?p=100376"},"modified":"2016-11-18T13:40:58","modified_gmt":"2016-11-18T12:40:58","slug":"60hz-per-hdmi-2-0-4k-monitore-am-macboook-pro-2016","status":"publish","type":"post","link":"https:\/\/www.ifun.de\/60hz-per-hdmi-2-0-4k-monitore-am-macboook-pro-2016-100376\/","title":{"rendered":"60Hz per HDMI 2.0: 4K-Monitore am MacBoook Pro 2016"},"content":{"rendered":"<p>P\u00fcnktlich zum Lieferstart der neuen MacBoook Pro-Modelle hat Apple seinen Hilfe-Artikel <a href=\"https:\/\/support.apple.com\/en-us\/HT206587\">#HT206587<\/a> \u00fcberarbeitet und geht unter der \u00dcberschrift &#8222;4K-Monitore und Ultra HD-Fernsehger\u00e4te mit Mac-Computern verwenden&#8220; nun auch auf die 2016er-Ger\u00e4te ein.<\/p>\n<p><a href=\"https:\/\/images.ifun.de\/wp-content\/uploads\/2016\/11\/retina.gif\"><img loading=\"lazy\" decoding=\"async\" class=\"aligncenter size-full wp-image-100378\" src=\"https:\/\/images.ifun.de\/wp-content\/uploads\/2016\/11\/retina.gif\" alt=\"Retina\" width=\"500\" height=\"301\" \/><\/a><\/p>\n<p>Spannend ist vor allem der leicht vergr\u00f6\u00dferte HDMI-Abschnitt. Hier informiert das Unternehmen \u00fcber die unterst\u00fctzen Aufl\u00f6sungen und Bildwiederholraten. Demnach unterst\u00fctzt das neue MacBook Pro (Late 2016) in Kombination mit HDMI 1.4b und dem <a href=\"http:\/\/ifun.de\/applestore\/http:\/\/store.apple.com\/de\/go\/product\/MJ1K2\">USB-C-Digital-AV-Multiport-Adapter<\/a> die folgenden Modi:<\/p>\n<ul>\n<li>3840 x 2160 bei einer Bildwiederholrate von 30 Hz<\/li>\n<li>4096 x 2160 bei einer Bildwiederholrate von 24 Hz<\/li>\n<\/ul>\n<p>Die Bildschirm-Synchronisierung wird bei einer Aufl\u00f6sung von 4096 x 2160 allerdings nicht unterst\u00fctzt.<\/p>\n<h2>60Hz per HDMI 2.0<\/h2>\n<p>Zudem k\u00f6nnen das MacBook Retina, das 12-Zoll MacBook und das neue MacBook Pro (Late 2016) Bildwiederholraten von 60Hz erreichen, wenn ein HDMI 2.0-Display, ein zertifiziertes <a rel=\"noindex, nofollow\" href=\"http:\/\/www.ifun.de\/amzn\/B014I8SSD0\">HDMI-Kabel<\/a> und ein unterst\u00fctzter <a href=\"http:\/\/amzn.to\/2f79Dsg\">USB-C zu HDMI 2.0<\/a> Adapter zum Einsatz kommen.<\/p>\n<h2>LGs UltraFine Displays<\/h2>\n<p>Solltet ihr im Markt f\u00fcr die von Apple <a href=\"http:\/\/www.ifun.de\/apple-kooperiert-mit-lg-neue-bildschirme-mit-thunderbolt-und-usb-c-anschluss-99434\/\">angebotenen LG-Displays<\/a> sein, dann pr\u00fcft zudem den UltraFine-Abschnitt im \u00fcberarbeiteten Hilfe-Artikel. Hier geht Apple auf die Kompatibilit\u00e4t der Monitore ein und macht darauf aufmerksam, dass sich das 5K-Display nur in Kombination mit den 2016er-Modellen einsetzen l\u00e4sst.<\/p>\n<p>Der <a href=\"http:\/\/ifun.de\/applestore\/http:\/\/store.apple.com\/de\/go\/product\/HKMY2\">LG UltraFine 4K Monitor<\/a> wird von folgenden Macs per &#8222;DisplayPort Alt-Mode \u00fcber USB-C&#8220; unterst\u00fctzt:<\/p>\n<ul>\n<li>MacBook Pro (15-inch, Late 2016)<\/li>\n<li>MacBook Pro (13-inch, Late 2016, Vier Thunderbolt 3 Ports)<\/li>\n<li>MacBook Pro (13-inch, Late 2016, Zwei Thunderbolt 3 Ports)<\/li>\n<li>MacBook (Retina, 12-inch, Early 2015) und neuer<\/li>\n<\/ul>\n<p>Der <a href=\"http:\/\/ifun.de\/applestore\/http:\/\/store.apple.com\/de\/go\/product\/HKN62\">LG UltraFine 5K Monitor<\/a> wird von folgenden Macs per Thunderbolt 3 unterst\u00fctzt:<\/p>\n<ul>\n<li>MacBook Pro (15-inch, Late 2016)<\/li>\n<li>MacBook Pro (13-inch, Late 2016, Vier Thunderbolt 3 Ports)<\/li>\n<li>MacBook Pro (13-inch, Late 2016, Zwei Thunderbolt 3 Ports)<\/li>\n<\/ul>\n","protected":false},"excerpt":{"rendered":"<a href=\"https:\/\/www.ifun.de\/60hz-per-hdmi-2-0-4k-monitore-am-macboook-pro-2016-100376\/\"><img width=\"150\" height=\"150\" src=\"https:\/\/images.ifun.de\/wp-content\/uploads\/2016\/11\/retina-150x150.gif\" class=\"alignright tfe wp-post-image\" alt=\"Retina\" decoding=\"async\" loading=\"lazy\" \/><\/a><p>P\u00fcnktlich zum Lieferstart der neuen MacBoook Pro-Modelle hat Apple seinen Hilfe-Artikel #HT206587 \u00fcberarbeitet und geht unter der \u00dcberschrift &#8222;4K-Monitore und Ultra HD-Fernsehger\u00e4te mit Mac-Computern verwenden&#8220; nun auch auf die 2016er-Ger\u00e4te ein. Spannend ist vor allem der leicht vergr\u00f6\u00dferte HDMI-Abschnitt. Hier informiert das Unternehmen \u00fcber die unterst\u00fctzen Aufl\u00f6sungen und Bildwiederholraten. Demnach unterst\u00fctzt das neue MacBook Pro [&hellip;]<\/p>\n","protected":false},"author":1,"featured_media":100378,"comment_status":"open","ping_status":"closed","sticky":false,"template":"","format":"standard","meta":{"_acf_changed":false,"footnotes":""},"categories":[1],"tags":[4736,311,224,765],"class_list":["post-100376","post","type-post","status-publish","format-standard","has-post-thumbnail","hentry","category-news","tag-apple","tag-hdmi","tag-macbook-pro","tag-monitor"],"acf":[],"aioseo_notices":[],"subheadline":["Apple erkl\u00e4rt"],"featured_image":["https:\/\/images.ifun.de\/wp-content\/uploads\/2016\/01\/belkin-usb-c-header.jpg"],"rest_api_enabler":{"subheadline":"Apple erkl\u00e4rt","featured_image":"https:\/\/images.ifun.de\/wp-content\/uploads\/2016\/01\/belkin-usb-c-header.jpg"},"_links":{"self":[{"href":"https:\/\/www.ifun.de\/apiv2\/wp\/v2\/posts\/100376","targetHints":{"allow":["GET"]}}],"collection":[{"href":"https:\/\/www.ifun.de\/apiv2\/wp\/v2\/posts"}],"about":[{"href":"https:\/\/www.ifun.de\/apiv2\/wp\/v2\/types\/post"}],"author":[{"embeddable":true,"href":"https:\/\/www.ifun.de\/apiv2\/wp\/v2\/users\/1"}],"replies":[{"embeddable":true,"href":"https:\/\/www.ifun.de\/apiv2\/wp\/v2\/comments?post=100376"}],"version-history":[{"count":3,"href":"https:\/\/www.ifun.de\/apiv2\/wp\/v2\/posts\/100376\/revisions"}],"predecessor-version":[{"id":100380,"href":"https:\/\/www.ifun.de\/apiv2\/wp\/v2\/posts\/100376\/revisions\/100380"}],"wp:featuredmedia":[{"embeddable":true,"href":"https:\/\/www.ifun.de\/apiv2\/wp\/v2\/media\/100378"}],"wp:attachment":[{"href":"https:\/\/www.ifun.de\/apiv2\/wp\/v2\/media?parent=100376"}],"wp:term":[{"taxonomy":"category","embeddable":true,"href":"https:\/\/www.ifun.de\/apiv2\/wp\/v2\/categories?post=100376"},{"taxonomy":"post_tag","embeddable":true,"href":"https:\/\/www.ifun.de\/apiv2\/wp\/v2\/tags?post=100376"}],"curies":[{"name":"wp","href":"https:\/\/api.w.org\/{rel}","templated":true}]}}