{"id":100358,"date":"2016-11-18T09:46:06","date_gmt":"2016-11-18T08:46:06","guid":{"rendered":"http:\/\/www.ifun.de\/?p=100358"},"modified":"2016-11-18T09:46:34","modified_gmt":"2016-11-18T08:46:34","slug":"iqunix-edin-universelles-macbook-dock-fuer-den-monitorbetrieb","status":"publish","type":"post","link":"https:\/\/www.ifun.de\/iqunix-edin-universelles-macbook-dock-fuer-den-monitorbetrieb-100358\/","title":{"rendered":"iQunix Edin: Universelles MacBook-Dock f\u00fcr den Monitorbetrieb"},"content":{"rendered":"<p>W\u00e4hrend wir <a href=\"http:\/\/www.ifun.de\/27ud88-monitor-alternative-zu-apples-lg-display-100086\/\">noch immer<\/a> nach einem passenden Monitor f\u00fcr die neuen MacBook Pro-Modelle Ausschau halten &#8211; vielen Dank f\u00fcr eure E-Mail-Hinweise zum Thema &#8211; wird in kommenden Tagen wohl auch das bislang von uns <a href=\"http:\/\/www.ifun.de\/henge-dock-fuer-macbook-pro-retina-kaufen-61618\/\">eingesetzte Henge Dock<\/a> ersetzt werden m\u00fcssen. <\/p>\n<p><a href=\"https:\/\/images.ifun.de\/wp-content\/uploads\/2016\/11\/klemme.jpg\"><img loading=\"lazy\" decoding=\"async\" src=\"https:\/\/images.ifun.de\/wp-content\/uploads\/2016\/11\/klemme.jpg\" alt=\"Klemme\" width=\"500\" height=\"281\" class=\"aligncenter size-full wp-image-100359\" srcset=\"https:\/\/images.ifun.de\/wp-content\/uploads\/2016\/11\/klemme.jpg 500w, https:\/\/images.ifun.de\/wp-content\/uploads\/2016\/11\/klemme-300x169.jpg 300w\" sizes=\"auto, (max-width: 500px) 100vw, 500px\" \/><\/a><\/p>\n<p>Auf der Suche nach geeigneten Kandidaten &#8211; Henge bietet derzeit noch keine Modelle f\u00fcr Apples neue Rechner an &#8211; sind wir auf den <a rel=\"noindex, nofollow\" href=\"http:\/\/www.ifun.de\/amzn\/B018G8E6BG\">iQunix Edin<\/a> aufmerksam geworden. <\/p>\n<p>Mit seinem Verkaufspreis von 47 Euro etwas g\u00fcnstiger als der <a href=\"http:\/\/www.ifun.de\/bookarc-von-twelve-south-macbook-im-clamshell-modus-stilvoll-weggeraeumt-82761\/\">BookArc von Twelve South<\/a> und deutlich flexibler als die Low-Budget-Modelle von <a rel=\"noindex, nofollow\" href=\"http:\/\/www.ifun.de\/amzn\/B01M2ZNI60\">CoJoie<\/a>, setzt das iQunix Edin auf einen Klemm-Mechanismus und nimmt das MacBook nicht vertikal sondern im Querformat auf. <\/p>\n<p>Der Alu-St\u00e4nder nimmt Rechner mit Breiten zwischen 1 und 3 Zentimeter auf (das neuen MacBook Pro misst 1.49 cm) und setzt auf einen rutschfesten Gummifu\u00df. Wir haben uns gerade ein Modell geordert und melden uns in den kommenden Tagen mit einem kurzen Daumen hoch\/runter Update zum St\u00e4nder.<\/p>\n<script>\r\n  function open_amazon(link) {\r\n    if (navigator.userAgent.indexOf(\"Firefox\") != -1) {\r\n      window.open(link, '_blank');\r\n    } else {\r\n      var tag = document.createElement('a');\r\n      tag.setAttribute('href', link);\r\n      tag.innerHTML = \"amzn\";\r\n      tag.click();\r\n    }\r\n  }\r\n<\/script>\r\n    <div id=\"article-single-amazon-preview\" onclick=\"return open_amazon('https:\/\/www.amazon.de\/dp\/B018G8E6BG?tag=musicweb02&linkCode=ogi&th=1&psc=1');\">\n  <div id=\"article-single-amazon-preview-header\">\n    <span class=\"title\">Produkthinweis<\/span>\n      <\/div>\n  <div id=\"article-single-amazon-preview-content\">\n    <div id=\"article-single-amazon-preview-img\" style=\"background: url('https:\/\/m.media-amazon.com\/images\/I\/316gQHtIt6L.jpg') center center no-repeat; background-size: cover;\"><\/div>\n    <div id=\"article-single-amazon-preview-desc\">\n      <span class=\"bezeichnung\"><a href=\"https:\/\/www.amazon.de\/dp\/B018G8E6BG?tag=musicweb02&linkCode=ogi&th=1&psc=1\" style=\"text-decoration: none; border-bottom: 0px; box-shadow: none;\">iQunix Edin for Macbook Pro\/Air ,Vertical Desktop Aluminium Adjustable Stand<\/a><\/span>\n      <span class=\"preis--aktuell\"><\/span>\n      <span class=\"preis--alt\"><\/span>\n    <\/div>\n  <\/div>\n<\/div>\n<p><div class=\"responsive-video\"><iframe loading=\"lazy\" width=\"700\" height=\"371\" src=\"https:\/\/www.youtube-nocookie.com\/embed\/XsNc1sIGYYg?start=9\" frameborder=\"0\" allowfullscreen><\/iframe><\/div><\/p>\n","protected":false},"excerpt":{"rendered":"<a href=\"https:\/\/www.ifun.de\/iqunix-edin-universelles-macbook-dock-fuer-den-monitorbetrieb-100358\/\"><img width=\"150\" height=\"150\" src=\"https:\/\/images.ifun.de\/wp-content\/uploads\/2016\/11\/alu-dock-150x150.jpg\" class=\"alignright tfe wp-post-image\" alt=\"Alu Dock\" decoding=\"async\" loading=\"lazy\" \/><\/a><p>W\u00e4hrend wir noch immer nach einem passenden Monitor f\u00fcr die neuen MacBook Pro-Modelle Ausschau halten &#8211; vielen Dank f\u00fcr eure E-Mail-Hinweise zum Thema &#8211; wird in kommenden Tagen wohl auch das bislang von uns eingesetzte Henge Dock ersetzt werden m\u00fcssen. Auf der Suche nach geeigneten Kandidaten &#8211; Henge bietet derzeit noch keine Modelle f\u00fcr Apples [&hellip;]<\/p>\n","protected":false},"author":1,"featured_media":100360,"comment_status":"open","ping_status":"closed","sticky":false,"template":"","format":"standard","meta":{"_acf_changed":false,"footnotes":""},"categories":[22],"tags":[35,224,6325],"class_list":["post-100358","post","type-post","status-publish","format-standard","has-post-thumbnail","hentry","category-zubehor","tag-dock","tag-macbook-pro","tag-zubehor"],"acf":[],"aioseo_notices":[],"featured_image":["https:\/\/images.ifun.de\/wp-content\/uploads\/2016\/11\/alu-dock.jpg"],"subheadline":["1cm bis 3cm Steckbreite"],"rest_api_enabler":{"featured_image":"https:\/\/images.ifun.de\/wp-content\/uploads\/2016\/11\/alu-dock.jpg","subheadline":"1cm bis 3cm Steckbreite"},"_links":{"self":[{"href":"https:\/\/www.ifun.de\/apiv2\/wp\/v2\/posts\/100358","targetHints":{"allow":["GET"]}}],"collection":[{"href":"https:\/\/www.ifun.de\/apiv2\/wp\/v2\/posts"}],"about":[{"href":"https:\/\/www.ifun.de\/apiv2\/wp\/v2\/types\/post"}],"author":[{"embeddable":true,"href":"https:\/\/www.ifun.de\/apiv2\/wp\/v2\/users\/1"}],"replies":[{"embeddable":true,"href":"https:\/\/www.ifun.de\/apiv2\/wp\/v2\/comments?post=100358"}],"version-history":[{"count":2,"href":"https:\/\/www.ifun.de\/apiv2\/wp\/v2\/posts\/100358\/revisions"}],"predecessor-version":[{"id":100362,"href":"https:\/\/www.ifun.de\/apiv2\/wp\/v2\/posts\/100358\/revisions\/100362"}],"wp:featuredmedia":[{"embeddable":true,"href":"https:\/\/www.ifun.de\/apiv2\/wp\/v2\/media\/100360"}],"wp:attachment":[{"href":"https:\/\/www.ifun.de\/apiv2\/wp\/v2\/media?parent=100358"}],"wp:term":[{"taxonomy":"category","embeddable":true,"href":"https:\/\/www.ifun.de\/apiv2\/wp\/v2\/categories?post=100358"},{"taxonomy":"post_tag","embeddable":true,"href":"https:\/\/www.ifun.de\/apiv2\/wp\/v2\/tags?post=100358"}],"curies":[{"name":"wp","href":"https:\/\/api.w.org\/{rel}","templated":true}]}}